{"id":3587,"date":"2017-05-04T10:11:45","date_gmt":"2017-05-04T09:11:45","guid":{"rendered":"http:\/\/ostrowska.tv\/?p=3587"},"modified":"2017-05-04T10:13:56","modified_gmt":"2017-05-04T09:13:56","slug":"wypadek-smiertelny-na-trasie-ostrow-kalisz-zginal-kierowca-peugeota","status":"publish","type":"post","link":"https:\/\/ostrowskatv.pl\/?p=3587","title":{"rendered":"Wypadek \u015bmiertelny na trasie Ostr\u00f3w-Kalisz. Zgin\u0105\u0142 kierowca Peugeota"},"content":{"rendered":"<p><strong>W czwartek o godzinie 10:00 dosz\u0142o do powa\u017cnego wypadku na drodze krajowej nr 25. Na odcinku pomi\u0119dzy Ostrowem Wlkp., a Kaliszem zderzy\u0142y si\u0119 dwa samochody osobowe. Do wypadku dosz\u0142o na granicy miejscowo\u015bci Czekan\u00f3w i Fabian\u00f3w.<\/strong><\/p>\n<p>Najprawdopodobniej kierowca z Peugeota 206 wyprzedzaj\u0105c inny samoch\u00f3d wpad\u0142 w po\u015blizg i ostatecznie zosta\u0142 uderzony w prawy ty\u0142 przez Hyundaia. G\u0142owa wraz z cia\u0142em kierowcy z Peugeota w wyniku olbrzymiej si\u0142y uderzenia znalaz\u0142a si\u0119 przy tylnych prawych drzwiach. M\u0119\u017cczyzna by\u0142 ca\u0142y zakrwawiony. Zosta\u0142 wyci\u0105gni\u0119ty na zewn\u0105trz pojazdu przez osoby trzecie. Gdy dojechali najpierw stra\u017cacy z Ostrowa Wlkp., poszkodowany mia\u0142 zakrwawion\u0105 ca\u0142\u0105 twarz.<\/p>\n<p>Wed\u0142ug \u015bwiadk\u00f3w, krew s\u0105czy\u0142a si\u0119 r\u00f3wnie\u017c z uszu. Po chwili podj\u0119to reanimacj\u0119. Ta nie przynios\u0142a pozytywnych rezultat\u00f3w i lekarz z pogotowia stwierdzi\u0142a zgon m\u0119\u017cczyzny. Samochody by\u0142y zarejestrowane w powiecie ostrowskim, z czego Hyundai by\u0142 w leasing i porusza\u0142 si\u0119 nim pracownik jednej z okolicznych firm. Kierowca Hyundaia dozna\u0142 niegro\u017anych obra\u017ce\u0144.<\/p>\n<div id='gallery-1' class='gallery galleryid-3587 gallery-columns-3 gallery-size-thumbnail'><figure class='gallery-item'>\n\t\t\t<div class='gallery-icon landscape'>\n\t\t\t\t<a href='https:\/\/ostrowskatv.pl\/?attachment_id=3588'><img loading=\"lazy\" decoding=\"async\" width=\"150\" height=\"150\" src=\"https:\/\/ostrowskatv.pl\/wp-content\/uploads\/2017\/05\/20170504_103110www-150x150.jpg\" class=\"attachment-thumbnail size-thumbnail\" alt=\"\" \/><\/a>\n\t\t\t<\/div><\/figure><figure class='gallery-item'>\n\t\t\t<div class='gallery-icon landscape'>\n\t\t\t\t<a href='https:\/\/ostrowskatv.pl\/?attachment_id=3589'><img loading=\"lazy\" decoding=\"async\" width=\"150\" height=\"150\" src=\"https:\/\/ostrowskatv.pl\/wp-content\/uploads\/2017\/05\/20170504_103108www-150x150.jpg\" class=\"attachment-thumbnail size-thumbnail\" alt=\"\" \/><\/a>\n\t\t\t<\/div><\/figure><figure class='gallery-item'>\n\t\t\t<div class='gallery-icon landscape'>\n\t\t\t\t<a href='https:\/\/ostrowskatv.pl\/?attachment_id=3590'><img loading=\"lazy\" decoding=\"async\" width=\"150\" height=\"150\" src=\"https:\/\/ostrowskatv.pl\/wp-content\/uploads\/2017\/05\/20170504_102224www-150x150.jpg\" class=\"attachment-thumbnail size-thumbnail\" alt=\"\" \/><\/a>\n\t\t\t<\/div><\/figure><figure class='gallery-item'>\n\t\t\t<div class='gallery-icon portrait'>\n\t\t\t\t<a href='https:\/\/ostrowskatv.pl\/?attachment_id=3591'><img loading=\"lazy\" decoding=\"async\" width=\"150\" height=\"150\" src=\"https:\/\/ostrowskatv.pl\/wp-content\/uploads\/2017\/05\/20170504_102040www-150x150.jpg\" class=\"attachment-thumbnail size-thumbnail\" alt=\"\" \/><\/a>\n\t\t\t<\/div><\/figure><figure class='gallery-item'>\n\t\t\t<div class='gallery-icon landscape'>\n\t\t\t\t<a href='https:\/\/ostrowskatv.pl\/?attachment_id=3592'><img loading=\"lazy\" decoding=\"async\" width=\"150\" height=\"150\" src=\"https:\/\/ostrowskatv.pl\/wp-content\/uploads\/2017\/05\/20170504_101702www-150x150.jpg\" class=\"attachment-thumbnail size-thumbnail\" alt=\"\" \/><\/a>\n\t\t\t<\/div><\/figure><figure class='gallery-item'>\n\t\t\t<div class='gallery-icon landscape'>\n\t\t\t\t<a href='https:\/\/ostrowskatv.pl\/?attachment_id=3593'><img loading=\"lazy\" decoding=\"async\" width=\"150\" height=\"150\" src=\"https:\/\/ostrowskatv.pl\/wp-content\/uploads\/2017\/05\/20170504_101700www-150x150.jpg\" class=\"attachment-thumbnail size-thumbnail\" alt=\"\" \/><\/a>\n\t\t\t<\/div><\/figure>\n\t\t<\/div>\n\n","protected":false},"excerpt":{"rendered":"W czwartek o godzinie 10:00 dosz\u0142o do powa\u017cnego wypadku na drodze krajowej nr 25. Na odcinku pomi\u0119dzy Ostrowem Wlkp., a Kaliszem zderzy\u0142y si\u0119 \n<a class=\"moretag\" href=\"https:\/\/ostrowskatv.pl\/?p=3587\"> [...]<\/a>","protected":false},"author":1,"featured_media":3593,"comment_status":"open","ping_status":"open","sticky":false,"template":"","format":"standard","meta":{"footnotes":""},"categories":[1],"tags":[98,106],"class_list":["post-3587","post","type-post","status-publish","format-standard","has-post-thumbnail","hentry","category-news","tag-czekanow","tag-fabianow"],"_links":{"self":[{"href":"https:\/\/ostrowskatv.pl\/index.php?rest_route=\/wp\/v2\/posts\/3587","targetHints":{"allow":["GET"]}}],"collection":[{"href":"https:\/\/ostrowskatv.pl\/index.php?rest_route=\/wp\/v2\/posts"}],"about":[{"href":"https:\/\/ostrowskatv.pl\/index.php?rest_route=\/wp\/v2\/types\/post"}],"author":[{"embeddable":true,"href":"https:\/\/ostrowskatv.pl\/index.php?rest_route=\/wp\/v2\/users\/1"}],"replies":[{"embeddable":true,"href":"https:\/\/ostrowskatv.pl\/index.php?rest_route=%2Fwp%2Fv2%2Fcomments&post=3587"}],"version-history":[{"count":0,"href":"https:\/\/ostrowskatv.pl\/index.php?rest_route=\/wp\/v2\/posts\/3587\/revisions"}],"wp:featuredmedia":[{"embeddable":true,"href":"https:\/\/ostrowskatv.pl\/index.php?rest_route=\/wp\/v2\/media\/3593"}],"wp:attachment":[{"href":"https:\/\/ostrowskatv.pl\/index.php?rest_route=%2Fwp%2Fv2%2Fmedia&parent=3587"}],"wp:term":[{"taxonomy":"category","embeddable":true,"href":"https:\/\/ostrowskatv.pl\/index.php?rest_route=%2Fwp%2Fv2%2Fcategories&post=3587"},{"taxonomy":"post_tag","embeddable":true,"href":"https:\/\/ostrowskatv.pl\/index.php?rest_route=%2Fwp%2Fv2%2Ftags&post=3587"}],"curies":[{"name":"wp","href":"https:\/\/api.w.org\/{rel}","templated":true}]}}