{"id":3584,"date":"2017-05-04T08:08:40","date_gmt":"2017-05-04T07:08:40","guid":{"rendered":"http:\/\/ostrowska.tv\/?p=3584"},"modified":"2017-05-04T08:08:40","modified_gmt":"2017-05-04T07:08:40","slug":"trzy-nowe-osoby-z-zoltaczka-m-in-5-letnie-dziecko","status":"publish","type":"post","link":"https:\/\/ostrowskatv.pl\/?p=3584","title":{"rendered":"Trzy nowe osoby z \u017c\u00f3\u0142taczk\u0105 (m.in. 5-letnie dziecko)"},"content":{"rendered":"<p><strong>W dniach 2-3 maja do ostrowskiego szpitala zg\u0142osi\u0142y si\u0119 trzy nowe osoby z objawami \u017c\u00f3\u0142taczki. Badania potwierdzi\u0142y obecno\u015b\u0107 \u017b\u00f3\u0142taczki typu A. Jest to dw\u00f3ch m\u0119\u017cczyzn oraz 5-letnie dziecko. Z wywiad\u00f3w przeprowadzonych z chorymi wynika, \u017ce konsumowali oni jedzenie m.in. w lokalach kojarzonych z\u00a0 pierwszymi przypadkami zaka\u017ce\u0144. Obecnie licznik chorych wskazuje 22 osoby. 7 obecnie jest hospitalizowanych.<\/strong><\/p>\n<p>W\u015br\u00f3d rodzic\u00f3w zapanowa\u0142 strach, poniewa\u017c 5-latek chodzi\u0142 do jednego z ostrowskich przedszkoli. Dyrektor ostrowskiego Sanepidu stwierdzi\u0142, \u017ce nie udzieli informacji nt. konkretnej plac\u00f3wki. Powodem jest ch\u0119\u0107 nie wzbudzania wi\u0119kszego niepokoju w\u015br\u00f3d rodzic\u00f3w dzieci najbardziej zagro\u017conych na zaka\u017cenie \u017c\u00f3\u0142taczk\u0105. Z tego wynika, \u017ce lepiej b\u0119dzie gdy zaniepokojeni b\u0119d\u0105 rodzice dzieci ze wszystkich przedszkoli, a nie tylko z konkretnego.<\/p>\n","protected":false},"excerpt":{"rendered":"W dniach 2-3 maja do ostrowskiego szpitala zg\u0142osi\u0142y si\u0119 trzy nowe osoby z objawami \u017c\u00f3\u0142taczki. Badania potwierdzi\u0142y obecno\u015b\u0107 \u017b\u00f3\u0142taczki typu A. Jest to \n<a class=\"moretag\" href=\"https:\/\/ostrowskatv.pl\/?p=3584\"> [...]<\/a>","protected":false},"author":1,"featured_media":3585,"comment_status":"open","ping_status":"open","sticky":false,"template":"","format":"standard","meta":{"footnotes":""},"categories":[1],"tags":[2],"class_list":["post-3584","post","type-post","status-publish","format-standard","has-post-thumbnail","hentry","category-news","tag-ostrow-wielkopolski"],"_links":{"self":[{"href":"https:\/\/ostrowskatv.pl\/index.php?rest_route=\/wp\/v2\/posts\/3584","targetHints":{"allow":["GET"]}}],"collection":[{"href":"https:\/\/ostrowskatv.pl\/index.php?rest_route=\/wp\/v2\/posts"}],"about":[{"href":"https:\/\/ostrowskatv.pl\/index.php?rest_route=\/wp\/v2\/types\/post"}],"author":[{"embeddable":true,"href":"https:\/\/ostrowskatv.pl\/index.php?rest_route=\/wp\/v2\/users\/1"}],"replies":[{"embeddable":true,"href":"https:\/\/ostrowskatv.pl\/index.php?rest_route=%2Fwp%2Fv2%2Fcomments&post=3584"}],"version-history":[{"count":0,"href":"https:\/\/ostrowskatv.pl\/index.php?rest_route=\/wp\/v2\/posts\/3584\/revisions"}],"wp:featuredmedia":[{"embeddable":true,"href":"https:\/\/ostrowskatv.pl\/index.php?rest_route=\/wp\/v2\/media\/3585"}],"wp:attachment":[{"href":"https:\/\/ostrowskatv.pl\/index.php?rest_route=%2Fwp%2Fv2%2Fmedia&parent=3584"}],"wp:term":[{"taxonomy":"category","embeddable":true,"href":"https:\/\/ostrowskatv.pl\/index.php?rest_route=%2Fwp%2Fv2%2Fcategories&post=3584"},{"taxonomy":"post_tag","embeddable":true,"href":"https:\/\/ostrowskatv.pl\/index.php?rest_route=%2Fwp%2Fv2%2Ftags&post=3584"}],"curies":[{"name":"wp","href":"https:\/\/api.w.org\/{rel}","templated":true}]}}