{"id":3579,"date":"2017-05-01T17:49:52","date_gmt":"2017-05-01T16:49:52","guid":{"rendered":"http:\/\/ostrowska.tv\/?p=3579"},"modified":"2017-05-02T10:51:00","modified_gmt":"2017-05-02T09:51:00","slug":"dachowanie-auta-pod-ostrowem","status":"publish","type":"post","link":"https:\/\/ostrowskatv.pl\/?p=3579","title":{"rendered":"Dachowanie auta pod Ostrowem"},"content":{"rendered":"<p><strong>Na drodze \u0142\u0105cz\u0105cej ul. Staroprzygodzk\u0105 w Ostrowie Wlkp. z Jankowem Przygodzkim dosz\u0142o do wypadku. 1 maja kierowca samochodu osobowego wyjecha\u0142 z drogi. Chrysler Voyager dachowa\u0142. Prawdopodobnie m\u0119\u017cczyzna kieruj\u0105cy autem wypad\u0142 z auta.<\/strong><\/p>\n<p>Dojrza\u0142y wiekiem mieszkaniec Ostrowa Wlkp. tydzie\u0144 temu wyszed\u0142 ze szpitala. By\u0142 jeszcze os\u0142abiony, ale mimo to postanowi\u0142 wyruszy\u0107 w 10 kilometrow\u0105 tras\u0119 do rodziny mieszkaj\u0105cej w Jankowie Przygodzkim. W drodze powrotnej na \u0142uku drogi pojecha\u0142 prosto, przez co dosz\u0142o do wypadku.<\/p>\n<p>Poszkodowanemu pierwszej pomocy udzieli\u0142 ratownik WOPR przeje\u017cd\u017caj\u0105cy tamt\u0119dy rowerem oraz okoliczni mieszka\u0144cy. Kierowca oddycha\u0142, by\u0142 przytomny, ale odczuwa\u0142 b\u00f3l w klatce piersiowej. Zosta\u0142 u\u0142o\u017cony w pozycji bocznej, bezpiecznej.<\/p>\n<p>Po kilku minutach na miejscu zjawi\u0142y si\u0119 s\u0142u\u017cby ratownicze.<\/p>\n<div id='gallery-1' class='gallery galleryid-3579 gallery-columns-3 gallery-size-thumbnail'><figure class='gallery-item'>\n\t\t\t<div class='gallery-icon landscape'>\n\t\t\t\t<a href='https:\/\/ostrowskatv.pl\/?attachment_id=3582'><img loading=\"lazy\" decoding=\"async\" width=\"150\" height=\"150\" src=\"https:\/\/ostrowskatv.pl\/wp-content\/uploads\/2017\/05\/jankow-03-150x150.jpg\" class=\"attachment-thumbnail size-thumbnail\" alt=\"\" \/><\/a>\n\t\t\t<\/div><\/figure><figure class='gallery-item'>\n\t\t\t<div class='gallery-icon landscape'>\n\t\t\t\t<a href='https:\/\/ostrowskatv.pl\/?attachment_id=3581'><img loading=\"lazy\" decoding=\"async\" width=\"150\" height=\"150\" src=\"https:\/\/ostrowskatv.pl\/wp-content\/uploads\/2017\/05\/jankow-02-150x150.jpg\" class=\"attachment-thumbnail size-thumbnail\" alt=\"\" \/><\/a>\n\t\t\t<\/div><\/figure><figure class='gallery-item'>\n\t\t\t<div class='gallery-icon landscape'>\n\t\t\t\t<a href='https:\/\/ostrowskatv.pl\/?attachment_id=3580'><img loading=\"lazy\" decoding=\"async\" width=\"150\" height=\"150\" src=\"https:\/\/ostrowskatv.pl\/wp-content\/uploads\/2017\/05\/jankow-01-150x150.jpg\" class=\"attachment-thumbnail size-thumbnail\" alt=\"\" \/><\/a>\n\t\t\t<\/div><\/figure>\n\t\t<\/div>\n\n","protected":false},"excerpt":{"rendered":"Na drodze \u0142\u0105cz\u0105cej ul. Staroprzygodzk\u0105 w Ostrowie Wlkp. z Jankowem Przygodzkim dosz\u0142o do wypadku. 1 maja kierowca samochodu osobowego wyjecha\u0142 z drogi. Chrysler \n<a class=\"moretag\" href=\"https:\/\/ostrowskatv.pl\/?p=3579\"> [...]<\/a>","protected":false},"author":1,"featured_media":3582,"comment_status":"open","ping_status":"open","sticky":false,"template":"","format":"standard","meta":{"footnotes":""},"categories":[1],"tags":[94,2],"class_list":["post-3579","post","type-post","status-publish","format-standard","has-post-thumbnail","hentry","category-news","tag-jankow-przygodzki","tag-ostrow-wielkopolski"],"_links":{"self":[{"href":"https:\/\/ostrowskatv.pl\/index.php?rest_route=\/wp\/v2\/posts\/3579","targetHints":{"allow":["GET"]}}],"collection":[{"href":"https:\/\/ostrowskatv.pl\/index.php?rest_route=\/wp\/v2\/posts"}],"about":[{"href":"https:\/\/ostrowskatv.pl\/index.php?rest_route=\/wp\/v2\/types\/post"}],"author":[{"embeddable":true,"href":"https:\/\/ostrowskatv.pl\/index.php?rest_route=\/wp\/v2\/users\/1"}],"replies":[{"embeddable":true,"href":"https:\/\/ostrowskatv.pl\/index.php?rest_route=%2Fwp%2Fv2%2Fcomments&post=3579"}],"version-history":[{"count":0,"href":"https:\/\/ostrowskatv.pl\/index.php?rest_route=\/wp\/v2\/posts\/3579\/revisions"}],"wp:featuredmedia":[{"embeddable":true,"href":"https:\/\/ostrowskatv.pl\/index.php?rest_route=\/wp\/v2\/media\/3582"}],"wp:attachment":[{"href":"https:\/\/ostrowskatv.pl\/index.php?rest_route=%2Fwp%2Fv2%2Fmedia&parent=3579"}],"wp:term":[{"taxonomy":"category","embeddable":true,"href":"https:\/\/ostrowskatv.pl\/index.php?rest_route=%2Fwp%2Fv2%2Fcategories&post=3579"},{"taxonomy":"post_tag","embeddable":true,"href":"https:\/\/ostrowskatv.pl\/index.php?rest_route=%2Fwp%2Fv2%2Ftags&post=3579"}],"curies":[{"name":"wp","href":"https:\/\/api.w.org\/{rel}","templated":true}]}}