{"id":35786,"date":"2025-08-26T11:29:37","date_gmt":"2025-08-26T10:29:37","guid":{"rendered":"https:\/\/ostrowskatv.pl\/?p=35786"},"modified":"2025-08-26T11:29:37","modified_gmt":"2025-08-26T10:29:37","slug":"kolejny-mezczyzna-raniony-nozem","status":"publish","type":"post","link":"https:\/\/ostrowskatv.pl\/?p=35786","title":{"rendered":"Kolejny m\u0119\u017cczyzna raniony no\u017cem"},"content":{"rendered":"<p><strong>W niedziel\u0119, oko\u0142o godziny 20:00, s\u0142u\u017cby zosta\u0142y poinformowane o awanturze, do kt\u00f3rej dosz\u0142o w jednym z dom\u00f3w w miejscowo\u015bci Paw\u0142\u00f3w (gm. So\u015bnie)<\/strong><\/p>\n<p>Wed\u0142ug ustale\u0144, w zdarzeniu bra\u0142o udzia\u0142 dw\u00f3ch m\u0119\u017cczyzn. Jeden z nich \u2013 46-letni \u2013 zosta\u0142 zatrzymany i przewieziony do policyjnego aresztu w celu wytrze\u017awienia. Drugi uczestnik zaj\u015bcia, 39-latek, dozna\u0142 obra\u017ce\u0144 cia\u0142a. Mia\u0142 skaleczenia od no\u017ca. Na szcz\u0119\u015bcie obra\u017cenia te nie zagra\u017caj\u0105 jego \u017cyciu i, jak ustalono, s\u0105 to rany poni\u017cej 7 dni.<\/p>\n<p>Spraw\u0105 zajmuje si\u0119 policja, kt\u00f3ra wyja\u015bnia szczeg\u00f3\u0142owe okoliczno\u015bci niedzielnego zdarzenia.<\/p>\n","protected":false},"excerpt":{"rendered":"W niedziel\u0119, oko\u0142o godziny 20:00, s\u0142u\u017cby zosta\u0142y poinformowane o awanturze, do kt\u00f3rej dosz\u0142o w jednym z dom\u00f3w w miejscowo\u015bci Paw\u0142\u00f3w (gm. So\u015bnie) Wed\u0142ug \n<a class=\"moretag\" href=\"https:\/\/ostrowskatv.pl\/?p=35786\"> [...]<\/a>","protected":false},"author":1,"featured_media":30516,"comment_status":"open","ping_status":"closed","sticky":false,"template":"","format":"standard","meta":{"footnotes":""},"categories":[1],"tags":[330],"class_list":["post-35786","post","type-post","status-publish","format-standard","has-post-thumbnail","hentry","category-news","tag-pawlow"],"_links":{"self":[{"href":"https:\/\/ostrowskatv.pl\/index.php?rest_route=\/wp\/v2\/posts\/35786","targetHints":{"allow":["GET"]}}],"collection":[{"href":"https:\/\/ostrowskatv.pl\/index.php?rest_route=\/wp\/v2\/posts"}],"about":[{"href":"https:\/\/ostrowskatv.pl\/index.php?rest_route=\/wp\/v2\/types\/post"}],"author":[{"embeddable":true,"href":"https:\/\/ostrowskatv.pl\/index.php?rest_route=\/wp\/v2\/users\/1"}],"replies":[{"embeddable":true,"href":"https:\/\/ostrowskatv.pl\/index.php?rest_route=%2Fwp%2Fv2%2Fcomments&post=35786"}],"version-history":[{"count":1,"href":"https:\/\/ostrowskatv.pl\/index.php?rest_route=\/wp\/v2\/posts\/35786\/revisions"}],"predecessor-version":[{"id":35787,"href":"https:\/\/ostrowskatv.pl\/index.php?rest_route=\/wp\/v2\/posts\/35786\/revisions\/35787"}],"wp:featuredmedia":[{"embeddable":true,"href":"https:\/\/ostrowskatv.pl\/index.php?rest_route=\/wp\/v2\/media\/30516"}],"wp:attachment":[{"href":"https:\/\/ostrowskatv.pl\/index.php?rest_route=%2Fwp%2Fv2%2Fmedia&parent=35786"}],"wp:term":[{"taxonomy":"category","embeddable":true,"href":"https:\/\/ostrowskatv.pl\/index.php?rest_route=%2Fwp%2Fv2%2Fcategories&post=35786"},{"taxonomy":"post_tag","embeddable":true,"href":"https:\/\/ostrowskatv.pl\/index.php?rest_route=%2Fwp%2Fv2%2Ftags&post=35786"}],"curies":[{"name":"wp","href":"https:\/\/api.w.org\/{rel}","templated":true}]}}