{"id":35762,"date":"2025-08-21T17:07:45","date_gmt":"2025-08-21T16:07:45","guid":{"rendered":"https:\/\/ostrowskatv.pl\/?p=35762"},"modified":"2025-08-21T17:07:45","modified_gmt":"2025-08-21T16:07:45","slug":"wypadek-z-udzialem-autobusu-mzk-zdjecia","status":"publish","type":"post","link":"https:\/\/ostrowskatv.pl\/?p=35762","title":{"rendered":"Wypadek z udzia\u0142em autobusu MZK (ZDJ\u0118CIA)"},"content":{"rendered":"<p>Dzi\u015b oko\u0142o godziny 12:30 w Ostrowie Wielkopolskim dosz\u0142o do zdarzenia drogowego z udzia\u0142em autobusu komunikacji miejskiej linii nr 14. Do sytuacji dosz\u0142o na ul. Raszkowskiej, w rejonie skrzy\u017cowania z ulic\u0105 Wolno\u015bci, w kierunku Przeskoku.<\/p>\n<figure id=\"attachment_35764\" aria-describedby=\"caption-attachment-35764\" style=\"width: 1920px\" class=\"wp-caption alignnone\"><a href=\"https:\/\/ostrowskatv.pl\/?attachment_id=35764\" rel=\"attachment wp-att-35764\"><img loading=\"lazy\" decoding=\"async\" src=\"https:\/\/ostrowskatv.pl\/wp-content\/uploads\/2025\/08\/1000068743.jpg\" alt=\"\" width=\"1920\" height=\"1080\" class=\"size-full wp-image-35764\" srcset=\"https:\/\/ostrowskatv.pl\/wp-content\/uploads\/2025\/08\/1000068743.jpg 1920w, https:\/\/ostrowskatv.pl\/wp-content\/uploads\/2025\/08\/1000068743-300x169.jpg 300w, https:\/\/ostrowskatv.pl\/wp-content\/uploads\/2025\/08\/1000068743-1333x750.jpg 1333w, https:\/\/ostrowskatv.pl\/wp-content\/uploads\/2025\/08\/1000068743-1536x864.jpg 1536w\" sizes=\"auto, (max-width: 1920px) 100vw, 1920px\" \/><\/a><figcaption id=\"caption-attachment-35764\" class=\"wp-caption-text\">format: 0; filter: 0; fileterIntensity: 0.0; filterMask: 0; captureOrientation: 180;<br \/>runfunc: 0; algolist: 0;<br \/>multi-frame: 1;<br \/>brp_mask:0;<br \/>brp_del_th:0.0000,0.0000;<br \/>brp_del_sen:0.0000,0.0000;<br \/>motionR: 1;<br \/>delta:1;<br \/>bokeh:1;<br \/>module: photo;hw-remosaic: false;touch: (-1.0, -1.0);sceneMode: 13107200;cct_value: 0;AI_Scene: (-1, -1);aec_lux: 0.0;aec_lux_index: 0;albedo:  ;confidence:  ;motionLevel: -1;weatherinfo: weather?Partly sunny, icon:1, weatherInfo:100;temperature: 35;zeissColor: nature;<\/figcaption><\/figure>\n<figure id=\"attachment_35765\" aria-describedby=\"caption-attachment-35765\" style=\"width: 1080px\" class=\"wp-caption alignnone\"><a href=\"https:\/\/ostrowskatv.pl\/?attachment_id=35765\" rel=\"attachment wp-att-35765\"><img loading=\"lazy\" decoding=\"async\" src=\"https:\/\/ostrowskatv.pl\/wp-content\/uploads\/2025\/08\/1000068742-1.jpg\" alt=\"\" width=\"1080\" height=\"1920\" class=\"size-full wp-image-35765\" srcset=\"https:\/\/ostrowskatv.pl\/wp-content\/uploads\/2025\/08\/1000068742-1.jpg 1080w, https:\/\/ostrowskatv.pl\/wp-content\/uploads\/2025\/08\/1000068742-1-169x300.jpg 169w, https:\/\/ostrowskatv.pl\/wp-content\/uploads\/2025\/08\/1000068742-1-750x1333.jpg 750w, https:\/\/ostrowskatv.pl\/wp-content\/uploads\/2025\/08\/1000068742-1-864x1536.jpg 864w\" sizes=\"auto, (max-width: 1080px) 100vw, 1080px\" \/><\/a><figcaption id=\"caption-attachment-35765\" class=\"wp-caption-text\">format: 0; filter: 0; fileterIntensity: 0.0; filterMask: 0; captureOrientation: 90;<br \/>runfunc: 0; algolist: 0;<br \/>multi-frame: 1;<br \/>brp_mask:0;<br \/>brp_del_th:0.0000,0.0000;<br \/>brp_del_sen:0.0000,0.0000;<br \/>motionR: 3;<br \/>delta:1;<br \/>bokeh:1;<br \/>module: photo;hw-remosaic: false;touch: (-1.0, -1.0);sceneMode: 13107200;cct_value: 0;AI_Scene: (-1, -1);aec_lux: 0.0;aec_lux_index: 0;albedo:  ;confidence:  ;motionLevel: -1;weatherinfo: weather?Partly sunny, icon:1, weatherInfo:100;temperature: 35;zeissColor: nature;<\/figcaption><\/figure>\n<figure id=\"attachment_35766\" aria-describedby=\"caption-attachment-35766\" style=\"width: 1920px\" class=\"wp-caption alignnone\"><a href=\"https:\/\/ostrowskatv.pl\/?attachment_id=35766\" rel=\"attachment wp-att-35766\"><img loading=\"lazy\" decoding=\"async\" src=\"https:\/\/ostrowskatv.pl\/wp-content\/uploads\/2025\/08\/1000068741.jpg\" alt=\"\" width=\"1920\" height=\"961\" class=\"size-full wp-image-35766\" srcset=\"https:\/\/ostrowskatv.pl\/wp-content\/uploads\/2025\/08\/1000068741.jpg 1920w, https:\/\/ostrowskatv.pl\/wp-content\/uploads\/2025\/08\/1000068741-300x150.jpg 300w, https:\/\/ostrowskatv.pl\/wp-content\/uploads\/2025\/08\/1000068741-1333x667.jpg 1333w, https:\/\/ostrowskatv.pl\/wp-content\/uploads\/2025\/08\/1000068741-1536x769.jpg 1536w\" sizes=\"auto, (max-width: 1920px) 100vw, 1920px\" \/><\/a><figcaption id=\"caption-attachment-35766\" class=\"wp-caption-text\">format: 0; filter: 0; fileterIntensity: 0.0; filterMask: 0; captureOrientation: 0;<br \/>runfunc: 0; algolist: 0;<br \/>multi-frame: 1;<br \/>brp_mask:0;<br \/>brp_del_th:0.0000,0.0000;<br \/>brp_del_sen:0.0000,0.0000;<br \/>motionR: 0;<br \/>delta:1;<br \/>bokeh:1;<br \/>module: photo;hw-remosaic: false;touch: (-1.0, -1.0);sceneMode: 13107200;cct_value: 0;AI_Scene: (-1, -1);aec_lux: 0.0;aec_lux_index: 0;albedo:  ;confidence:  ;motionLevel: -1;weatherinfo: weather?Partly sunny, icon:1, weatherInfo:100;temperature: 34;zeissColor: nature;<\/figcaption><\/figure>\n<figure id=\"attachment_35767\" aria-describedby=\"caption-attachment-35767\" style=\"width: 1920px\" class=\"wp-caption alignnone\"><a href=\"https:\/\/ostrowskatv.pl\/?attachment_id=35767\" rel=\"attachment wp-att-35767\"><img loading=\"lazy\" decoding=\"async\" src=\"https:\/\/ostrowskatv.pl\/wp-content\/uploads\/2025\/08\/1000068740.jpg\" alt=\"\" width=\"1920\" height=\"1080\" class=\"size-full wp-image-35767\" srcset=\"https:\/\/ostrowskatv.pl\/wp-content\/uploads\/2025\/08\/1000068740.jpg 1920w, https:\/\/ostrowskatv.pl\/wp-content\/uploads\/2025\/08\/1000068740-300x169.jpg 300w, https:\/\/ostrowskatv.pl\/wp-content\/uploads\/2025\/08\/1000068740-1333x750.jpg 1333w, https:\/\/ostrowskatv.pl\/wp-content\/uploads\/2025\/08\/1000068740-1536x864.jpg 1536w\" sizes=\"auto, (max-width: 1920px) 100vw, 1920px\" \/><\/a><figcaption id=\"caption-attachment-35767\" class=\"wp-caption-text\">format: 0; filter: 0; fileterIntensity: 0.0; filterMask: 0; captureOrientation: 0;<br \/>runfunc: 0; algolist: 0;<br \/>multi-frame: 1;<br \/>brp_mask:0;<br \/>brp_del_th:0.0000,0.0000;<br \/>brp_del_sen:0.0000,0.0000;<br \/>motionR: 1;<br \/>delta:1;<br \/>bokeh:1;<br \/>module: photo;hw-remosaic: false;touch: (-1.0, -1.0);sceneMode: 13107200;cct_value: 0;AI_Scene: (12, 0);aec_lux: 217.70526;aec_lux_index: 0;albedo:  ;confidence:  ;motionLevel: -1;weatherinfo: weather?Partly sunny, icon:1, weatherInfo:100;temperature: 34;zeissColor: nature;<\/figcaption><\/figure>\n<p>Wed\u0142ug wst\u0119pnych ustale\u0144 policji, kierowca samochodu osobowego mia\u0142 zajecha\u0107 drog\u0119 autobusowi, zmuszaj\u0105c prowadz\u0105cego pojazd MZK do gwa\u0142townego hamowania. W wyniku nag\u0142ego manewru jedna z pasa\u017cerek \u2013 kobieta w starszym wieku \u2013 przewr\u00f3ci\u0142a si\u0119 i odnios\u0142a obra\u017cenia. Na miejsce wezwano s\u0142u\u017cby ratunkowe. Poszkodowana, przytomna i w pozycji siedz\u0105cej, zosta\u0142a przewieziona do szpitala na dalsze badania.<\/p>\n<p>Kierowca autobusu by\u0142 trze\u017awy. Policjanci prowadz\u0105 czynno\u015bci maj\u0105ce na celu szczeg\u00f3\u0142owe wyja\u015bnienie okoliczno\u015bci zdarzenia. Sprawca, kt\u00f3ry odjecha\u0142 z miejsca, najprawdopodobniej wkr\u00f3tce zostanie zidentyfikowany dzi\u0119ki nagraniom z monitoringu zainstalowanego w autobusie.<\/p>\n","protected":false},"excerpt":{"rendered":"Dzi\u015b oko\u0142o godziny 12:30 w Ostrowie Wielkopolskim dosz\u0142o do zdarzenia drogowego z udzia\u0142em autobusu komunikacji miejskiej linii nr 14. Do sytuacji dosz\u0142o na \n<a class=\"moretag\" href=\"https:\/\/ostrowskatv.pl\/?p=35762\"> [...]<\/a>","protected":false},"author":1,"featured_media":35764,"comment_status":"open","ping_status":"closed","sticky":false,"template":"","format":"standard","meta":{"footnotes":""},"categories":[1],"tags":[2],"class_list":["post-35762","post","type-post","status-publish","format-standard","has-post-thumbnail","hentry","category-news","tag-ostrow-wielkopolski"],"_links":{"self":[{"href":"https:\/\/ostrowskatv.pl\/index.php?rest_route=\/wp\/v2\/posts\/35762","targetHints":{"allow":["GET"]}}],"collection":[{"href":"https:\/\/ostrowskatv.pl\/index.php?rest_route=\/wp\/v2\/posts"}],"about":[{"href":"https:\/\/ostrowskatv.pl\/index.php?rest_route=\/wp\/v2\/types\/post"}],"author":[{"embeddable":true,"href":"https:\/\/ostrowskatv.pl\/index.php?rest_route=\/wp\/v2\/users\/1"}],"replies":[{"embeddable":true,"href":"https:\/\/ostrowskatv.pl\/index.php?rest_route=%2Fwp%2Fv2%2Fcomments&post=35762"}],"version-history":[{"count":2,"href":"https:\/\/ostrowskatv.pl\/index.php?rest_route=\/wp\/v2\/posts\/35762\/revisions"}],"predecessor-version":[{"id":35768,"href":"https:\/\/ostrowskatv.pl\/index.php?rest_route=\/wp\/v2\/posts\/35762\/revisions\/35768"}],"wp:featuredmedia":[{"embeddable":true,"href":"https:\/\/ostrowskatv.pl\/index.php?rest_route=\/wp\/v2\/media\/35764"}],"wp:attachment":[{"href":"https:\/\/ostrowskatv.pl\/index.php?rest_route=%2Fwp%2Fv2%2Fmedia&parent=35762"}],"wp:term":[{"taxonomy":"category","embeddable":true,"href":"https:\/\/ostrowskatv.pl\/index.php?rest_route=%2Fwp%2Fv2%2Fcategories&post=35762"},{"taxonomy":"post_tag","embeddable":true,"href":"https:\/\/ostrowskatv.pl\/index.php?rest_route=%2Fwp%2Fv2%2Ftags&post=35762"}],"curies":[{"name":"wp","href":"https:\/\/api.w.org\/{rel}","templated":true}]}}