{"id":35746,"date":"2025-08-19T14:31:59","date_gmt":"2025-08-19T13:31:59","guid":{"rendered":"https:\/\/ostrowskatv.pl\/?p=35746"},"modified":"2025-08-19T14:31:59","modified_gmt":"2025-08-19T13:31:59","slug":"zderzenie-ciezarowki-z-ciagnikiem-rolniczym-na-trasie-ostrow-kalisz","status":"publish","type":"post","link":"https:\/\/ostrowskatv.pl\/?p=35746","title":{"rendered":"Zderzenie ci\u0119\u017car\u00f3wki z ci\u0105gnikiem rolniczym na trasie Ostr\u00f3w &#8211; Kalisz"},"content":{"rendered":"<p><strong>Przed godzin\u0105 14.30 dosz\u0142o do zderzenia w miejscowo\u015bci Czekan\u00f3w na drodze krajowej nr 25. Na \u015brodku skrzy\u017cowania zderzy\u0142 si\u0119 ciagnik rolniczy oraz samoch\u00f3d ci\u0119\u017carowy.<\/strong><\/p>\n<p>Okaza\u0142o si\u0119, \u017ce od strony p\u00f3l wyje\u017cd\u017ca\u0142 ciagnik rolniczy, kt\u00f3rego kierowca nie ust\u0105pi\u0142 pierwsze\u0144stwa ci\u0119\u017carowemu Mercedesowi, prowadzonemu przez obywatela Zimbabwe.<\/p>\n<p>W wyniku zderzenia ciagnik rolniczy ma urwane przednie, lewe ko\u0142o, a ci\u0119\u017car\u00f3wka przedni, prawy naro\u017cnik. <\/p>\n<p>Kierowcom nic si\u0119 nie sta\u0142o. Droga zosta\u0142a szybko udro\u017cniena przez policj\u0119, a stra\u017cacy usun\u0119li pozosta\u0142o\u015bci aut z drogi. <\/p>\n<figure id=\"attachment_35747\" aria-describedby=\"caption-attachment-35747\" style=\"width: 1920px\" class=\"wp-caption alignnone\"><a href=\"https:\/\/ostrowskatv.pl\/?attachment_id=35747\" rel=\"attachment wp-att-35747\"><img loading=\"lazy\" decoding=\"async\" src=\"https:\/\/ostrowskatv.pl\/wp-content\/uploads\/2025\/08\/1000068435.jpg\" alt=\"\" width=\"1920\" height=\"1020\" class=\"size-full wp-image-35747\" srcset=\"https:\/\/ostrowskatv.pl\/wp-content\/uploads\/2025\/08\/1000068435.jpg 1920w, https:\/\/ostrowskatv.pl\/wp-content\/uploads\/2025\/08\/1000068435-300x159.jpg 300w, https:\/\/ostrowskatv.pl\/wp-content\/uploads\/2025\/08\/1000068435-1333x708.jpg 1333w, https:\/\/ostrowskatv.pl\/wp-content\/uploads\/2025\/08\/1000068435-1536x816.jpg 1536w\" sizes=\"auto, (max-width: 1920px) 100vw, 1920px\" \/><\/a><figcaption id=\"caption-attachment-35747\" class=\"wp-caption-text\">format: 0; filter: 0; fileterIntensity: 0.0; filterMask: 0; captureOrientation: 0;<br \/>runfunc: 0; algolist: 0;<br \/>multi-frame: 1;<br \/>brp_mask:0;<br \/>brp_del_th:0.0000,0.0000;<br \/>brp_del_sen:0.0000,0.0000;<br \/>motionR: 0;<br \/>delta:1;<br \/>bokeh:1;<br \/>module: photo;hw-remosaic: false;touch: (-1.0, -1.0);sceneMode: 13107200;cct_value: 0;AI_Scene: (-1, -1);aec_lux: 133.83951;aec_lux_index: 0;albedo:  ;confidence:  ;motionLevel: 0;weatherinfo: weather?Mostly cloudy, icon:1, weatherInfo:100;temperature: 35;zeissColor: nature;<\/figcaption><\/figure>\n<figure id=\"attachment_35748\" aria-describedby=\"caption-attachment-35748\" style=\"width: 1920px\" class=\"wp-caption alignnone\"><a href=\"https:\/\/ostrowskatv.pl\/?attachment_id=35748\" rel=\"attachment wp-att-35748\"><img loading=\"lazy\" decoding=\"async\" src=\"https:\/\/ostrowskatv.pl\/wp-content\/uploads\/2025\/08\/1000068434.jpg\" alt=\"\" width=\"1920\" height=\"1080\" class=\"size-full wp-image-35748\" srcset=\"https:\/\/ostrowskatv.pl\/wp-content\/uploads\/2025\/08\/1000068434.jpg 1920w, https:\/\/ostrowskatv.pl\/wp-content\/uploads\/2025\/08\/1000068434-300x169.jpg 300w, https:\/\/ostrowskatv.pl\/wp-content\/uploads\/2025\/08\/1000068434-1333x750.jpg 1333w, https:\/\/ostrowskatv.pl\/wp-content\/uploads\/2025\/08\/1000068434-1536x864.jpg 1536w\" sizes=\"auto, (max-width: 1920px) 100vw, 1920px\" \/><\/a><figcaption id=\"caption-attachment-35748\" class=\"wp-caption-text\">format: 0; filter: 0; fileterIntensity: 0.0; filterMask: 0; captureOrientation: 0;<br \/>runfunc: 0; algolist: 0;<br \/>multi-frame: 1;<br \/>brp_mask:0;<br \/>brp_del_th:0.0000,0.0000;<br \/>brp_del_sen:0.0000,0.0000;<br \/>motionR: 0;<br \/>delta:1;<br \/>bokeh:1;<br \/>module: photo;hw-remosaic: false;touch: (-1.0, -1.0);sceneMode: 13107200;cct_value: 0;AI_Scene: (-1, -1);aec_lux: 0.0;aec_lux_index: 0;albedo:  ;confidence:  ;motionLevel: -1;weatherinfo: weather?Mostly cloudy, icon:1, weatherInfo:100;temperature: 35;zeissColor: nature;<\/figcaption><\/figure>\n<figure id=\"attachment_35749\" aria-describedby=\"caption-attachment-35749\" style=\"width: 1919px\" class=\"wp-caption alignnone\"><a href=\"https:\/\/ostrowskatv.pl\/?attachment_id=35749\" rel=\"attachment wp-att-35749\"><img loading=\"lazy\" decoding=\"async\" src=\"https:\/\/ostrowskatv.pl\/wp-content\/uploads\/2025\/08\/1000068433.jpg\" alt=\"\" width=\"1919\" height=\"1080\" class=\"size-full wp-image-35749\" srcset=\"https:\/\/ostrowskatv.pl\/wp-content\/uploads\/2025\/08\/1000068433.jpg 1919w, https:\/\/ostrowskatv.pl\/wp-content\/uploads\/2025\/08\/1000068433-300x169.jpg 300w, https:\/\/ostrowskatv.pl\/wp-content\/uploads\/2025\/08\/1000068433-1333x750.jpg 1333w, https:\/\/ostrowskatv.pl\/wp-content\/uploads\/2025\/08\/1000068433-1536x864.jpg 1536w\" sizes=\"auto, (max-width: 1919px) 100vw, 1919px\" \/><\/a><figcaption id=\"caption-attachment-35749\" class=\"wp-caption-text\">format: 0; filter: 0; fileterIntensity: 0.0; filterMask: 0; captureOrientation: 0;<br \/>runfunc: 0; algolist: 0;<br \/>multi-frame: 1;<br \/>brp_mask:0;<br \/>brp_del_th:0.0000,0.0000;<br \/>brp_del_sen:0.0000,0.0000;<br \/>motionR: 0;<br \/>delta:1;<br \/>bokeh:1;<br \/>module: photo;hw-remosaic: false;touch: (-1.0, -1.0);sceneMode: 13107200;cct_value: 0;AI_Scene: (-1, -1);aec_lux: 113.19812;aec_lux_index: 0;albedo:  ;confidence:  ;motionLevel: -1;weatherinfo: weather?Mostly cloudy, icon:1, weatherInfo:100;temperature: 38;zeissColor: nature;<\/figcaption><\/figure>\n<figure id=\"attachment_35750\" aria-describedby=\"caption-attachment-35750\" style=\"width: 1919px\" class=\"wp-caption alignnone\"><a href=\"https:\/\/ostrowskatv.pl\/?attachment_id=35750\" rel=\"attachment wp-att-35750\"><img loading=\"lazy\" decoding=\"async\" src=\"https:\/\/ostrowskatv.pl\/wp-content\/uploads\/2025\/08\/1000068432.jpg\" alt=\"\" width=\"1919\" height=\"888\" class=\"size-full wp-image-35750\" srcset=\"https:\/\/ostrowskatv.pl\/wp-content\/uploads\/2025\/08\/1000068432.jpg 1919w, https:\/\/ostrowskatv.pl\/wp-content\/uploads\/2025\/08\/1000068432-300x139.jpg 300w, https:\/\/ostrowskatv.pl\/wp-content\/uploads\/2025\/08\/1000068432-1333x617.jpg 1333w, https:\/\/ostrowskatv.pl\/wp-content\/uploads\/2025\/08\/1000068432-1536x711.jpg 1536w\" sizes=\"auto, (max-width: 1919px) 100vw, 1919px\" \/><\/a><figcaption id=\"caption-attachment-35750\" class=\"wp-caption-text\">format: 2; filter: 0; fileterIntensity: 0.0; filterMask: 0; captureOrientation: 0;<br \/>runfunc: 0; algolist: 0;<br \/>multi-frame: 1;<br \/>brp_mask:0;<br \/>brp_del_th:0.0000,0.0000;<br \/>brp_del_sen:0.0000,0.0000;<br \/>motionR: 0;<br \/>delta:1;<br \/>bokeh:1;<br \/>module: photo;hw-remosaic: false;touch: (-1.0, -1.0);sceneMode: 12582912;cct_value: 0;AI_Scene: (6, 0);aec_lux: 66.92433;aec_lux_index: 0;albedo:  ;confidence:  ;motionLevel: -1;weatherinfo: weather?Mostly cloudy, icon:1, weatherInfo:100;temperature: 38;zeissColor: nature;<\/figcaption><\/figure>\n<figure id=\"attachment_35751\" aria-describedby=\"caption-attachment-35751\" style=\"width: 1919px\" class=\"wp-caption alignnone\"><a href=\"https:\/\/ostrowskatv.pl\/?attachment_id=35751\" rel=\"attachment wp-att-35751\"><img loading=\"lazy\" decoding=\"async\" src=\"https:\/\/ostrowskatv.pl\/wp-content\/uploads\/2025\/08\/1000068431.jpg\" alt=\"\" width=\"1919\" height=\"1080\" class=\"size-full wp-image-35751\" srcset=\"https:\/\/ostrowskatv.pl\/wp-content\/uploads\/2025\/08\/1000068431.jpg 1919w, https:\/\/ostrowskatv.pl\/wp-content\/uploads\/2025\/08\/1000068431-300x169.jpg 300w, https:\/\/ostrowskatv.pl\/wp-content\/uploads\/2025\/08\/1000068431-1333x750.jpg 1333w, https:\/\/ostrowskatv.pl\/wp-content\/uploads\/2025\/08\/1000068431-1536x864.jpg 1536w\" sizes=\"auto, (max-width: 1919px) 100vw, 1919px\" \/><\/a><figcaption id=\"caption-attachment-35751\" class=\"wp-caption-text\">format: 0; filter: 0; fileterIntensity: 0.0; filterMask: 0; captureOrientation: 0;<br \/>runfunc: 0; algolist: 0;<br \/>multi-frame: 1;<br \/>brp_mask:0;<br \/>brp_del_th:0.0000,0.0000;<br \/>brp_del_sen:0.0000,0.0000;<br \/>motionR: 1;<br \/>delta:1;<br \/>bokeh:1;<br \/>module: photo;hw-remosaic: false;touch: (-1.0, -1.0);sceneMode: 13107200;cct_value: 0;AI_Scene: (-1, -1);aec_lux: 85.59159;aec_lux_index: 0;albedo:  ;confidence:  ;motionLevel: -1;weatherinfo: weather?Mostly cloudy, icon:1, weatherInfo:100;temperature: 36;zeissColor: nature;<\/figcaption><\/figure>\n<figure id=\"attachment_35752\" aria-describedby=\"caption-attachment-35752\" style=\"width: 1920px\" class=\"wp-caption alignnone\"><a href=\"https:\/\/ostrowskatv.pl\/?attachment_id=35752\" rel=\"attachment wp-att-35752\"><img loading=\"lazy\" decoding=\"async\" src=\"https:\/\/ostrowskatv.pl\/wp-content\/uploads\/2025\/08\/1000068430.jpg\" alt=\"\" width=\"1920\" height=\"1104\" class=\"size-full wp-image-35752\" srcset=\"https:\/\/ostrowskatv.pl\/wp-content\/uploads\/2025\/08\/1000068430.jpg 1920w, https:\/\/ostrowskatv.pl\/wp-content\/uploads\/2025\/08\/1000068430-300x173.jpg 300w, https:\/\/ostrowskatv.pl\/wp-content\/uploads\/2025\/08\/1000068430-1333x766.jpg 1333w, https:\/\/ostrowskatv.pl\/wp-content\/uploads\/2025\/08\/1000068430-1536x883.jpg 1536w\" sizes=\"auto, (max-width: 1920px) 100vw, 1920px\" \/><\/a><figcaption id=\"caption-attachment-35752\" class=\"wp-caption-text\">format: 0; filter: 0; fileterIntensity: 0.0; filterMask: 0; captureOrientation: 0;<br \/>runfunc: 0; algolist: 0;<br \/>multi-frame: 1;<br \/>brp_mask:0;<br \/>brp_del_th:0.0000,0.0000;<br \/>brp_del_sen:0.0000,0.0000;<br \/>motionR: 0;<br \/>delta:1;<br \/>bokeh:1;<br \/>module: photo;hw-remosaic: false;touch: (-1.0, -1.0);sceneMode: 13107200;cct_value: 0;AI_Scene: (6, 0);aec_lux: 102.175644;aec_lux_index: 0;albedo:  ;confidence:  ;motionLevel: -1;weatherinfo: weather?Mostly cloudy, icon:1, weatherInfo:100;temperature: 36;zeissColor: nature;<\/figcaption><\/figure>\n","protected":false},"excerpt":{"rendered":"Przed godzin\u0105 14.30 dosz\u0142o do zderzenia w miejscowo\u015bci Czekan\u00f3w na drodze krajowej nr 25. Na \u015brodku skrzy\u017cowania zderzy\u0142 si\u0119 ciagnik rolniczy oraz samoch\u00f3d \n<a class=\"moretag\" href=\"https:\/\/ostrowskatv.pl\/?p=35746\"> [...]<\/a>","protected":false},"author":1,"featured_media":35751,"comment_status":"open","ping_status":"closed","sticky":false,"template":"","format":"standard","meta":{"footnotes":""},"categories":[1],"tags":[98],"class_list":["post-35746","post","type-post","status-publish","format-standard","has-post-thumbnail","hentry","category-news","tag-czekanow"],"_links":{"self":[{"href":"https:\/\/ostrowskatv.pl\/index.php?rest_route=\/wp\/v2\/posts\/35746","targetHints":{"allow":["GET"]}}],"collection":[{"href":"https:\/\/ostrowskatv.pl\/index.php?rest_route=\/wp\/v2\/posts"}],"about":[{"href":"https:\/\/ostrowskatv.pl\/index.php?rest_route=\/wp\/v2\/types\/post"}],"author":[{"embeddable":true,"href":"https:\/\/ostrowskatv.pl\/index.php?rest_route=\/wp\/v2\/users\/1"}],"replies":[{"embeddable":true,"href":"https:\/\/ostrowskatv.pl\/index.php?rest_route=%2Fwp%2Fv2%2Fcomments&post=35746"}],"version-history":[{"count":1,"href":"https:\/\/ostrowskatv.pl\/index.php?rest_route=\/wp\/v2\/posts\/35746\/revisions"}],"predecessor-version":[{"id":35753,"href":"https:\/\/ostrowskatv.pl\/index.php?rest_route=\/wp\/v2\/posts\/35746\/revisions\/35753"}],"wp:featuredmedia":[{"embeddable":true,"href":"https:\/\/ostrowskatv.pl\/index.php?rest_route=\/wp\/v2\/media\/35751"}],"wp:attachment":[{"href":"https:\/\/ostrowskatv.pl\/index.php?rest_route=%2Fwp%2Fv2%2Fmedia&parent=35746"}],"wp:term":[{"taxonomy":"category","embeddable":true,"href":"https:\/\/ostrowskatv.pl\/index.php?rest_route=%2Fwp%2Fv2%2Fcategories&post=35746"},{"taxonomy":"post_tag","embeddable":true,"href":"https:\/\/ostrowskatv.pl\/index.php?rest_route=%2Fwp%2Fv2%2Ftags&post=35746"}],"curies":[{"name":"wp","href":"https:\/\/api.w.org\/{rel}","templated":true}]}}