{"id":3573,"date":"2017-04-28T17:34:34","date_gmt":"2017-04-28T16:34:34","guid":{"rendered":"http:\/\/ostrowska.tv\/?p=3573"},"modified":"2017-04-28T17:34:34","modified_gmt":"2017-04-28T16:34:34","slug":"szedl-jak-z-podcietym-gardlem-przez-miasto","status":"publish","type":"post","link":"https:\/\/ostrowskatv.pl\/?p=3573","title":{"rendered":"Szed\u0142 jak z podci\u0119tym gard\u0142em przez miasto"},"content":{"rendered":"<p><strong>Funkcjonariusze policji oraz pogotowie zostali wezwani do nietypowego zdarzenia. W okolicy wie\u017cy ci\u015bnie\u0144 przy 3 Maja zauwa\u017cono m\u0119\u017cczyzn\u0119, kt\u00f3ry szed\u0142 z krwawi\u0105c\u0105 szyj\u0105. Widok by\u0142 straszny. Przechodnie my\u015bleli, \u017ce kto\u015b podci\u0105\u0142 m\u0119\u017cczy\u017anie gard\u0142o. Gdy dojechali na miejsce policjanci, zacz\u0119li udziela\u0107 pierwszej pomocy, by ju\u017c po chwili wsparli ich medycy. Rannego zabrano do szpitala, gdzie po zabezpieczeniu rany, trafi\u0142 na izb\u0119 wytrze\u017awie\u0144. M\u0119\u017cczyzna przekonywa\u0142 policjant\u00f3w, \u017ce sam siebie okaleczy\u0142.<\/strong><\/p>\n","protected":false},"excerpt":{"rendered":"Funkcjonariusze policji oraz pogotowie zostali wezwani do nietypowego zdarzenia. W okolicy wie\u017cy ci\u015bnie\u0144 przy 3 Maja zauwa\u017cono m\u0119\u017cczyzn\u0119, kt\u00f3ry szed\u0142 z krwawi\u0105c\u0105 szyj\u0105. \n<a class=\"moretag\" href=\"https:\/\/ostrowskatv.pl\/?p=3573\"> [...]<\/a>","protected":false},"author":1,"featured_media":3574,"comment_status":"open","ping_status":"open","sticky":false,"template":"","format":"standard","meta":{"footnotes":""},"categories":[1],"tags":[2],"class_list":["post-3573","post","type-post","status-publish","format-standard","has-post-thumbnail","hentry","category-news","tag-ostrow-wielkopolski"],"_links":{"self":[{"href":"https:\/\/ostrowskatv.pl\/index.php?rest_route=\/wp\/v2\/posts\/3573","targetHints":{"allow":["GET"]}}],"collection":[{"href":"https:\/\/ostrowskatv.pl\/index.php?rest_route=\/wp\/v2\/posts"}],"about":[{"href":"https:\/\/ostrowskatv.pl\/index.php?rest_route=\/wp\/v2\/types\/post"}],"author":[{"embeddable":true,"href":"https:\/\/ostrowskatv.pl\/index.php?rest_route=\/wp\/v2\/users\/1"}],"replies":[{"embeddable":true,"href":"https:\/\/ostrowskatv.pl\/index.php?rest_route=%2Fwp%2Fv2%2Fcomments&post=3573"}],"version-history":[{"count":0,"href":"https:\/\/ostrowskatv.pl\/index.php?rest_route=\/wp\/v2\/posts\/3573\/revisions"}],"wp:featuredmedia":[{"embeddable":true,"href":"https:\/\/ostrowskatv.pl\/index.php?rest_route=\/wp\/v2\/media\/3574"}],"wp:attachment":[{"href":"https:\/\/ostrowskatv.pl\/index.php?rest_route=%2Fwp%2Fv2%2Fmedia&parent=3573"}],"wp:term":[{"taxonomy":"category","embeddable":true,"href":"https:\/\/ostrowskatv.pl\/index.php?rest_route=%2Fwp%2Fv2%2Fcategories&post=3573"},{"taxonomy":"post_tag","embeddable":true,"href":"https:\/\/ostrowskatv.pl\/index.php?rest_route=%2Fwp%2Fv2%2Ftags&post=3573"}],"curies":[{"name":"wp","href":"https:\/\/api.w.org\/{rel}","templated":true}]}}