{"id":35707,"date":"2025-08-14T21:06:48","date_gmt":"2025-08-14T20:06:48","guid":{"rendered":"https:\/\/ostrowskatv.pl\/?p=35707"},"modified":"2025-08-14T21:06:48","modified_gmt":"2025-08-14T20:06:48","slug":"poranne-wypadki-w-pracy-poszkodowani-trafili-do-szpitala","status":"publish","type":"post","link":"https:\/\/ostrowskatv.pl\/?p=35707","title":{"rendered":"Poranne wypadki w pracy. Poszkodowani trafili do szpitala"},"content":{"rendered":"<p><strong>W czwartek po godzinie 7 rano dosz\u0142o do dw\u00f3ch wypadk\u00f3w w pracy. Do pierwszego zdarzenia dosz\u0142o przy ulicy Obrze\u017ce, rejon ulicy Przeskok (Z\u0119bc\u00f3w) w Ostrowie Wielkopolskim. <\/strong><\/p>\n<p>Jak ustalili policjanci, wypadek mia\u0142 miejsce podczas prze\u0142adunku s\u0142up\u00f3w energetycznych. Jeden z nich odbi\u0142 si\u0119 i uderzy\u0142 pracownika w brzuch. Pogotowie ratunkowe zabra\u0142o poszkodowanego 71-latka do szpitala.<\/p>\n<p>Drugie zdarzenia mia\u0142o miejsce przed godzin\u0105 8 rano w miejscowo\u015bci Moszczanka, teren sk\u0142adowiska odpad\u00f3w, gdzie pracowa\u0142a firma podwykonawcy. M\u0119\u017cczyzna uderzony \u0142y\u017ck\u0105 od koparki. Poszkodowany zabrany do szpitala. M\u0119\u017cczyzna by\u0142 trze\u017awy 44 lata. Operator koparki 39-latek r\u00f3wnie\u017c by\u0142 trze\u017awy.<\/p>\n","protected":false},"excerpt":{"rendered":"W czwartek po godzinie 7 rano dosz\u0142o do dw\u00f3ch wypadk\u00f3w w pracy. Do pierwszego zdarzenia dosz\u0142o przy ulicy Obrze\u017ce, rejon ulicy Przeskok (Z\u0119bc\u00f3w) \n<a class=\"moretag\" href=\"https:\/\/ostrowskatv.pl\/?p=35707\"> [...]<\/a>","protected":false},"author":1,"featured_media":30516,"comment_status":"open","ping_status":"closed","sticky":false,"template":"","format":"standard","meta":{"footnotes":""},"categories":[1],"tags":[2],"class_list":["post-35707","post","type-post","status-publish","format-standard","has-post-thumbnail","hentry","category-news","tag-ostrow-wielkopolski"],"_links":{"self":[{"href":"https:\/\/ostrowskatv.pl\/index.php?rest_route=\/wp\/v2\/posts\/35707","targetHints":{"allow":["GET"]}}],"collection":[{"href":"https:\/\/ostrowskatv.pl\/index.php?rest_route=\/wp\/v2\/posts"}],"about":[{"href":"https:\/\/ostrowskatv.pl\/index.php?rest_route=\/wp\/v2\/types\/post"}],"author":[{"embeddable":true,"href":"https:\/\/ostrowskatv.pl\/index.php?rest_route=\/wp\/v2\/users\/1"}],"replies":[{"embeddable":true,"href":"https:\/\/ostrowskatv.pl\/index.php?rest_route=%2Fwp%2Fv2%2Fcomments&post=35707"}],"version-history":[{"count":1,"href":"https:\/\/ostrowskatv.pl\/index.php?rest_route=\/wp\/v2\/posts\/35707\/revisions"}],"predecessor-version":[{"id":35708,"href":"https:\/\/ostrowskatv.pl\/index.php?rest_route=\/wp\/v2\/posts\/35707\/revisions\/35708"}],"wp:featuredmedia":[{"embeddable":true,"href":"https:\/\/ostrowskatv.pl\/index.php?rest_route=\/wp\/v2\/media\/30516"}],"wp:attachment":[{"href":"https:\/\/ostrowskatv.pl\/index.php?rest_route=%2Fwp%2Fv2%2Fmedia&parent=35707"}],"wp:term":[{"taxonomy":"category","embeddable":true,"href":"https:\/\/ostrowskatv.pl\/index.php?rest_route=%2Fwp%2Fv2%2Fcategories&post=35707"},{"taxonomy":"post_tag","embeddable":true,"href":"https:\/\/ostrowskatv.pl\/index.php?rest_route=%2Fwp%2Fv2%2Ftags&post=35707"}],"curies":[{"name":"wp","href":"https:\/\/api.w.org\/{rel}","templated":true}]}}