{"id":35703,"date":"2025-08-13T13:50:46","date_gmt":"2025-08-13T12:50:46","guid":{"rendered":"https:\/\/ostrowskatv.pl\/?p=35703"},"modified":"2025-08-13T13:50:46","modified_gmt":"2025-08-13T12:50:46","slug":"obaj-mieli-prawie-po-3-promile-trudno-bylo-nie-zauwazyc-skutkow","status":"publish","type":"post","link":"https:\/\/ostrowskatv.pl\/?p=35703","title":{"rendered":"Obaj mieli prawie po 3 promile. Trudno by\u0142o nie zauwa\u017cy\u0107 skutk\u00f3w"},"content":{"rendered":"<p><strong>Miniona niedziela, godz. 21:25 \u2013 Renault prowadzony przez pijanego kierowc\u0119. <\/strong>\u015awiadek widzia\u0142, jak m\u0119\u017cczyzna kieruje pojazdem marki Renault, zachowuj\u0105c si\u0119 podejrzanie i prawdopodobnie b\u0119d\u0105c pod wp\u0142ywem alkoholu. Policja zatrzyma\u0142a 34-latka zamieszka\u0142ego w powiecie pleszewskim (Dobrzyca). Badanie wykaza\u0142o, \u017ce mia\u0142 <strong>ponad 2,8 promila alkoholu<\/strong>. Do zatrzymania dosz\u0142o na ulicy Z\u0119bcowskiej przy sklepie.<\/p>\n<p><strong>Tego samego dnia \u2013 39-latek znaleziony przy rowerze na \u015bcie\u017cce rowerowej<\/strong><br \/>\nNa ulicy Pozna\u0144skiej w Ostrowie Wielkopolskim \u015bwiadkowie zauwa\u017cyli m\u0119\u017cczyzn\u0119 le\u017c\u0105cego przy rowerze. Mia\u0142 <strong>2,7 promila alkoholu w wydychanym powietrzu<\/strong>. Zosta\u0142 przekazany innej osobie pod opiek\u0119. Policja wyja\u015bni, czy wcze\u015bniej prowadzi\u0142 rower \u2013 to mo\u017ce mie\u0107 konsekwencje prawne.<\/p>\n<h3>Co grozi za kierowanie autem po alkoholu (powy\u017cej 0,5 promila) w 2025 roku?<\/h3>\n<p>W Polsce obowi\u0105zuj\u0105 bardzo surowe przepisy dotycz\u0105ce jazdy po alkoholu:<\/p>\n<h4>1. <strong>Przest\u0119pstwo \u2013 stan nietrze\u017awo\u015bci (powy\u017cej 0,5 \u2030)<\/strong><\/h4>\n<p>Kierowanie autem z alkoholem powy\u017cej 0,5 promila stanowi <strong>przest\u0119pstwo<\/strong> zgodnie z art. 178a \u00a7 1 Kodeksu karnego. Gro\u017c\u0105 za to:<\/p>\n<ul>\n<li><strong>Kara pozbawienia wolno\u015bci do 3 lat<\/strong>,<\/li>\n<li><strong>Zakaz prowadzenia pojazd\u00f3w na co najmniej 3 lata<\/strong>, a w wyj\u0105tkowych przypadkach \u2013 <strong>do\u017cywotni<\/strong> (zw\u0142aszcza przy recydywie)<\/li>\n<li><strong>\u015awiadczenie pieni\u0119\u017cne od 5 000 z\u0142 do 60 000 z\u0142<\/strong> na rzecz Funduszu Pomocy Pokrzywdzonym i Pomocy Postpenitencjarnej<\/li>\n<li><strong>15 punkt\u00f3w karnych<\/strong><\/li>\n<\/ul>\n<h4>2. <strong>Konfiskata pojazdu<\/strong><\/h4>\n<p>Od 2024\u20132025 roku mo\u017cliwa jest konfiskata pojazdu, je\u015bli:<\/p>\n<ul>\n<li>Kierowca mia\u0142 we krwi ponad <strong>1,5 promila alkoholu<\/strong>,<\/li>\n<li>Spowodowa\u0142 wypadek jako nietrze\u017awy,<\/li>\n<li>Jest recydywist\u0105<br \/>\nProcedura: pojazd jest zabezpieczany przez policj\u0119, a nast\u0119pnie s\u0105d decyduje o jego przekazaniu Skarbowi Pa\u0144stwa<\/li>\n<\/ul>\n<h3>Czy wiele miejsca na nadziej\u0119?<\/h3>\n<p>Zatrzymani m\u0119\u017cczy\u017ani (34-latek z ponad 2,8 \u2030 i 39-latek z 2,7 \u2030) znale\u017ali si\u0119 w ekstremalnie niebezpiecznych sytuacjach. Je\u015bli 34-latek rzeczywi\u015bcie prowadzi\u0142 auto, czekaj\u0105 go surowe konsekwencje przewidziane przez prawo \u2014 nawet do kilku lat wi\u0119zienia, wieloletni zakaz prowadzenia pojazd\u00f3w i wysoka grzywna. W jego przypadku mo\u017cliwa jest tak\u017ce konfiskata auta, je\u015bli przepisy to przewiduj\u0105.<\/p>\n<p>39-latek mo\u017ce odpowiada\u0107 za prowadzenie roweru w stanie nietrze\u017awo\u015bci \u2014 to nie jest przest\u0119pstwo, ale wykroczenie, kt\u00f3re mo\u017ce skutkowa\u0107 mandatem (lub innymi sankcjami). Policja ustali, czy w og\u00f3le prowadzi\u0142 rower i podejmie decyzj\u0119 zgodnie z okoliczno\u015bciami.<\/p>\n<h3>Podsumowanie<\/h3>\n<ul>\n<li><strong>Jazda samochodem z poziomem alkoholu powy\u017cej 0,5 \u2030<\/strong> to <strong>przest\u0119pstwo<\/strong> \u2013 gro\u017c\u0105 lata wi\u0119zienia, wieloletni zakaz prowadzenia, grzywna do 60 tys. z\u0142 i punkty karne.<\/li>\n<li><strong>Powy\u017cej 1,5 \u2030<\/strong> mo\u017ce doj\u015b\u0107 do <strong>konfiskaty pojazdu<\/strong>.<\/li>\n<li>W przypadku recydywy mo\u017cliwy jest nawet <strong>do\u017cywotni zakaz prowadzenia pojazd\u00f3w<\/strong>.<\/li>\n<\/ul>\n<p>Te zatrzymania pokazuj\u0105 skal\u0119 zagro\u017cenia \u2014 a prawo dzia\u0142a teraz bardziej zdecydowanie ni\u017c kiedykolwiek.<\/p>\n","protected":false},"excerpt":{"rendered":"Miniona niedziela, godz. 21:25 \u2013 Renault prowadzony przez pijanego kierowc\u0119. \u015awiadek widzia\u0142, jak m\u0119\u017cczyzna kieruje pojazdem marki Renault, zachowuj\u0105c si\u0119 podejrzanie i prawdopodobnie \n<a class=\"moretag\" href=\"https:\/\/ostrowskatv.pl\/?p=35703\"> [...]<\/a>","protected":false},"author":1,"featured_media":30572,"comment_status":"open","ping_status":"closed","sticky":false,"template":"","format":"standard","meta":{"footnotes":""},"categories":[1],"tags":[2,320],"class_list":["post-35703","post","type-post","status-publish","format-standard","has-post-thumbnail","hentry","category-news","tag-ostrow-wielkopolski","tag-pijany"],"_links":{"self":[{"href":"https:\/\/ostrowskatv.pl\/index.php?rest_route=\/wp\/v2\/posts\/35703","targetHints":{"allow":["GET"]}}],"collection":[{"href":"https:\/\/ostrowskatv.pl\/index.php?rest_route=\/wp\/v2\/posts"}],"about":[{"href":"https:\/\/ostrowskatv.pl\/index.php?rest_route=\/wp\/v2\/types\/post"}],"author":[{"embeddable":true,"href":"https:\/\/ostrowskatv.pl\/index.php?rest_route=\/wp\/v2\/users\/1"}],"replies":[{"embeddable":true,"href":"https:\/\/ostrowskatv.pl\/index.php?rest_route=%2Fwp%2Fv2%2Fcomments&post=35703"}],"version-history":[{"count":3,"href":"https:\/\/ostrowskatv.pl\/index.php?rest_route=\/wp\/v2\/posts\/35703\/revisions"}],"predecessor-version":[{"id":35706,"href":"https:\/\/ostrowskatv.pl\/index.php?rest_route=\/wp\/v2\/posts\/35703\/revisions\/35706"}],"wp:featuredmedia":[{"embeddable":true,"href":"https:\/\/ostrowskatv.pl\/index.php?rest_route=\/wp\/v2\/media\/30572"}],"wp:attachment":[{"href":"https:\/\/ostrowskatv.pl\/index.php?rest_route=%2Fwp%2Fv2%2Fmedia&parent=35703"}],"wp:term":[{"taxonomy":"category","embeddable":true,"href":"https:\/\/ostrowskatv.pl\/index.php?rest_route=%2Fwp%2Fv2%2Fcategories&post=35703"},{"taxonomy":"post_tag","embeddable":true,"href":"https:\/\/ostrowskatv.pl\/index.php?rest_route=%2Fwp%2Fv2%2Ftags&post=35703"}],"curies":[{"name":"wp","href":"https:\/\/api.w.org\/{rel}","templated":true}]}}