{"id":357,"date":"2016-02-14T19:17:02","date_gmt":"2016-02-14T18:17:02","guid":{"rendered":"http:\/\/ostrowska.tv\/?p=357"},"modified":"2016-02-14T19:17:02","modified_gmt":"2016-02-14T18:17:02","slug":"akcja-odzyskiwania-przywlaszczonego-auta","status":"publish","type":"post","link":"https:\/\/ostrowskatv.pl\/?p=357","title":{"rendered":"Akcja odzyskiwania przyw\u0142aszczonego auta"},"content":{"rendered":"<p><strong>Akcja po\u015bcigowa zako\u0144czona sporym sukcesem. Tak mo\u017cna podsumowa\u0107 reakcj\u0119 ostrowskich funkcjonariuszy policji na zg\u0142oszenie o przyw\u0142aszczeniu auta. Skoda trafi\u0142a do w\u0142a\u015bcicieli wypo\u017cyczalni w Ostrowie Wlkp.<\/strong><\/p>\n<p>W \u015brod\u0119 wieczorem policjanci otrzymali zg\u0142oszenie od w\u0142a\u015bcicielki wypo\u017cyczalni aut o fakcie nie oddania auta w um\u00f3wionym terminie. M\u0142odzi m\u0119\u017cczy\u017ani, kt\u00f3rzy po\u017cyczyli na jedn\u0105 dob\u0119 Skod\u0119 Rapid, mieli j\u0105 odda\u0107 w \u015brod\u0119 do godziny 14:00. Gdy samoch\u00f3d nie wr\u00f3ci\u0142 na czas do wypo\u017cyczalni, pr\u00f3bowano skontaktowa\u0107 si\u0119 z najemc\u0105. Niestety, jego telefon nie odpowiada\u0142.<\/p>\n<p>W\u0142a\u015bcicielka maj\u0105c niedobre przeczucia, zg\u0142osi\u0142a fakt przyw\u0142aszczenia na policj\u0119. Gdy wraca\u0142a z komendy, zauwa\u017cy\u0142a Skod\u0119 jad\u0105c\u0105 przez Plac 23 stycznia. Natychmiast zadzwoni\u0142a na policj\u0119, przekazuj\u0105c informacj\u0119 o aktualnej lokalizacji auta. W \u015brodku siedzia\u0142o co najmniej dw\u00f3ch 20-paroletnich m\u0119\u017cczyzn.<\/p>\n<p>Radiow\u00f3z policji by\u0142 w kontakcie wzrokowym z poszukiwanym autem na skrzy\u017cowaniu ulic Raszkowska\/Konopnickiej. W\u00f3wczas policjanci w\u0142\u0105czyli sygna\u0142y \u015bwietlne i d\u017awi\u0119kowe. Kierowca Skody nie zamierza\u0142 jednak pocz\u0105tkowo si\u0119 zatrzyma\u0107. Na wysoko\u015bci TBS-\u00f3w mieli nawet przyspieszy\u0107. Jednak na ko\u0144cu Konopnickiej przy Sklejkach kierowca osob\u00f3wki zmieni\u0142 zdanie. Zatrzyma\u0142 si\u0119 na parkingu przy blokach nr 55-57.<\/p>\n<p>Po zatrzymaniu auta, pasa\u017cer zacz\u0105\u0142 ucieka\u0107. Bieg\u0142 w stron\u0119 ulicy Osadniczej. W po\u015bcig pieszy ruszy\u0142 jeden z funkcjonariuszy. Ca\u0142kowita ciemno\u015b\u0107 i teren z przeszkodami mocno utrudnia\u0142y akcj\u0119 zmierzaj\u0105c\u0105 do zatrzymania m\u0119\u017cczyzny. W rejon poszukiwa\u0144 skierowano wszystkie radiowozy. Te pomimo do\u015b\u0107 intensywnych dzia\u0142a\u0144 poszukiwawczych nie odnalaz\u0142y ubranego na ciemno zbiega.<\/p>\n<p>Kierowca, kt\u00f3ry wynaj\u0105\u0142 Skod\u0119 t\u0142umaczy\u0142 si\u0119, \u017ce jad\u0105cy za nim policyjny bus odebra\u0142 jako ambulans, a samoch\u00f3d zamierza\u0142 odda\u0107, tylko chcia\u0142 go jeszcze zatankowa\u0107. A telefon, kt\u00f3ry by\u0142 wy\u0142\u0105czony, by\u0142 pod\u0142\u0105czony do \u0142adowarki w Skodzie. Policjantom przyzna\u0142, \u017ce spo\u017cywa\u0142 wcze\u015bniej marihuan\u0119. Dlatego pobrano od niego krew do bada\u0144 na zawarto\u015b\u0107 substancji odurzaj\u0105cych. Zapytany o m\u0119\u017cczyzn\u0119, kt\u00f3ry uciek\u0142, stwierdzi\u0142, \u017ce go za bardzo nie zna. Zna tylko jego imi\u0119 i ksywk\u0119.<\/p>\n<p>&nbsp;<\/p>\n","protected":false},"excerpt":{"rendered":"Akcja po\u015bcigowa zako\u0144czona sporym sukcesem. Tak mo\u017cna podsumowa\u0107 reakcj\u0119 ostrowskich funkcjonariuszy policji na zg\u0142oszenie o przyw\u0142aszczeniu auta. Skoda trafi\u0142a do w\u0142a\u015bcicieli wypo\u017cyczalni w \n<a class=\"moretag\" href=\"https:\/\/ostrowskatv.pl\/?p=357\"> [...]<\/a>","protected":false},"author":1,"featured_media":358,"comment_status":"open","ping_status":"open","sticky":false,"template":"","format":"standard","meta":{"footnotes":""},"categories":[1],"tags":[34],"class_list":["post-357","post","type-post","status-publish","format-standard","has-post-thumbnail","hentry","category-news","tag-policja"],"_links":{"self":[{"href":"https:\/\/ostrowskatv.pl\/index.php?rest_route=\/wp\/v2\/posts\/357","targetHints":{"allow":["GET"]}}],"collection":[{"href":"https:\/\/ostrowskatv.pl\/index.php?rest_route=\/wp\/v2\/posts"}],"about":[{"href":"https:\/\/ostrowskatv.pl\/index.php?rest_route=\/wp\/v2\/types\/post"}],"author":[{"embeddable":true,"href":"https:\/\/ostrowskatv.pl\/index.php?rest_route=\/wp\/v2\/users\/1"}],"replies":[{"embeddable":true,"href":"https:\/\/ostrowskatv.pl\/index.php?rest_route=%2Fwp%2Fv2%2Fcomments&post=357"}],"version-history":[{"count":0,"href":"https:\/\/ostrowskatv.pl\/index.php?rest_route=\/wp\/v2\/posts\/357\/revisions"}],"wp:featuredmedia":[{"embeddable":true,"href":"https:\/\/ostrowskatv.pl\/index.php?rest_route=\/wp\/v2\/media\/358"}],"wp:attachment":[{"href":"https:\/\/ostrowskatv.pl\/index.php?rest_route=%2Fwp%2Fv2%2Fmedia&parent=357"}],"wp:term":[{"taxonomy":"category","embeddable":true,"href":"https:\/\/ostrowskatv.pl\/index.php?rest_route=%2Fwp%2Fv2%2Fcategories&post=357"},{"taxonomy":"post_tag","embeddable":true,"href":"https:\/\/ostrowskatv.pl\/index.php?rest_route=%2Fwp%2Fv2%2Ftags&post=357"}],"curies":[{"name":"wp","href":"https:\/\/api.w.org\/{rel}","templated":true}]}}