{"id":35696,"date":"2025-08-13T08:02:56","date_gmt":"2025-08-13T07:02:56","guid":{"rendered":"https:\/\/ostrowskatv.pl\/?p=35696"},"modified":"2025-08-13T08:04:01","modified_gmt":"2025-08-13T07:04:01","slug":"spotkanie-w-urzedzie-z-pawlem-matuszewskim-co-dalej-z-koszykarska-stala","status":"publish","type":"post","link":"https:\/\/ostrowskatv.pl\/?p=35696","title":{"rendered":"Spotkanie w urz\u0119dzie z Paw\u0142em Matuszewskim. Co dalej z koszykarsk\u0105 Stal\u0105?"},"content":{"rendered":"<p><strong>We wtorek o godzinie 13:00 w Urz\u0119dzie Miasta Ostrowa Wielkopolskiego odby\u0142o si\u0119 kolejne spotkanie w sprawie przysz\u0142o\u015bci koszykarskiej Stali Ostr\u00f3w Wlkp. Udzia\u0142 w rozmowach wzi\u0119li: przedstawiciel klubu Pawe\u0142 Matuszewski (formalnie niepe\u0142ni\u0105cy ju\u017c funkcji prezesa), prezydent miasta Beata Klimek, jej zast\u0119pca Sebastian G\u00f3rski oraz Maciej Karwacki ze sp\u00f3\u0142ki Inwestycje Sportowe. Kibice wci\u0105\u017c licz\u0105 na prze\u0142om, kt\u00f3ry pozwoli dru\u017cynie wystartowa\u0107 w nadchodz\u0105cym sezonie Orlen Basket Ligi. Strony ustali\u0142y, \u017ce ostateczna decyzja zapadnie za tydzie\u0144.<\/strong><\/p>\n<p><a href=\"https:\/\/ostrowskatv.pl\/?attachment_id=35697\" rel=\"attachment wp-att-35697\"><img loading=\"lazy\" decoding=\"async\" src=\"https:\/\/ostrowskatv.pl\/wp-content\/uploads\/2025\/08\/1000066871.jpg\" alt=\"\" width=\"1343\" height=\"987\" class=\"alignnone size-full wp-image-35697\" srcset=\"https:\/\/ostrowskatv.pl\/wp-content\/uploads\/2025\/08\/1000066871.jpg 1343w, https:\/\/ostrowskatv.pl\/wp-content\/uploads\/2025\/08\/1000066871-300x220.jpg 300w, https:\/\/ostrowskatv.pl\/wp-content\/uploads\/2025\/08\/1000066871-1333x980.jpg 1333w\" sizes=\"auto, (max-width: 1343px) 100vw, 1343px\" \/><\/a><\/p>\n<figure id=\"attachment_35698\" aria-describedby=\"caption-attachment-35698\" style=\"width: 1068px\" class=\"wp-caption alignnone\"><a href=\"https:\/\/ostrowskatv.pl\/?attachment_id=35698\" rel=\"attachment wp-att-35698\"><img loading=\"lazy\" decoding=\"async\" src=\"https:\/\/ostrowskatv.pl\/wp-content\/uploads\/2025\/08\/1000066692.jpg\" alt=\"\" width=\"1068\" height=\"1080\" class=\"size-full wp-image-35698\" srcset=\"https:\/\/ostrowskatv.pl\/wp-content\/uploads\/2025\/08\/1000066692.jpg 1068w, https:\/\/ostrowskatv.pl\/wp-content\/uploads\/2025\/08\/1000066692-297x300.jpg 297w\" sizes=\"auto, (max-width: 1068px) 100vw, 1068px\" \/><\/a><figcaption id=\"caption-attachment-35698\" class=\"wp-caption-text\">format: null; filter: null; fileterIntensity: null; filterMask: null; captureOrientation: 0;<br \/>runfunc: 0; algolist: 0;<br \/>multi-frame: 1;<br \/>brp_mask:0;<br \/>brp_del_th:null;<br \/>brp_del_sen:null;<br \/>motionR: 0;<br \/>delta:null;<br \/>module: video;hw-remosaic: false;touch: (-1.0, -1.0);sceneMode: 0;cct_value: 0;AI_Scene: (-1, -1);aec_lux: 191.80618;aec_lux_index: 0;albedo:  ;confidence:  ;motionLevel: 0;weatherinfo: weather?Sunny, icon:0, weatherInfo:100;temperature: 35;<\/figcaption><\/figure>\n<figure id=\"attachment_35699\" aria-describedby=\"caption-attachment-35699\" style=\"width: 1920px\" class=\"wp-caption alignnone\"><a href=\"https:\/\/ostrowskatv.pl\/?attachment_id=35699\" rel=\"attachment wp-att-35699\"><img loading=\"lazy\" decoding=\"async\" src=\"https:\/\/ostrowskatv.pl\/wp-content\/uploads\/2025\/08\/1000066691.jpg\" alt=\"\" width=\"1920\" height=\"1080\" class=\"size-full wp-image-35699\" srcset=\"https:\/\/ostrowskatv.pl\/wp-content\/uploads\/2025\/08\/1000066691.jpg 1920w, https:\/\/ostrowskatv.pl\/wp-content\/uploads\/2025\/08\/1000066691-300x169.jpg 300w, https:\/\/ostrowskatv.pl\/wp-content\/uploads\/2025\/08\/1000066691-1333x750.jpg 1333w, https:\/\/ostrowskatv.pl\/wp-content\/uploads\/2025\/08\/1000066691-1536x864.jpg 1536w\" sizes=\"auto, (max-width: 1920px) 100vw, 1920px\" \/><\/a><figcaption id=\"caption-attachment-35699\" class=\"wp-caption-text\">format: null; filter: null; fileterIntensity: null; filterMask: null; captureOrientation: 0;<br \/>runfunc: 0; algolist: 0;<br \/>multi-frame: 1;<br \/>brp_mask:0;<br \/>brp_del_th:null;<br \/>brp_del_sen:null;<br \/>motionR: 0;<br \/>delta:null;<br \/>module: video;hw-remosaic: false;touch: (-1.0, -1.0);sceneMode: 0;cct_value: 0;AI_Scene: (-1, -1);aec_lux: 114.723076;aec_lux_index: 0;albedo:  ;confidence:  ;motionLevel: 0;weatherinfo: weather?Sunny, icon:0, weatherInfo:100;temperature: 35;<\/figcaption><\/figure>\n<figure id=\"attachment_35700\" aria-describedby=\"caption-attachment-35700\" style=\"width: 1920px\" class=\"wp-caption alignnone\"><a href=\"https:\/\/ostrowskatv.pl\/?attachment_id=35700\" rel=\"attachment wp-att-35700\"><img loading=\"lazy\" decoding=\"async\" src=\"https:\/\/ostrowskatv.pl\/wp-content\/uploads\/2025\/08\/1000066690.jpg\" alt=\"\" width=\"1920\" height=\"1080\" class=\"size-full wp-image-35700\" srcset=\"https:\/\/ostrowskatv.pl\/wp-content\/uploads\/2025\/08\/1000066690.jpg 1920w, https:\/\/ostrowskatv.pl\/wp-content\/uploads\/2025\/08\/1000066690-300x169.jpg 300w, https:\/\/ostrowskatv.pl\/wp-content\/uploads\/2025\/08\/1000066690-1333x750.jpg 1333w, https:\/\/ostrowskatv.pl\/wp-content\/uploads\/2025\/08\/1000066690-1536x864.jpg 1536w\" sizes=\"auto, (max-width: 1920px) 100vw, 1920px\" \/><\/a><figcaption id=\"caption-attachment-35700\" class=\"wp-caption-text\">format: null; filter: null; fileterIntensity: null; filterMask: null; captureOrientation: 0;<br \/>runfunc: 0; algolist: 0;<br \/>multi-frame: 1;<br \/>brp_mask:0;<br \/>brp_del_th:null;<br \/>brp_del_sen:null;<br \/>motionR: 0;<br \/>delta:null;<br \/>module: video;hw-remosaic: false;touch: (-1.0, -1.0);sceneMode: 0;cct_value: 0;AI_Scene: (-1, -1);aec_lux: 102.297874;aec_lux_index: 0;albedo:  ;confidence:  ;motionLevel: 0;weatherinfo: weather?Sunny, icon:0, weatherInfo:100;temperature: 33;<\/figcaption><\/figure>\n<p>Nowy sezon startuje na pocz\u0105tku pa\u017adziernika, co oznacza, \u017ce zesp\u00f3\u0142 powinien rozpocz\u0105\u0107 przygotowania ju\u017c w tym tygodniu. Tymczasem wci\u0105\u017c nie wiadomo, czy klub z Ostrowa w og\u00f3le przyst\u0105pi do rozgrywek.<\/p>\n<h3>Brak zgody na dodatkowe \u015brodki<\/h3>\n<p>Ostatnie o\u015bwiadczenie Stali Ostr\u00f3w Wlkp., opublikowane 22 lipca 2025 r., zawiera\u0142o propozycj\u0119 zwi\u0119kszenia finansowania z bud\u017cetu miasta o dodatkowe miliony z\u0142otych z przeznaczeniem na sp\u0142at\u0119 zobowi\u0105za\u0144. Prezydent Beata Klimek szybko odpowiedzia\u0142a, \u017ce nie wyra\u017ca zgody na taki krok. Podkre\u015bli\u0142a, \u017ce zarz\u0105dzaj\u0105cy klubem znali wysoko\u015b\u0107 bud\u017cetu i konsekwencje swoich decyzji.<\/p>\n<h3>Niespodziewana nieobecno\u015b\u0107 prezesa i brak sponsor\u00f3w<\/h3>\n<p>W spotkaniu mia\u0142 uczestniczy\u0107 tak\u017ce obecny prezes klubu, Grzegorz Ardeli. Co ciekawe, pojawi\u0142 si\u0119 on w magistracie 20 minut przed planowanym rozpocz\u0119ciem rozm\u00f3w, ale po kilku minutach opu\u015bci\u0142 budynek i nie wzi\u0105\u0142 udzia\u0142u w dyskusji. Nie przybyli tak\u017ce zapowiadani sponsorzy, kt\u00f3rzy mieli deklarowa\u0107 ch\u0119\u0107 wsparcia koszyk\u00f3wki w Ostrowie.<\/p>\n<p>Po godzinie 14 obie strony zako\u0144czy\u0142y rozmowy bez konkretnych ustale\u0144.<\/p>\n<h3>Czas ucieka<\/h3>\n<p>Do startu rozgrywek pozosta\u0142o nieco ponad sze\u015b\u0107 tygodni. Obecnie wa\u017cne kontrakty posiada jedynie czterech zawodnik\u00f3w. W\u0142adze Polskiej Ligi Koszyk\u00f3wki r\u00f3wnie\u017c czekaj\u0105 na ostateczne stanowisko klubu. Jak wynika z rozm\u00f3w w urz\u0119dzie, miasto jest zainteresowane tym, aby dru\u017cyna wystartowa\u0142a.<\/p>\n<p>Pawe\u0142 Matuszewski, kt\u00f3ry wed\u0142ug publikacji prasowych mia\u0142 w poprzednich latach wy\u0142o\u017cy\u0107 du\u017ce \u015brodki na rozw\u00f3j ostrowskiego basketu, stoi teraz przed szans\u0105 udowodnienia, jak bardzo zale\u017cy mu na klubie. Nieoficjalnie m\u00f3wi si\u0119, \u017ce bez jego aprobaty nikt nie obejmuje funkcji prezesa Stali, co \u2013 zdaniem wielu \u2013 powinno wi\u0105za\u0107 si\u0119 tak\u017ce z odpowiedzialno\u015bci\u0105 za obecn\u0105 sytuacj\u0119.<\/p>\n<p>Warto doda\u0107, \u017ce inne kluby sportowe mog\u0105 tylko marzy\u0107 o tak du\u017cym wsparciu ze strony miasta, zw\u0142aszcza w trudnych czasach. Zaufanie do w\u0142adz Stali os\u0142ab\u0142o tak\u017ce w \u015brodowisku trenerskim, co dodatkowo komplikuje przysz\u0142o\u015b\u0107 dru\u017cyny.<\/p>\n","protected":false},"excerpt":{"rendered":"We wtorek o godzinie 13:00 w Urz\u0119dzie Miasta Ostrowa Wielkopolskiego odby\u0142o si\u0119 kolejne spotkanie w sprawie przysz\u0142o\u015bci koszykarskiej Stali Ostr\u00f3w Wlkp. Udzia\u0142 w \n<a class=\"moretag\" href=\"https:\/\/ostrowskatv.pl\/?p=35696\"> [...]<\/a>","protected":false},"author":1,"featured_media":35701,"comment_status":"open","ping_status":"closed","sticky":false,"template":"","format":"standard","meta":{"footnotes":""},"categories":[1],"tags":[2],"class_list":["post-35696","post","type-post","status-publish","format-standard","has-post-thumbnail","hentry","category-news","tag-ostrow-wielkopolski"],"_links":{"self":[{"href":"https:\/\/ostrowskatv.pl\/index.php?rest_route=\/wp\/v2\/posts\/35696","targetHints":{"allow":["GET"]}}],"collection":[{"href":"https:\/\/ostrowskatv.pl\/index.php?rest_route=\/wp\/v2\/posts"}],"about":[{"href":"https:\/\/ostrowskatv.pl\/index.php?rest_route=\/wp\/v2\/types\/post"}],"author":[{"embeddable":true,"href":"https:\/\/ostrowskatv.pl\/index.php?rest_route=\/wp\/v2\/users\/1"}],"replies":[{"embeddable":true,"href":"https:\/\/ostrowskatv.pl\/index.php?rest_route=%2Fwp%2Fv2%2Fcomments&post=35696"}],"version-history":[{"count":1,"href":"https:\/\/ostrowskatv.pl\/index.php?rest_route=\/wp\/v2\/posts\/35696\/revisions"}],"predecessor-version":[{"id":35702,"href":"https:\/\/ostrowskatv.pl\/index.php?rest_route=\/wp\/v2\/posts\/35696\/revisions\/35702"}],"wp:featuredmedia":[{"embeddable":true,"href":"https:\/\/ostrowskatv.pl\/index.php?rest_route=\/wp\/v2\/media\/35701"}],"wp:attachment":[{"href":"https:\/\/ostrowskatv.pl\/index.php?rest_route=%2Fwp%2Fv2%2Fmedia&parent=35696"}],"wp:term":[{"taxonomy":"category","embeddable":true,"href":"https:\/\/ostrowskatv.pl\/index.php?rest_route=%2Fwp%2Fv2%2Fcategories&post=35696"},{"taxonomy":"post_tag","embeddable":true,"href":"https:\/\/ostrowskatv.pl\/index.php?rest_route=%2Fwp%2Fv2%2Ftags&post=35696"}],"curies":[{"name":"wp","href":"https:\/\/api.w.org\/{rel}","templated":true}]}}