{"id":3565,"date":"2017-04-27T19:08:27","date_gmt":"2017-04-27T18:08:27","guid":{"rendered":"http:\/\/ostrowska.tv\/?p=3565"},"modified":"2017-04-28T08:27:48","modified_gmt":"2017-04-28T07:27:48","slug":"tajemnicza-smierc-9-latka","status":"publish","type":"post","link":"https:\/\/ostrowskatv.pl\/?p=3565","title":{"rendered":"Tajemnicza \u015bmier\u0107 9-latka"},"content":{"rendered":"<p><strong>W czwartek o godzinie 14:30 zmar\u0142 9-letni ch\u0142opiec. Do tragedii dosz\u0142o w jednym z mieszka\u0144 przy ul. Kolejowej w Ostrowie Wlkp. Prokurator podaje, \u017ce \u015bmier\u0107 by\u0142a najprawdopodobniej skutkiem zabawy w domu.<br \/>\n<\/strong><\/p>\n<p>Po godzinie 13:00 ch\u0142opiec bawi\u0142 si\u0119 z cz\u0142onkiem rodziny na dmuchanym materacu. W pewnym momencie mia\u0142o doj\u015b\u0107 do nieszcz\u0119\u015bliwego uderzenia dziecka w brzuch przez osob\u0119 doros\u0142\u0105. Stan 9-latka zacz\u0105\u0142 si\u0119 pogarsza\u0107. Wezwano pogotowie. Pr\u00f3bowano uratowa\u0107 go przewo\u017c\u0105c do szpitala. To si\u0119 niestety nie uda\u0142o. O ostatecznych przyczynach zgonu b\u0119dzie mo\u017cna m\u00f3wi\u0107 dopiero po przeprowadzeniu sekcji zw\u0142ok. Jeszcze w czwartek\u00a0 <strong>policjanci pod nadzorem prokuratora pr\u00f3bowali ustali\u0107 okoliczno\u015bci tego przez ponad 4 godziny.<\/strong><\/p>\n<div id='gallery-1' class='gallery galleryid-3565 gallery-columns-3 gallery-size-thumbnail'><figure class='gallery-item'>\n\t\t\t<div class='gallery-icon landscape'>\n\t\t\t\t<a href='https:\/\/ostrowskatv.pl\/?attachment_id=3566'><img loading=\"lazy\" decoding=\"async\" width=\"150\" height=\"150\" src=\"https:\/\/ostrowskatv.pl\/wp-content\/uploads\/2017\/04\/20170427_171704-www-150x150.jpg\" class=\"attachment-thumbnail size-thumbnail\" alt=\"\" \/><\/a>\n\t\t\t<\/div><\/figure><figure class='gallery-item'>\n\t\t\t<div class='gallery-icon landscape'>\n\t\t\t\t<a href='https:\/\/ostrowskatv.pl\/?attachment_id=3567'><img loading=\"lazy\" decoding=\"async\" width=\"150\" height=\"150\" src=\"https:\/\/ostrowskatv.pl\/wp-content\/uploads\/2017\/04\/20170427_171032-www-150x150.jpg\" class=\"attachment-thumbnail size-thumbnail\" alt=\"\" \/><\/a>\n\t\t\t<\/div><\/figure>\n\t\t<\/div>\n\n","protected":false},"excerpt":{"rendered":"W czwartek o godzinie 14:30 zmar\u0142 9-letni ch\u0142opiec. Do tragedii dosz\u0142o w jednym z mieszka\u0144 przy ul. Kolejowej w Ostrowie Wlkp. Prokurator podaje, \n<a class=\"moretag\" href=\"https:\/\/ostrowskatv.pl\/?p=3565\"> [...]<\/a>","protected":false},"author":1,"featured_media":3566,"comment_status":"open","ping_status":"open","sticky":false,"template":"","format":"standard","meta":{"footnotes":""},"categories":[1],"tags":[2],"class_list":["post-3565","post","type-post","status-publish","format-standard","has-post-thumbnail","hentry","category-news","tag-ostrow-wielkopolski"],"_links":{"self":[{"href":"https:\/\/ostrowskatv.pl\/index.php?rest_route=\/wp\/v2\/posts\/3565","targetHints":{"allow":["GET"]}}],"collection":[{"href":"https:\/\/ostrowskatv.pl\/index.php?rest_route=\/wp\/v2\/posts"}],"about":[{"href":"https:\/\/ostrowskatv.pl\/index.php?rest_route=\/wp\/v2\/types\/post"}],"author":[{"embeddable":true,"href":"https:\/\/ostrowskatv.pl\/index.php?rest_route=\/wp\/v2\/users\/1"}],"replies":[{"embeddable":true,"href":"https:\/\/ostrowskatv.pl\/index.php?rest_route=%2Fwp%2Fv2%2Fcomments&post=3565"}],"version-history":[{"count":0,"href":"https:\/\/ostrowskatv.pl\/index.php?rest_route=\/wp\/v2\/posts\/3565\/revisions"}],"wp:featuredmedia":[{"embeddable":true,"href":"https:\/\/ostrowskatv.pl\/index.php?rest_route=\/wp\/v2\/media\/3566"}],"wp:attachment":[{"href":"https:\/\/ostrowskatv.pl\/index.php?rest_route=%2Fwp%2Fv2%2Fmedia&parent=3565"}],"wp:term":[{"taxonomy":"category","embeddable":true,"href":"https:\/\/ostrowskatv.pl\/index.php?rest_route=%2Fwp%2Fv2%2Fcategories&post=3565"},{"taxonomy":"post_tag","embeddable":true,"href":"https:\/\/ostrowskatv.pl\/index.php?rest_route=%2Fwp%2Fv2%2Ftags&post=3565"}],"curies":[{"name":"wp","href":"https:\/\/api.w.org\/{rel}","templated":true}]}}