{"id":35645,"date":"2025-08-08T14:58:50","date_gmt":"2025-08-08T13:58:50","guid":{"rendered":"https:\/\/ostrowskatv.pl\/?p=35645"},"modified":"2025-08-08T14:58:50","modified_gmt":"2025-08-08T13:58:50","slug":"16-letni-rowerzysta-potracony","status":"publish","type":"post","link":"https:\/\/ostrowskatv.pl\/?p=35645","title":{"rendered":"16-letni rowerzysta potr\u0105cony"},"content":{"rendered":"<p>W pi\u0105tek po godzinie 15 dosz\u0142o do potr\u0105cenia 16-letniego rowerzysty przez kierowc\u0119 Peugeota. Do zdarzenia dosz\u0142o w rejonie skrzy\u017cowania ulic Gorzyckiej i Traugutta w Ostrowie Wielkopolskim.<\/p>\n<p>Na miejsce wys\u0142ano policj\u0119, karetk\u0119 i dwa zast\u0119py stra\u017cy po\u017carnej. Te ostatnie wydaje si\u0119, \u017ce niepotrzebnie wys\u0142ano, poniewa\u017c sytuacja by\u0142a opanowana, a 16-latek w do\u015b\u0107 dobrym stanie trafi\u0142 do karetki pogotowia ratunkowego. Nie znamy jednak dramatyzmu z jakim kto\u015b przekazywa\u0142 informacji nt. tego wypadku. <\/p>\n<p>Policja ustala dok\u0142adne okoliczno\u015bci. <\/p>\n<figure id=\"attachment_35646\" aria-describedby=\"caption-attachment-35646\" style=\"width: 1920px\" class=\"wp-caption alignnone\"><a href=\"https:\/\/ostrowskatv.pl\/?attachment_id=35646\" rel=\"attachment wp-att-35646\"><img loading=\"lazy\" decoding=\"async\" src=\"https:\/\/ostrowskatv.pl\/wp-content\/uploads\/2025\/08\/1000065884.jpg\" alt=\"\" width=\"1920\" height=\"1080\" class=\"size-full wp-image-35646\" srcset=\"https:\/\/ostrowskatv.pl\/wp-content\/uploads\/2025\/08\/1000065884.jpg 1920w, https:\/\/ostrowskatv.pl\/wp-content\/uploads\/2025\/08\/1000065884-300x169.jpg 300w, https:\/\/ostrowskatv.pl\/wp-content\/uploads\/2025\/08\/1000065884-1333x750.jpg 1333w, https:\/\/ostrowskatv.pl\/wp-content\/uploads\/2025\/08\/1000065884-1536x864.jpg 1536w\" sizes=\"auto, (max-width: 1920px) 100vw, 1920px\" \/><\/a><figcaption id=\"caption-attachment-35646\" class=\"wp-caption-text\">format: 0; filter: 0; fileterIntensity: 0.0; filterMask: 0; captureOrientation: 0;<br \/>runfunc: 0; algolist: 0;<br \/>multi-frame: 1;<br \/>brp_mask:0;<br \/>brp_del_th:0.0000,0.0000;<br \/>brp_del_sen:0.0000,0.0000;<br \/>motionR: 3;<br \/>delta:1;<br \/>bokeh:1;<br \/>module: photo;hw-remosaic: false;touch: (-1.0, -1.0);sceneMode: 13107200;cct_value: 0;AI_Scene: (20, 0);aec_lux: 135.81331;aec_lux_index: 0;albedo:  ;confidence:  ;motionLevel: -1;weatherinfo: weather?Mostly cloudy, icon:1, weatherInfo:100;temperature: 39;zeissColor: nature;<\/figcaption><\/figure>\n<figure id=\"attachment_35647\" aria-describedby=\"caption-attachment-35647\" style=\"width: 1920px\" class=\"wp-caption alignnone\"><a href=\"https:\/\/ostrowskatv.pl\/?attachment_id=35647\" rel=\"attachment wp-att-35647\"><img loading=\"lazy\" decoding=\"async\" src=\"https:\/\/ostrowskatv.pl\/wp-content\/uploads\/2025\/08\/1000065883.jpg\" alt=\"\" width=\"1920\" height=\"1021\" class=\"size-full wp-image-35647\" srcset=\"https:\/\/ostrowskatv.pl\/wp-content\/uploads\/2025\/08\/1000065883.jpg 1920w, https:\/\/ostrowskatv.pl\/wp-content\/uploads\/2025\/08\/1000065883-300x160.jpg 300w, https:\/\/ostrowskatv.pl\/wp-content\/uploads\/2025\/08\/1000065883-1333x709.jpg 1333w, https:\/\/ostrowskatv.pl\/wp-content\/uploads\/2025\/08\/1000065883-1536x817.jpg 1536w\" sizes=\"auto, (max-width: 1920px) 100vw, 1920px\" \/><\/a><figcaption id=\"caption-attachment-35647\" class=\"wp-caption-text\">format: 0; filter: 0; fileterIntensity: 0.0; filterMask: 0; captureOrientation: 0;<br \/>runfunc: 0; algolist: 0;<br \/>multi-frame: 1;<br \/>brp_mask:0;<br \/>brp_del_th:0.0000,0.0000;<br \/>brp_del_sen:0.0000,0.0000;<br \/>motionR: 0;<br \/>delta:1;<br \/>bokeh:1;<br \/>module: photo;hw-remosaic: false;touch: (-1.0, -1.0);sceneMode: 13107200;cct_value: 0;AI_Scene: (-1, -1);aec_lux: 120.26285;aec_lux_index: 0;albedo:  ;confidence:  ;motionLevel: 0;weatherinfo: weather?Mostly cloudy, icon:1, weatherInfo:100;temperature: 40;zeissColor: nature;<\/figcaption><\/figure>\n<figure id=\"attachment_35648\" aria-describedby=\"caption-attachment-35648\" style=\"width: 1920px\" class=\"wp-caption alignnone\"><a href=\"https:\/\/ostrowskatv.pl\/?attachment_id=35648\" rel=\"attachment wp-att-35648\"><img loading=\"lazy\" decoding=\"async\" src=\"https:\/\/ostrowskatv.pl\/wp-content\/uploads\/2025\/08\/1000065882.jpg\" alt=\"\" width=\"1920\" height=\"1080\" class=\"size-full wp-image-35648\" srcset=\"https:\/\/ostrowskatv.pl\/wp-content\/uploads\/2025\/08\/1000065882.jpg 1920w, https:\/\/ostrowskatv.pl\/wp-content\/uploads\/2025\/08\/1000065882-300x169.jpg 300w, https:\/\/ostrowskatv.pl\/wp-content\/uploads\/2025\/08\/1000065882-1333x750.jpg 1333w, https:\/\/ostrowskatv.pl\/wp-content\/uploads\/2025\/08\/1000065882-1536x864.jpg 1536w\" sizes=\"auto, (max-width: 1920px) 100vw, 1920px\" \/><\/a><figcaption id=\"caption-attachment-35648\" class=\"wp-caption-text\">format: 0; filter: 0; fileterIntensity: 0.0; filterMask: 0; captureOrientation: 0;<br \/>runfunc: 0; algolist: 0;<br \/>multi-frame: 1;<br \/>brp_mask:0;<br \/>brp_del_th:0.0000,0.0000;<br \/>brp_del_sen:0.0000,0.0000;<br \/>motionR: 0;<br \/>delta:1;<br \/>bokeh:1;<br \/>module: photo;hw-remosaic: false;touch: (-1.0, -1.0);sceneMode: 13107200;cct_value: 0;AI_Scene: (-1, -1);aec_lux: 115.1651;aec_lux_index: 0;albedo:  ;confidence:  ;motionLevel: 1;weatherinfo: weather?Mostly cloudy, icon:1, weatherInfo:100;temperature: 39;zeissColor: nature;<\/figcaption><\/figure>\n<figure id=\"attachment_35649\" aria-describedby=\"caption-attachment-35649\" style=\"width: 1919px\" class=\"wp-caption alignnone\"><a href=\"https:\/\/ostrowskatv.pl\/?attachment_id=35649\" rel=\"attachment wp-att-35649\"><img loading=\"lazy\" decoding=\"async\" src=\"https:\/\/ostrowskatv.pl\/wp-content\/uploads\/2025\/08\/1000065881.jpg\" alt=\"\" width=\"1919\" height=\"1080\" class=\"size-full wp-image-35649\" srcset=\"https:\/\/ostrowskatv.pl\/wp-content\/uploads\/2025\/08\/1000065881.jpg 1919w, https:\/\/ostrowskatv.pl\/wp-content\/uploads\/2025\/08\/1000065881-300x169.jpg 300w, https:\/\/ostrowskatv.pl\/wp-content\/uploads\/2025\/08\/1000065881-1333x750.jpg 1333w, https:\/\/ostrowskatv.pl\/wp-content\/uploads\/2025\/08\/1000065881-1536x864.jpg 1536w\" sizes=\"auto, (max-width: 1919px) 100vw, 1919px\" \/><\/a><figcaption id=\"caption-attachment-35649\" class=\"wp-caption-text\">format: 0; filter: 0; fileterIntensity: 0.0; filterMask: 0; captureOrientation: 0;<br \/>runfunc: 0; algolist: 0;<br \/>multi-frame: 1;<br \/>brp_mask:0;<br \/>brp_del_th:0.0000,0.0000;<br \/>brp_del_sen:0.0000,0.0000;<br \/>motionR: 1;<br \/>delta:1;<br \/>bokeh:1;<br \/>module: photo;hw-remosaic: false;touch: (-1.0, -1.0);sceneMode: 13107200;cct_value: 0;AI_Scene: (-1, -1);aec_lux: 137.19443;aec_lux_index: 0;albedo:  ;confidence:  ;motionLevel: -1;weatherinfo: weather?Mostly cloudy, icon:1, weatherInfo:100;temperature: 37;zeissColor: nature;<\/figcaption><\/figure>\n","protected":false},"excerpt":{"rendered":"W pi\u0105tek po godzinie 15 dosz\u0142o do potr\u0105cenia 16-letniego rowerzysty przez kierowc\u0119 Peugeota. Do zdarzenia dosz\u0142o w rejonie skrzy\u017cowania ulic Gorzyckiej i Traugutta \n<a class=\"moretag\" href=\"https:\/\/ostrowskatv.pl\/?p=35645\"> [...]<\/a>","protected":false},"author":1,"featured_media":35649,"comment_status":"open","ping_status":"closed","sticky":false,"template":"","format":"standard","meta":{"footnotes":""},"categories":[1],"tags":[],"class_list":["post-35645","post","type-post","status-publish","format-standard","has-post-thumbnail","hentry","category-news"],"_links":{"self":[{"href":"https:\/\/ostrowskatv.pl\/index.php?rest_route=\/wp\/v2\/posts\/35645","targetHints":{"allow":["GET"]}}],"collection":[{"href":"https:\/\/ostrowskatv.pl\/index.php?rest_route=\/wp\/v2\/posts"}],"about":[{"href":"https:\/\/ostrowskatv.pl\/index.php?rest_route=\/wp\/v2\/types\/post"}],"author":[{"embeddable":true,"href":"https:\/\/ostrowskatv.pl\/index.php?rest_route=\/wp\/v2\/users\/1"}],"replies":[{"embeddable":true,"href":"https:\/\/ostrowskatv.pl\/index.php?rest_route=%2Fwp%2Fv2%2Fcomments&post=35645"}],"version-history":[{"count":1,"href":"https:\/\/ostrowskatv.pl\/index.php?rest_route=\/wp\/v2\/posts\/35645\/revisions"}],"predecessor-version":[{"id":35650,"href":"https:\/\/ostrowskatv.pl\/index.php?rest_route=\/wp\/v2\/posts\/35645\/revisions\/35650"}],"wp:featuredmedia":[{"embeddable":true,"href":"https:\/\/ostrowskatv.pl\/index.php?rest_route=\/wp\/v2\/media\/35649"}],"wp:attachment":[{"href":"https:\/\/ostrowskatv.pl\/index.php?rest_route=%2Fwp%2Fv2%2Fmedia&parent=35645"}],"wp:term":[{"taxonomy":"category","embeddable":true,"href":"https:\/\/ostrowskatv.pl\/index.php?rest_route=%2Fwp%2Fv2%2Fcategories&post=35645"},{"taxonomy":"post_tag","embeddable":true,"href":"https:\/\/ostrowskatv.pl\/index.php?rest_route=%2Fwp%2Fv2%2Ftags&post=35645"}],"curies":[{"name":"wp","href":"https:\/\/api.w.org\/{rel}","templated":true}]}}