{"id":35643,"date":"2025-08-08T08:58:16","date_gmt":"2025-08-08T07:58:16","guid":{"rendered":"https:\/\/ostrowskatv.pl\/?p=35643"},"modified":"2025-08-08T08:58:16","modified_gmt":"2025-08-08T07:58:16","slug":"radiowoz-rozbity-policjant-bez-mandatu","status":"publish","type":"post","link":"https:\/\/ostrowskatv.pl\/?p=35643","title":{"rendered":"Radiow\u00f3z rozbity. Policjant bez mandatu"},"content":{"rendered":"<p><strong>W pi\u0105tek o godzinie 5.30 dosz\u0142o do zdarzenia drogowego na trasie Odolan\u00f3w &#8211; Bonik\u00f3w. Funkcjonariusz z gminy jecha\u0142 Ki\u0105 Sportage kiedy nagle na drog\u0119 wbieg\u0142o le\u015bne zwierz\u0119. <\/strong><\/p>\n<p>Po potr\u0105ceniu radiow\u00f3z zosta\u0142 uszkodzony, a zwierz\u0119 uciek\u0142o i nie zosta\u0142o odnalezione. Do ko\u0144ca nie wiadomo czy to by\u0142 dzik, sarna a mo\u017ce lis. Jedno jest pewne. Takie zdarzenia nie zosta\u0142o zakwalifikowane ani jako wypadek ani kolizja i dlatego policjant nie zosta\u0142 ukarany.<\/p>\n<p>Wszcz\u0119to wewn\u0119trzne post\u0119powanie wyja\u015bniaj\u0105ce z uwagi na uszkodzony radiow\u00f3z.<\/p>\n","protected":false},"excerpt":{"rendered":"W pi\u0105tek o godzinie 5.30 dosz\u0142o do zdarzenia drogowego na trasie Odolan\u00f3w &#8211; Bonik\u00f3w. Funkcjonariusz z gminy jecha\u0142 Ki\u0105 Sportage kiedy nagle na \n<a class=\"moretag\" href=\"https:\/\/ostrowskatv.pl\/?p=35643\"> [...]<\/a>","protected":false},"author":1,"featured_media":30516,"comment_status":"open","ping_status":"closed","sticky":false,"template":"","format":"standard","meta":{"footnotes":""},"categories":[1],"tags":[],"class_list":["post-35643","post","type-post","status-publish","format-standard","has-post-thumbnail","hentry","category-news"],"_links":{"self":[{"href":"https:\/\/ostrowskatv.pl\/index.php?rest_route=\/wp\/v2\/posts\/35643","targetHints":{"allow":["GET"]}}],"collection":[{"href":"https:\/\/ostrowskatv.pl\/index.php?rest_route=\/wp\/v2\/posts"}],"about":[{"href":"https:\/\/ostrowskatv.pl\/index.php?rest_route=\/wp\/v2\/types\/post"}],"author":[{"embeddable":true,"href":"https:\/\/ostrowskatv.pl\/index.php?rest_route=\/wp\/v2\/users\/1"}],"replies":[{"embeddable":true,"href":"https:\/\/ostrowskatv.pl\/index.php?rest_route=%2Fwp%2Fv2%2Fcomments&post=35643"}],"version-history":[{"count":1,"href":"https:\/\/ostrowskatv.pl\/index.php?rest_route=\/wp\/v2\/posts\/35643\/revisions"}],"predecessor-version":[{"id":35644,"href":"https:\/\/ostrowskatv.pl\/index.php?rest_route=\/wp\/v2\/posts\/35643\/revisions\/35644"}],"wp:featuredmedia":[{"embeddable":true,"href":"https:\/\/ostrowskatv.pl\/index.php?rest_route=\/wp\/v2\/media\/30516"}],"wp:attachment":[{"href":"https:\/\/ostrowskatv.pl\/index.php?rest_route=%2Fwp%2Fv2%2Fmedia&parent=35643"}],"wp:term":[{"taxonomy":"category","embeddable":true,"href":"https:\/\/ostrowskatv.pl\/index.php?rest_route=%2Fwp%2Fv2%2Fcategories&post=35643"},{"taxonomy":"post_tag","embeddable":true,"href":"https:\/\/ostrowskatv.pl\/index.php?rest_route=%2Fwp%2Fv2%2Ftags&post=35643"}],"curies":[{"name":"wp","href":"https:\/\/api.w.org\/{rel}","templated":true}]}}