{"id":35628,"date":"2025-08-06T06:45:49","date_gmt":"2025-08-06T05:45:49","guid":{"rendered":"https:\/\/ostrowskatv.pl\/?p=35628"},"modified":"2025-08-06T06:45:49","modified_gmt":"2025-08-06T05:45:49","slug":"kiedy-pomyli-sie-pedal-gazu-z-hamulcem","status":"publish","type":"post","link":"https:\/\/ostrowskatv.pl\/?p=35628","title":{"rendered":"Kiedy pomyli si\u0119 peda\u0142 gazu z hamulcem"},"content":{"rendered":"<p>O tym, \u017ce wraz z wiekiem spada sprawno\u015b\u0107 motoryczna przekona\u0142a si\u0119 o tym 76-letnia kobieta. We wtorkowe popo\u0142udnie jecha\u0142a Citroenem ulic\u0105 Jasn\u0105 w Ostrowie Wielkopolskim.<\/p>\n<p>Doje\u017cd\u017caj\u0105c do ulicy Wylotowej pomyli\u0142a gaz z hamulcem i wjecha\u0142a w barier\u0119 energoch\u0142onn\u0105. Szcz\u0119\u015bliwie zar\u00f3wno sobie jak i innym osobom nie wyrz\u0105dzi\u0142a krzywdy.\u00a0<\/p>\n<p>Kobiete ukarano mandatem karnym.\u00a0<\/p>\n","protected":false},"excerpt":{"rendered":"O tym, \u017ce wraz z wiekiem spada sprawno\u015b\u0107 motoryczna przekona\u0142a si\u0119 o tym 76-letnia kobieta. We wtorkowe popo\u0142udnie jecha\u0142a Citroenem ulic\u0105 Jasn\u0105 w \n<a class=\"moretag\" href=\"https:\/\/ostrowskatv.pl\/?p=35628\"> [...]<\/a>","protected":false},"author":1,"featured_media":35629,"comment_status":"open","ping_status":"closed","sticky":false,"template":"","format":"standard","meta":{"footnotes":""},"categories":[1],"tags":[48],"class_list":["post-35628","post","type-post","status-publish","format-standard","has-post-thumbnail","hentry","category-news","tag-kolizja"],"_links":{"self":[{"href":"https:\/\/ostrowskatv.pl\/index.php?rest_route=\/wp\/v2\/posts\/35628","targetHints":{"allow":["GET"]}}],"collection":[{"href":"https:\/\/ostrowskatv.pl\/index.php?rest_route=\/wp\/v2\/posts"}],"about":[{"href":"https:\/\/ostrowskatv.pl\/index.php?rest_route=\/wp\/v2\/types\/post"}],"author":[{"embeddable":true,"href":"https:\/\/ostrowskatv.pl\/index.php?rest_route=\/wp\/v2\/users\/1"}],"replies":[{"embeddable":true,"href":"https:\/\/ostrowskatv.pl\/index.php?rest_route=%2Fwp%2Fv2%2Fcomments&post=35628"}],"version-history":[{"count":1,"href":"https:\/\/ostrowskatv.pl\/index.php?rest_route=\/wp\/v2\/posts\/35628\/revisions"}],"predecessor-version":[{"id":35630,"href":"https:\/\/ostrowskatv.pl\/index.php?rest_route=\/wp\/v2\/posts\/35628\/revisions\/35630"}],"wp:featuredmedia":[{"embeddable":true,"href":"https:\/\/ostrowskatv.pl\/index.php?rest_route=\/wp\/v2\/media\/35629"}],"wp:attachment":[{"href":"https:\/\/ostrowskatv.pl\/index.php?rest_route=%2Fwp%2Fv2%2Fmedia&parent=35628"}],"wp:term":[{"taxonomy":"category","embeddable":true,"href":"https:\/\/ostrowskatv.pl\/index.php?rest_route=%2Fwp%2Fv2%2Fcategories&post=35628"},{"taxonomy":"post_tag","embeddable":true,"href":"https:\/\/ostrowskatv.pl\/index.php?rest_route=%2Fwp%2Fv2%2Ftags&post=35628"}],"curies":[{"name":"wp","href":"https:\/\/api.w.org\/{rel}","templated":true}]}}