{"id":35568,"date":"2025-07-31T19:31:02","date_gmt":"2025-07-31T18:31:02","guid":{"rendered":"https:\/\/ostrowskatv.pl\/?p=35568"},"modified":"2025-07-31T19:31:02","modified_gmt":"2025-07-31T18:31:02","slug":"pracownik-urzedu-odkryl-cialo-mezczyzny","status":"publish","type":"post","link":"https:\/\/ostrowskatv.pl\/?p=35568","title":{"rendered":"Pracownik urz\u0119du odkry\u0142 cia\u0142o m\u0119\u017cczyzny"},"content":{"rendered":"<p><strong>W czwartek rano pracownik gospodarczy urz\u0119du gminy Nowe Skalmierzyce dokona\u0142 strasznego odkrycia. Z ty\u0142u budynku Centrum Aktywno\u015bci Spo\u0142ecznej, zlokalizowanego przy ulicy Mostowej 1 w Nowych Skalmierzycach dojrza\u0142 cia\u0142o le\u017c\u0105cego m\u0119\u017cczyzny.<\/strong><\/p>\n<p>M\u0119\u017cczyzna ju\u017c nie \u017cy\u0142. Jak ustalili \u015bledczy, m\u0119\u017cczyzna wcze\u015bniej chorowa\u0142, a na co dzie\u0144 mieszka\u0142 ze starszym cz\u0142onkiem rodziny. Cia\u0142o 51-letniego m\u0119\u017cczyzny zabezpieczono do sekcji.<\/p>\n<p>B\u0119d\u0105cy na miejscu lekarz nie znalaz\u0142 \u015blad\u00f3w dokonanych przez osoby trzecie, a kt\u00f3re to na pierwszy rzut oka mog\u0142y spowodowa\u0107 zgon. \u015aledztwo trwa.<\/p>\n","protected":false},"excerpt":{"rendered":"W czwartek rano pracownik gospodarczy urz\u0119du gminy Nowe Skalmierzyce dokona\u0142 strasznego odkrycia. Z ty\u0142u budynku Centrum Aktywno\u015bci Spo\u0142ecznej, zlokalizowanego przy ulicy Mostowej 1 \n<a class=\"moretag\" href=\"https:\/\/ostrowskatv.pl\/?p=35568\"> [...]<\/a>","protected":false},"author":1,"featured_media":17803,"comment_status":"open","ping_status":"closed","sticky":false,"template":"","format":"standard","meta":{"footnotes":""},"categories":[1],"tags":[],"class_list":["post-35568","post","type-post","status-publish","format-standard","has-post-thumbnail","hentry","category-news"],"_links":{"self":[{"href":"https:\/\/ostrowskatv.pl\/index.php?rest_route=\/wp\/v2\/posts\/35568","targetHints":{"allow":["GET"]}}],"collection":[{"href":"https:\/\/ostrowskatv.pl\/index.php?rest_route=\/wp\/v2\/posts"}],"about":[{"href":"https:\/\/ostrowskatv.pl\/index.php?rest_route=\/wp\/v2\/types\/post"}],"author":[{"embeddable":true,"href":"https:\/\/ostrowskatv.pl\/index.php?rest_route=\/wp\/v2\/users\/1"}],"replies":[{"embeddable":true,"href":"https:\/\/ostrowskatv.pl\/index.php?rest_route=%2Fwp%2Fv2%2Fcomments&post=35568"}],"version-history":[{"count":1,"href":"https:\/\/ostrowskatv.pl\/index.php?rest_route=\/wp\/v2\/posts\/35568\/revisions"}],"predecessor-version":[{"id":35569,"href":"https:\/\/ostrowskatv.pl\/index.php?rest_route=\/wp\/v2\/posts\/35568\/revisions\/35569"}],"wp:featuredmedia":[{"embeddable":true,"href":"https:\/\/ostrowskatv.pl\/index.php?rest_route=\/wp\/v2\/media\/17803"}],"wp:attachment":[{"href":"https:\/\/ostrowskatv.pl\/index.php?rest_route=%2Fwp%2Fv2%2Fmedia&parent=35568"}],"wp:term":[{"taxonomy":"category","embeddable":true,"href":"https:\/\/ostrowskatv.pl\/index.php?rest_route=%2Fwp%2Fv2%2Fcategories&post=35568"},{"taxonomy":"post_tag","embeddable":true,"href":"https:\/\/ostrowskatv.pl\/index.php?rest_route=%2Fwp%2Fv2%2Ftags&post=35568"}],"curies":[{"name":"wp","href":"https:\/\/api.w.org\/{rel}","templated":true}]}}