{"id":35528,"date":"2025-07-28T13:36:03","date_gmt":"2025-07-28T12:36:03","guid":{"rendered":"https:\/\/ostrowskatv.pl\/?p=35528"},"modified":"2025-07-28T13:36:03","modified_gmt":"2025-07-28T12:36:03","slug":"kolejny-pijany-ukrainiec","status":"publish","type":"post","link":"https:\/\/ostrowskatv.pl\/?p=35528","title":{"rendered":"Kolejny pijany Ukrainiec"},"content":{"rendered":"<p><strong>Nietrze\u017awy kierowca z Ukrainy wypad\u0142 z drogi w Nowych Skalmierzycach. Mia\u0142 0,8 promila alkoholu<\/strong><\/p>\n<p><a href=\"https:\/\/ostrowskatv.pl\/?attachment_id=35529\" rel=\"attachment wp-att-35529\"><img loading=\"lazy\" decoding=\"async\" src=\"https:\/\/ostrowskatv.pl\/wp-content\/uploads\/2025\/07\/1000063761-1.jpg\" alt=\"\" width=\"1600\" height=\"1200\" class=\"alignnone size-full wp-image-35529\" srcset=\"https:\/\/ostrowskatv.pl\/wp-content\/uploads\/2025\/07\/1000063761-1.jpg 1600w, https:\/\/ostrowskatv.pl\/wp-content\/uploads\/2025\/07\/1000063761-1-300x225.jpg 300w, https:\/\/ostrowskatv.pl\/wp-content\/uploads\/2025\/07\/1000063761-1-1333x1000.jpg 1333w, https:\/\/ostrowskatv.pl\/wp-content\/uploads\/2025\/07\/1000063761-1-1536x1152.jpg 1536w\" sizes=\"auto, (max-width: 1600px) 100vw, 1600px\" \/><\/a><\/p>\n<p><a href=\"https:\/\/ostrowskatv.pl\/?attachment_id=35530\" rel=\"attachment wp-att-35530\"><img loading=\"lazy\" decoding=\"async\" src=\"https:\/\/ostrowskatv.pl\/wp-content\/uploads\/2025\/07\/1000063767.jpg\" alt=\"\" width=\"1600\" height=\"912\" class=\"alignnone size-full wp-image-35530\" srcset=\"https:\/\/ostrowskatv.pl\/wp-content\/uploads\/2025\/07\/1000063767.jpg 1600w, https:\/\/ostrowskatv.pl\/wp-content\/uploads\/2025\/07\/1000063767-300x171.jpg 300w, https:\/\/ostrowskatv.pl\/wp-content\/uploads\/2025\/07\/1000063767-1333x760.jpg 1333w, https:\/\/ostrowskatv.pl\/wp-content\/uploads\/2025\/07\/1000063767-1536x876.jpg 1536w, https:\/\/ostrowskatv.pl\/wp-content\/uploads\/2025\/07\/1000063767-388x220.jpg 388w\" sizes=\"auto, (max-width: 1600px) 100vw, 1600px\" \/><\/a><\/p>\n<p><a href=\"https:\/\/ostrowskatv.pl\/?attachment_id=35531\" rel=\"attachment wp-att-35531\"><img loading=\"lazy\" decoding=\"async\" src=\"https:\/\/ostrowskatv.pl\/wp-content\/uploads\/2025\/07\/1000063757.jpg\" alt=\"\" width=\"1600\" height=\"798\" class=\"alignnone size-full wp-image-35531\" srcset=\"https:\/\/ostrowskatv.pl\/wp-content\/uploads\/2025\/07\/1000063757.jpg 1600w, https:\/\/ostrowskatv.pl\/wp-content\/uploads\/2025\/07\/1000063757-300x150.jpg 300w, https:\/\/ostrowskatv.pl\/wp-content\/uploads\/2025\/07\/1000063757-1333x665.jpg 1333w, https:\/\/ostrowskatv.pl\/wp-content\/uploads\/2025\/07\/1000063757-1536x766.jpg 1536w\" sizes=\"auto, (max-width: 1600px) 100vw, 1600px\" \/><\/a><\/p>\n<p><a href=\"https:\/\/ostrowskatv.pl\/?attachment_id=35532\" rel=\"attachment wp-att-35532\"><img loading=\"lazy\" decoding=\"async\" src=\"https:\/\/ostrowskatv.pl\/wp-content\/uploads\/2025\/07\/1000063758.jpg\" alt=\"\" width=\"1600\" height=\"925\" class=\"alignnone size-full wp-image-35532\" srcset=\"https:\/\/ostrowskatv.pl\/wp-content\/uploads\/2025\/07\/1000063758.jpg 1600w, https:\/\/ostrowskatv.pl\/wp-content\/uploads\/2025\/07\/1000063758-300x173.jpg 300w, https:\/\/ostrowskatv.pl\/wp-content\/uploads\/2025\/07\/1000063758-1333x771.jpg 1333w, https:\/\/ostrowskatv.pl\/wp-content\/uploads\/2025\/07\/1000063758-1536x888.jpg 1536w\" sizes=\"auto, (max-width: 1600px) 100vw, 1600px\" \/><\/a><\/p>\n<p>W poniedzia\u0142ek w Nowych Skalmierzycach dosz\u0142o do gro\u017anie wygl\u0105daj\u0105cej kolizji drogowej. Kierowca Mercedesa, 36-letni obywatel Ukrainy, prowadzi\u0142 pojazd b\u0119d\u0105c pod wp\u0142ywem alkoholu.<\/p>\n<p>Do zdarzenia dosz\u0142o na ulicy 3 Maja, gdzie m\u0119\u017cczyzna nie zatrzyma\u0142 si\u0119 na skrzy\u017cowaniu z ulic\u0105 29 Grudnia. Straci\u0142 panowanie nad pojazdem, w wyniku czego samoch\u00f3d wypad\u0142 z drogi i uderzy\u0142 w ogrodzenie jednej z prywatnych posesji. Na miejsce natychmiast zadysponowano s\u0142u\u017cby ratunkowe.<\/p>\n<p>Funkcjonariusze policji przeprowadzili badanie alkomatem, kt\u00f3re wykaza\u0142o, \u017ce kierowca mia\u0142 0,8 promila alkoholu w organizmie. Na szcz\u0119\u015bcie w wyniku kolizji nikt nie odni\u00f3s\u0142 obra\u017ce\u0144. M\u0119\u017cczyzna zosta\u0142 zatrzymany przez policj\u0119.<\/p>\n<h3>Co grozi za jazd\u0119 pod wp\u0142ywem alkoholu w 2025 roku?<\/h3>\n<p>W 2025 roku, zgodnie z obowi\u0105zuj\u0105cymi w Polsce przepisami, kierowanie pojazdem w stanie nietrze\u017awo\u015bci (czyli powy\u017cej 0,5 promila alkoholu we krwi) stanowi przest\u0119pstwo z art. 178a \u00a71 Kodeksu karnego.<\/p>\n<p>Za takie przest\u0119pstwo grozi:<\/p>\n<ul>\n<li><strong>kara pozbawienia wolno\u015bci do 3 lat<\/strong>,<\/li>\n<li><strong>zakaz prowadzenia pojazd\u00f3w mechanicznych od 3 do 15 lat<\/strong>,<\/li>\n<li><strong>obligatoryjna kara grzywny (co najmniej 5 tys. z\u0142)<\/strong> na rzecz Funduszu Pomocy Pokrzywdzonym i Pomocy Postpenitencjarnej.<\/li>\n<\/ul>\n<p>W przypadku recydywy (ponownego pope\u0142nienia przest\u0119pstwa jazdy po alkoholu), sankcje s\u0105 znacznie surowsze \u2013 w\u0142\u0105cznie z <strong>kar\u0105 wi\u0119zienia do 5 lat<\/strong> i <strong>do\u017cywotnim zakazem prowadzenia pojazd\u00f3w<\/strong>.<\/p>\n<p>Spraw\u0105 obywatela Ukrainy zajmuje si\u0119 teraz prokuratura. Pojazd zosta\u0142 zabezpieczony, a dochodzenie ma ustali\u0107 wszystkie okoliczno\u015bci zdarzenia.<\/p>\n","protected":false},"excerpt":{"rendered":"Nietrze\u017awy kierowca z Ukrainy wypad\u0142 z drogi w Nowych Skalmierzycach. Mia\u0142 0,8 promila alkoholu W poniedzia\u0142ek w Nowych Skalmierzycach dosz\u0142o do gro\u017anie wygl\u0105daj\u0105cej \n<a class=\"moretag\" href=\"https:\/\/ostrowskatv.pl\/?p=35528\"> [...]<\/a>","protected":false},"author":1,"featured_media":35529,"comment_status":"open","ping_status":"closed","sticky":false,"template":"","format":"standard","meta":{"footnotes":""},"categories":[1],"tags":[],"class_list":["post-35528","post","type-post","status-publish","format-standard","has-post-thumbnail","hentry","category-news"],"_links":{"self":[{"href":"https:\/\/ostrowskatv.pl\/index.php?rest_route=\/wp\/v2\/posts\/35528","targetHints":{"allow":["GET"]}}],"collection":[{"href":"https:\/\/ostrowskatv.pl\/index.php?rest_route=\/wp\/v2\/posts"}],"about":[{"href":"https:\/\/ostrowskatv.pl\/index.php?rest_route=\/wp\/v2\/types\/post"}],"author":[{"embeddable":true,"href":"https:\/\/ostrowskatv.pl\/index.php?rest_route=\/wp\/v2\/users\/1"}],"replies":[{"embeddable":true,"href":"https:\/\/ostrowskatv.pl\/index.php?rest_route=%2Fwp%2Fv2%2Fcomments&post=35528"}],"version-history":[{"count":2,"href":"https:\/\/ostrowskatv.pl\/index.php?rest_route=\/wp\/v2\/posts\/35528\/revisions"}],"predecessor-version":[{"id":35534,"href":"https:\/\/ostrowskatv.pl\/index.php?rest_route=\/wp\/v2\/posts\/35528\/revisions\/35534"}],"wp:featuredmedia":[{"embeddable":true,"href":"https:\/\/ostrowskatv.pl\/index.php?rest_route=\/wp\/v2\/media\/35529"}],"wp:attachment":[{"href":"https:\/\/ostrowskatv.pl\/index.php?rest_route=%2Fwp%2Fv2%2Fmedia&parent=35528"}],"wp:term":[{"taxonomy":"category","embeddable":true,"href":"https:\/\/ostrowskatv.pl\/index.php?rest_route=%2Fwp%2Fv2%2Fcategories&post=35528"},{"taxonomy":"post_tag","embeddable":true,"href":"https:\/\/ostrowskatv.pl\/index.php?rest_route=%2Fwp%2Fv2%2Ftags&post=35528"}],"curies":[{"name":"wp","href":"https:\/\/api.w.org\/{rel}","templated":true}]}}