{"id":35491,"date":"2025-07-26T20:27:10","date_gmt":"2025-07-26T19:27:10","guid":{"rendered":"https:\/\/ostrowskatv.pl\/?p=35491"},"modified":"2025-07-26T20:27:10","modified_gmt":"2025-07-26T19:27:10","slug":"rozbil-sie-na-obwodnicy-ostrowa","status":"publish","type":"post","link":"https:\/\/ostrowskatv.pl\/?p=35491","title":{"rendered":"Rozbi\u0142 si\u0119 na obwodnicy Ostrowa"},"content":{"rendered":"<article class=\"text-token-text-primary w-full focus:outline-none scroll-mt-[calc(var(--header-height)+min(200px,max(70px,20svh)))]\" dir=\"auto\" tabindex=\"-1\" data-testid=\"conversation-turn-2\" data-scroll-anchor=\"true\" data-turn=\"assistant\">\n<div class=\"text-base my-auto mx-auto pb-10 [--thread-content-margin:--spacing(4)] @[37rem]:[--thread-content-margin:--spacing(6)] @[72rem]:[--thread-content-margin:--spacing(16)] px-(--thread-content-margin)\">\n<div class=\"[--thread-content-max-width:32rem] @[34rem]:[--thread-content-max-width:40rem] @[64rem]:[--thread-content-max-width:48rem] mx-auto max-w-(--thread-content-max-width) flex-1 group\/turn-messages focus-visible:outline-hidden relative flex w-full min-w-0 flex-col agent-turn\" tabindex=\"-1\">\n<div class=\"flex max-w-full flex-col grow\">\n<div class=\"min-h-8 text-message relative flex w-full flex-col items-end gap-2 text-start break-words whitespace-normal [.text-message+&amp;]:mt-5\" dir=\"auto\" data-message-author-role=\"assistant\" data-message-id=\"dc059443-de4d-4760-8bd5-16c6739d4798\" data-message-model-slug=\"gpt-4o\">\n<div class=\"flex w-full flex-col gap-1 empty:hidden first:pt-[3px]\">\n<div class=\"markdown prose dark:prose-invert w-full break-words dark\">\n<p data-start=\"86\" data-end=\"352\"><strong>W sobotni poranek, tu\u017c przed godzin\u0105 6:00, na obwodnicy Ostrowa Wielkopolskiego dosz\u0142o do kolizji drogowej. Pojazd marki Mercedes Sprinter, poruszaj\u0105cy si\u0119 od strony Ronda Strugi w kierunku Poznania, uderzy\u0142 w barier\u0119 energoch\u0142onn\u0105 na wysoko\u015bci miejscowo\u015bci Smard\u00f3w.<\/strong><\/p>\n<p data-start=\"354\" data-end=\"577\">Na miejsce natychmiast zadysponowano s\u0142u\u017cby ratunkowe. W akcji uczestniczyli funkcjonariusze policji, stra\u017cacy z Komendy Powiatowej PSP w Ostrowie Wielkopolskim oraz druhowie z Ochotniczej Stra\u017cy Po\u017carnej w Wysocku Wielkim.<\/p>\n<p data-start=\"579\" data-end=\"735\">Jak ustalili policjanci, kieruj\u0105cy pojazdem by\u0142 trze\u017awy. M\u0119\u017cczyzna pochodzi z powiatu kaliskiego. Na szcz\u0119\u015bcie, w wyniku zdarzenia nikt nie odni\u00f3s\u0142 obra\u017ce\u0144.<\/p>\n<p data-start=\"737\" data-end=\"870\" data-is-last-node=\"\" data-is-only-node=\"\">Okoliczno\u015bci kolizji b\u0119d\u0105 wyja\u015bniane przez policj\u0119. Na czas dzia\u0142a\u0144 s\u0142u\u017cb ratunkowych ruch na obwodnicy by\u0142 chwilowo utrudniony.<\/p>\n<\/div>\n<\/div>\n<\/div>\n<\/div>\n<\/div>\n<\/div>\n<\/article>\n","protected":false},"excerpt":{"rendered":"W sobotni poranek, tu\u017c przed godzin\u0105 6:00, na obwodnicy Ostrowa Wielkopolskiego dosz\u0142o do kolizji drogowej. Pojazd marki Mercedes Sprinter, poruszaj\u0105cy si\u0119 od strony \n<a class=\"moretag\" href=\"https:\/\/ostrowskatv.pl\/?p=35491\"> [...]<\/a>","protected":false},"author":1,"featured_media":35492,"comment_status":"open","ping_status":"closed","sticky":false,"template":"","format":"standard","meta":{"footnotes":""},"categories":[1],"tags":[48],"class_list":["post-35491","post","type-post","status-publish","format-standard","has-post-thumbnail","hentry","category-news","tag-kolizja"],"_links":{"self":[{"href":"https:\/\/ostrowskatv.pl\/index.php?rest_route=\/wp\/v2\/posts\/35491","targetHints":{"allow":["GET"]}}],"collection":[{"href":"https:\/\/ostrowskatv.pl\/index.php?rest_route=\/wp\/v2\/posts"}],"about":[{"href":"https:\/\/ostrowskatv.pl\/index.php?rest_route=\/wp\/v2\/types\/post"}],"author":[{"embeddable":true,"href":"https:\/\/ostrowskatv.pl\/index.php?rest_route=\/wp\/v2\/users\/1"}],"replies":[{"embeddable":true,"href":"https:\/\/ostrowskatv.pl\/index.php?rest_route=%2Fwp%2Fv2%2Fcomments&post=35491"}],"version-history":[{"count":1,"href":"https:\/\/ostrowskatv.pl\/index.php?rest_route=\/wp\/v2\/posts\/35491\/revisions"}],"predecessor-version":[{"id":35493,"href":"https:\/\/ostrowskatv.pl\/index.php?rest_route=\/wp\/v2\/posts\/35491\/revisions\/35493"}],"wp:featuredmedia":[{"embeddable":true,"href":"https:\/\/ostrowskatv.pl\/index.php?rest_route=\/wp\/v2\/media\/35492"}],"wp:attachment":[{"href":"https:\/\/ostrowskatv.pl\/index.php?rest_route=%2Fwp%2Fv2%2Fmedia&parent=35491"}],"wp:term":[{"taxonomy":"category","embeddable":true,"href":"https:\/\/ostrowskatv.pl\/index.php?rest_route=%2Fwp%2Fv2%2Fcategories&post=35491"},{"taxonomy":"post_tag","embeddable":true,"href":"https:\/\/ostrowskatv.pl\/index.php?rest_route=%2Fwp%2Fv2%2Ftags&post=35491"}],"curies":[{"name":"wp","href":"https:\/\/api.w.org\/{rel}","templated":true}]}}