{"id":35482,"date":"2025-07-21T18:58:29","date_gmt":"2025-07-21T17:58:29","guid":{"rendered":"https:\/\/ostrowskatv.pl\/?p=35482"},"modified":"2025-07-21T18:58:29","modified_gmt":"2025-07-21T17:58:29","slug":"pijany-kierowca-spowodowal-kolizje-w-odolanowie-mial-mocny-wynik","status":"publish","type":"post","link":"https:\/\/ostrowskatv.pl\/?p=35482","title":{"rendered":"Pijany kierowca spowodowa\u0142 kolizj\u0119 w Odolanowie \u2013 mia\u0142 mocny wynik"},"content":{"rendered":"<p><strong>W poniedzia\u0142ek oko\u0142o godziny 13:00 w Odolanowie na skrzy\u017cowaniu Kaliskiej ze Zborowieck\u0105 dosz\u0142o do powa\u017cnej kolizji drogowej z udzia\u0142em dw\u00f3ch samochod\u00f3w osobowych. Sprawc\u0105 zdarzenia by\u0142 kierowca Citroena \u2013 67-letni m\u0119\u017cczyzna narodowo\u015bci polskiej (rocznik 1958), kt\u00f3ry uderzy\u0142 w Forda prowadzonego przez 44-letni\u0105 kobiet\u0119 (rocznik 1981).<\/strong><\/p>\n<p>Na miejsce natychmiast zadysponowano stra\u017c po\u017carn\u0105 i s\u0142u\u017cby ratunkowe. Cho\u0107 zdarzenie wygl\u0105da\u0142o gro\u017anie, na szcz\u0119\u015bcie nikt nie odni\u00f3s\u0142 obra\u017ce\u0144.<\/p>\n<p><a href=\"https:\/\/ostrowskatv.pl\/?attachment_id=35485\" rel=\"attachment wp-att-35485\"><img loading=\"lazy\" decoding=\"async\" src=\"https:\/\/ostrowskatv.pl\/wp-content\/uploads\/2025\/07\/1000062444.jpg\" alt=\"\" width=\"960\" height=\"599\" class=\"alignnone size-full wp-image-35485\" srcset=\"https:\/\/ostrowskatv.pl\/wp-content\/uploads\/2025\/07\/1000062444.jpg 960w, https:\/\/ostrowskatv.pl\/wp-content\/uploads\/2025\/07\/1000062444-300x187.jpg 300w\" sizes=\"auto, (max-width: 960px) 100vw, 960px\" \/><\/a><\/p>\n<p><a href=\"https:\/\/ostrowskatv.pl\/?attachment_id=35486\" rel=\"attachment wp-att-35486\"><img loading=\"lazy\" decoding=\"async\" src=\"https:\/\/ostrowskatv.pl\/wp-content\/uploads\/2025\/07\/1000062297-1.jpg\" alt=\"\" width=\"1920\" height=\"1149\" class=\"alignnone size-full wp-image-35486\" srcset=\"https:\/\/ostrowskatv.pl\/wp-content\/uploads\/2025\/07\/1000062297-1.jpg 1920w, https:\/\/ostrowskatv.pl\/wp-content\/uploads\/2025\/07\/1000062297-1-300x180.jpg 300w, https:\/\/ostrowskatv.pl\/wp-content\/uploads\/2025\/07\/1000062297-1-1333x798.jpg 1333w, https:\/\/ostrowskatv.pl\/wp-content\/uploads\/2025\/07\/1000062297-1-1536x919.jpg 1536w\" sizes=\"auto, (max-width: 1920px) 100vw, 1920px\" \/><\/a><\/p>\n<p>Podczas interwencji policji okaza\u0142o si\u0119, \u017ce sprawca by\u0142 pod silnym wp\u0142ywem alkoholu \u2013 badanie alkomatem wykaza\u0142o a\u017c <strong>2,5 promila<\/strong> w jego organizmie. M\u0119\u017cczyzna zosta\u0142 zatrzymany, a jego pojazd zabezpieczono.<\/p>\n<h3>Co grozi kierowcy za jazd\u0119 pod wp\u0142ywem alkoholu w 2025 roku?<\/h3>\n<p>Zgodnie z obowi\u0105zuj\u0105cymi przepisami w 2025 roku, prowadzenie pojazdu w stanie nietrze\u017awo\u015bci (powy\u017cej 0,5 promila) jest przest\u0119pstwem z art. 178a Kodeksu karnego. Za takie zachowanie kierowcy gro\u017c\u0105 surowe konsekwencje:<\/p>\n<ul>\n<li><strong>Kara pozbawienia wolno\u015bci od 3 miesi\u0119cy do nawet 5 lat<\/strong><\/li>\n<li><strong>Zakaz prowadzenia pojazd\u00f3w od 3 do 15 lat<\/strong><\/li>\n<li><strong>Obowi\u0105zkowa kara finansowa \u2013 \u015bwiadczenie pieni\u0119\u017cne na rzecz Funduszu Pomocy Pokrzywdzonym i Pomocy Postpenitencjarnej w wysoko\u015bci nie mniejszej ni\u017c 5\u202f000 z\u0142 (przy pierwszym skazaniu)<\/strong><\/li>\n<li><strong>Wpis do rejestru karnego<\/strong><\/li>\n<li>W przypadku spowodowania wypadku lub kolizji, s\u0105d mo\u017ce zastosowa\u0107 dodatkowe \u015brodki karne<\/li>\n<\/ul>\n<p>Policja apeluje do kierowc\u00f3w o rozwag\u0119 i przypomina: jazda pod wp\u0142ywem alkoholu to realne zagro\u017cenie dla \u017cycia i zdrowia \u2013 nie tylko w\u0142asnego, ale i innych uczestnik\u00f3w ruchu drogowego.<\/p>\n","protected":false},"excerpt":{"rendered":"W poniedzia\u0142ek oko\u0142o godziny 13:00 w Odolanowie na skrzy\u017cowaniu Kaliskiej ze Zborowieck\u0105 dosz\u0142o do powa\u017cnej kolizji drogowej z udzia\u0142em dw\u00f3ch samochod\u00f3w osobowych. Sprawc\u0105 \n<a class=\"moretag\" href=\"https:\/\/ostrowskatv.pl\/?p=35482\"> [...]<\/a>","protected":false},"author":1,"featured_media":35485,"comment_status":"open","ping_status":"closed","sticky":false,"template":"","format":"standard","meta":{"footnotes":""},"categories":[1],"tags":[38],"class_list":["post-35482","post","type-post","status-publish","format-standard","has-post-thumbnail","hentry","category-news","tag-odolanow"],"_links":{"self":[{"href":"https:\/\/ostrowskatv.pl\/index.php?rest_route=\/wp\/v2\/posts\/35482","targetHints":{"allow":["GET"]}}],"collection":[{"href":"https:\/\/ostrowskatv.pl\/index.php?rest_route=\/wp\/v2\/posts"}],"about":[{"href":"https:\/\/ostrowskatv.pl\/index.php?rest_route=\/wp\/v2\/types\/post"}],"author":[{"embeddable":true,"href":"https:\/\/ostrowskatv.pl\/index.php?rest_route=\/wp\/v2\/users\/1"}],"replies":[{"embeddable":true,"href":"https:\/\/ostrowskatv.pl\/index.php?rest_route=%2Fwp%2Fv2%2Fcomments&post=35482"}],"version-history":[{"count":3,"href":"https:\/\/ostrowskatv.pl\/index.php?rest_route=\/wp\/v2\/posts\/35482\/revisions"}],"predecessor-version":[{"id":35487,"href":"https:\/\/ostrowskatv.pl\/index.php?rest_route=\/wp\/v2\/posts\/35482\/revisions\/35487"}],"wp:featuredmedia":[{"embeddable":true,"href":"https:\/\/ostrowskatv.pl\/index.php?rest_route=\/wp\/v2\/media\/35485"}],"wp:attachment":[{"href":"https:\/\/ostrowskatv.pl\/index.php?rest_route=%2Fwp%2Fv2%2Fmedia&parent=35482"}],"wp:term":[{"taxonomy":"category","embeddable":true,"href":"https:\/\/ostrowskatv.pl\/index.php?rest_route=%2Fwp%2Fv2%2Fcategories&post=35482"},{"taxonomy":"post_tag","embeddable":true,"href":"https:\/\/ostrowskatv.pl\/index.php?rest_route=%2Fwp%2Fv2%2Ftags&post=35482"}],"curies":[{"name":"wp","href":"https:\/\/api.w.org\/{rel}","templated":true}]}}