{"id":35475,"date":"2025-07-21T18:27:56","date_gmt":"2025-07-21T17:27:56","guid":{"rendered":"https:\/\/ostrowskatv.pl\/?p=35475"},"modified":"2025-07-21T18:27:56","modified_gmt":"2025-07-21T17:27:56","slug":"kolizja-renault-i-fiata-sprawca-ostrowski-rom","status":"publish","type":"post","link":"https:\/\/ostrowskatv.pl\/?p=35475","title":{"rendered":"Kolizja Renault i Fiata. Sprawc\u0105 ostrowski Rom"},"content":{"rendered":"<p><strong>W poniedzia\u0142kowe popo\u0142udnie na ulicy Krotoszy\u0144skiej w rejonie skrzy\u017cowania z ulic\u0105 Pozna\u0144sk\u0105 w Ostrowie Wielkopolskim dosz\u0142o do kolizji drogowej z udzia\u0142em dw\u00f3ch pojazd\u00f3w \u2013 Fiata i Renault Scenic. Do zdarzenia dosz\u0142o w momencie, gdy kierowca Fiata, 67-letni m\u0119\u017cczyzna pochodz\u0105cy ze \u015brodowiska ostrowskich Rom\u00f3w, wykonywa\u0142 manewr zmiany pasa ruchu.<\/strong><\/p>\n<p>Podczas tej czynno\u015bci Fiat uderzy\u0142 w jad\u0105ce r\u00f3wnolegle Renault Scenic, prowadzone przez 32-letniego m\u0119\u017cczyzn\u0119. Na szcz\u0119\u015bcie w wyniku kolizji nikt nie odni\u00f3s\u0142 obra\u017ce\u0144.<\/p>\n<p>Uszkodzenia pojazd\u00f3w by\u0142y jednak widoczne \u2013 w Renault Scenic uszkodzony zosta\u0142 prz\u00f3d samochodu, a zderzak zosta\u0142 cz\u0119\u015bciowo oderwany. Fiat natomiast dozna\u0142 uszkodze\u0144 w okolicy tylnego, prawego ko\u0142a.<\/p>\n<p>Na miejsce wezwano patrol policji. Sprawca kolizji zosta\u0142 ukarany mandatem. Policja zakwalifikowa\u0142a zdarzenie jako niegro\u017an\u0105 kolizj\u0119 drogow\u0105.<\/p>\n<p>To kolejny przyk\u0142ad, jak wa\u017cna jest ostro\u017cno\u015b\u0107 przy wykonywaniu manewr\u00f3w zmiany pasa ruchu \u2013 nawet drobna nieuwaga mo\u017ce prowadzi\u0107 do niebezpiecznych sytuacji na drodze.<\/p>\n<figure id=\"attachment_35477\" aria-describedby=\"caption-attachment-35477\" style=\"width: 1920px\" class=\"wp-caption alignnone\"><a href=\"https:\/\/ostrowskatv.pl\/?attachment_id=35477\" rel=\"attachment wp-att-35477\"><img loading=\"lazy\" decoding=\"async\" src=\"https:\/\/ostrowskatv.pl\/wp-content\/uploads\/2025\/07\/1000062245.jpg\" alt=\"\" width=\"1920\" height=\"1089\" class=\"size-full wp-image-35477\" srcset=\"https:\/\/ostrowskatv.pl\/wp-content\/uploads\/2025\/07\/1000062245.jpg 1920w, https:\/\/ostrowskatv.pl\/wp-content\/uploads\/2025\/07\/1000062245-300x170.jpg 300w, https:\/\/ostrowskatv.pl\/wp-content\/uploads\/2025\/07\/1000062245-1333x756.jpg 1333w, https:\/\/ostrowskatv.pl\/wp-content\/uploads\/2025\/07\/1000062245-1536x871.jpg 1536w, https:\/\/ostrowskatv.pl\/wp-content\/uploads\/2025\/07\/1000062245-388x220.jpg 388w\" sizes=\"auto, (max-width: 1920px) 100vw, 1920px\" \/><\/a><figcaption id=\"caption-attachment-35477\" class=\"wp-caption-text\">format: 0; filter: 0; fileterIntensity: 0.0; filterMask: 0; captureOrientation: 0;<br \/>runfunc: 0; algolist: 0;<br \/>multi-frame: 1;<br \/>brp_mask:0;<br \/>brp_del_th:0.0000,0.0000;<br \/>brp_del_sen:0.0000,0.0000;<br \/>motionR: 1;<br \/>delta:1;<br \/>bokeh:1;<br \/>module: photo;hw-remosaic: false;touch: (-1.0, -1.0);sceneMode: 13107200;cct_value: 0;AI_Scene: (20, 0);aec_lux: 156.84239;aec_lux_index: 0;albedo:  ;confidence:  ;motionLevel: -1;weatherinfo: weather?Sunny, icon:0, weatherInfo:100;temperature: 41;zeissColor: nature;<\/figcaption><\/figure>\n<figure id=\"attachment_35478\" aria-describedby=\"caption-attachment-35478\" style=\"width: 1920px\" class=\"wp-caption alignnone\"><a href=\"https:\/\/ostrowskatv.pl\/?attachment_id=35478\" rel=\"attachment wp-att-35478\"><img loading=\"lazy\" decoding=\"async\" src=\"https:\/\/ostrowskatv.pl\/wp-content\/uploads\/2025\/07\/1000062243.jpg\" alt=\"\" width=\"1920\" height=\"1359\" class=\"size-full wp-image-35478\" srcset=\"https:\/\/ostrowskatv.pl\/wp-content\/uploads\/2025\/07\/1000062243.jpg 1920w, https:\/\/ostrowskatv.pl\/wp-content\/uploads\/2025\/07\/1000062243-300x212.jpg 300w, https:\/\/ostrowskatv.pl\/wp-content\/uploads\/2025\/07\/1000062243-1333x944.jpg 1333w, https:\/\/ostrowskatv.pl\/wp-content\/uploads\/2025\/07\/1000062243-1536x1087.jpg 1536w, https:\/\/ostrowskatv.pl\/wp-content\/uploads\/2025\/07\/1000062243-120x85.jpg 120w\" sizes=\"auto, (max-width: 1920px) 100vw, 1920px\" \/><\/a><figcaption id=\"caption-attachment-35478\" class=\"wp-caption-text\">format: 2; filter: 0; fileterIntensity: 0.0; filterMask: 0; captureOrientation: 180;<br \/>runfunc: 0; algolist: 0;<br \/>multi-frame: 1;<br \/>brp_mask:0;<br \/>brp_del_th:0.0000,0.0000;<br \/>brp_del_sen:0.0000,0.0000;<br \/>motionR: 0;<br \/>delta:1;<br \/>bokeh:1;<br \/>module: photo;hw-remosaic: false;touch: (-1.0, -1.0);sceneMode: 12582912;cct_value: 0;AI_Scene: (-1, -1);aec_lux: 124.41768;aec_lux_index: 0;albedo:  ;confidence:  ;motionLevel: -1;weatherinfo: weather?Sunny, icon:0, weatherInfo:100;temperature: 42;zeissColor: nature;<\/figcaption><\/figure>\n<figure id=\"attachment_35479\" aria-describedby=\"caption-attachment-35479\" style=\"width: 1920px\" class=\"wp-caption alignnone\"><a href=\"https:\/\/ostrowskatv.pl\/?attachment_id=35479\" rel=\"attachment wp-att-35479\"><img loading=\"lazy\" decoding=\"async\" src=\"https:\/\/ostrowskatv.pl\/wp-content\/uploads\/2025\/07\/1000062234.jpg\" alt=\"\" width=\"1920\" height=\"1007\" class=\"size-full wp-image-35479\" srcset=\"https:\/\/ostrowskatv.pl\/wp-content\/uploads\/2025\/07\/1000062234.jpg 1920w, https:\/\/ostrowskatv.pl\/wp-content\/uploads\/2025\/07\/1000062234-300x157.jpg 300w, https:\/\/ostrowskatv.pl\/wp-content\/uploads\/2025\/07\/1000062234-1333x699.jpg 1333w, https:\/\/ostrowskatv.pl\/wp-content\/uploads\/2025\/07\/1000062234-1536x806.jpg 1536w\" sizes=\"auto, (max-width: 1920px) 100vw, 1920px\" \/><\/a><figcaption id=\"caption-attachment-35479\" class=\"wp-caption-text\">format: 0; filter: 0; fileterIntensity: 0.0; filterMask: 0; captureOrientation: 0;<br \/>runfunc: 0; algolist: 0;<br \/>multi-frame: 1;<br \/>brp_mask:0;<br \/>brp_del_th:0.0000,0.0000;<br \/>brp_del_sen:0.0000,0.0000;<br \/>motionR: 1;<br \/>delta:1;<br \/>bokeh:1;<br \/>module: photo;hw-remosaic: false;touch: (-1.0, -1.0);sceneMode: 13107200;cct_value: 0;AI_Scene: (-1, -1);aec_lux: 118.50032;aec_lux_index: 0;albedo:  ;confidence:  ;motionLevel: -1;weatherinfo: weather?Sunny, icon:0, weatherInfo:100;temperature: 37;zeissColor: nature;<\/figcaption><\/figure>\n<figure id=\"attachment_35480\" aria-describedby=\"caption-attachment-35480\" style=\"width: 1830px\" class=\"wp-caption alignnone\"><a href=\"https:\/\/ostrowskatv.pl\/?attachment_id=35480\" rel=\"attachment wp-att-35480\"><img loading=\"lazy\" decoding=\"async\" src=\"https:\/\/ostrowskatv.pl\/wp-content\/uploads\/2025\/07\/1000062241.jpg\" alt=\"\" width=\"1830\" height=\"1920\" class=\"size-full wp-image-35480\" srcset=\"https:\/\/ostrowskatv.pl\/wp-content\/uploads\/2025\/07\/1000062241.jpg 1830w, https:\/\/ostrowskatv.pl\/wp-content\/uploads\/2025\/07\/1000062241-286x300.jpg 286w, https:\/\/ostrowskatv.pl\/wp-content\/uploads\/2025\/07\/1000062241-1271x1333.jpg 1271w, https:\/\/ostrowskatv.pl\/wp-content\/uploads\/2025\/07\/1000062241-1464x1536.jpg 1464w\" sizes=\"auto, (max-width: 1830px) 100vw, 1830px\" \/><\/a><figcaption id=\"caption-attachment-35480\" class=\"wp-caption-text\">format: 2; filter: 0; fileterIntensity: 0.0; filterMask: 0; captureOrientation: 180;<br \/>runfunc: 0; algolist: 0;<br \/>multi-frame: 1;<br \/>brp_mask:0;<br \/>brp_del_th:0.0000,0.0000;<br \/>brp_del_sen:0.0000,0.0000;<br \/>motionR: 0;<br \/>delta:1;<br \/>bokeh:1;<br \/>module: photo;hw-remosaic: false;touch: (0.5225694, 0.35253906);sceneMode: 12582912;cct_value: 0;AI_Scene: (-1, -1);aec_lux: 135.12735;aec_lux_index: 0;albedo:  ;confidence:  ;motionLevel: -1;weatherinfo: weather?Sunny, icon:0, weatherInfo:100;temperature: 42;zeissColor: nature;<\/figcaption><\/figure>\n","protected":false},"excerpt":{"rendered":"W poniedzia\u0142kowe popo\u0142udnie na ulicy Krotoszy\u0144skiej w rejonie skrzy\u017cowania z ulic\u0105 Pozna\u0144sk\u0105 w Ostrowie Wielkopolskim dosz\u0142o do kolizji drogowej z udzia\u0142em dw\u00f3ch pojazd\u00f3w \n<a class=\"moretag\" href=\"https:\/\/ostrowskatv.pl\/?p=35475\"> [...]<\/a>","protected":false},"author":1,"featured_media":35477,"comment_status":"open","ping_status":"closed","sticky":false,"template":"","format":"standard","meta":{"footnotes":""},"categories":[1],"tags":[48],"class_list":["post-35475","post","type-post","status-publish","format-standard","has-post-thumbnail","hentry","category-news","tag-kolizja"],"_links":{"self":[{"href":"https:\/\/ostrowskatv.pl\/index.php?rest_route=\/wp\/v2\/posts\/35475","targetHints":{"allow":["GET"]}}],"collection":[{"href":"https:\/\/ostrowskatv.pl\/index.php?rest_route=\/wp\/v2\/posts"}],"about":[{"href":"https:\/\/ostrowskatv.pl\/index.php?rest_route=\/wp\/v2\/types\/post"}],"author":[{"embeddable":true,"href":"https:\/\/ostrowskatv.pl\/index.php?rest_route=\/wp\/v2\/users\/1"}],"replies":[{"embeddable":true,"href":"https:\/\/ostrowskatv.pl\/index.php?rest_route=%2Fwp%2Fv2%2Fcomments&post=35475"}],"version-history":[{"count":2,"href":"https:\/\/ostrowskatv.pl\/index.php?rest_route=\/wp\/v2\/posts\/35475\/revisions"}],"predecessor-version":[{"id":35481,"href":"https:\/\/ostrowskatv.pl\/index.php?rest_route=\/wp\/v2\/posts\/35475\/revisions\/35481"}],"wp:featuredmedia":[{"embeddable":true,"href":"https:\/\/ostrowskatv.pl\/index.php?rest_route=\/wp\/v2\/media\/35477"}],"wp:attachment":[{"href":"https:\/\/ostrowskatv.pl\/index.php?rest_route=%2Fwp%2Fv2%2Fmedia&parent=35475"}],"wp:term":[{"taxonomy":"category","embeddable":true,"href":"https:\/\/ostrowskatv.pl\/index.php?rest_route=%2Fwp%2Fv2%2Fcategories&post=35475"},{"taxonomy":"post_tag","embeddable":true,"href":"https:\/\/ostrowskatv.pl\/index.php?rest_route=%2Fwp%2Fv2%2Ftags&post=35475"}],"curies":[{"name":"wp","href":"https:\/\/api.w.org\/{rel}","templated":true}]}}