{"id":35458,"date":"2025-07-19T14:33:46","date_gmt":"2025-07-19T13:33:46","guid":{"rendered":"https:\/\/ostrowskatv.pl\/?p=35458"},"modified":"2025-07-19T14:33:46","modified_gmt":"2025-07-19T13:33:46","slug":"auto-wypadlo-z-drogi-kierowca-nawalony-a-sluzby-szukaly-pasazera-m","status":"publish","type":"post","link":"https:\/\/ostrowskatv.pl\/?p=35458","title":{"rendered":"Auto wypad\u0142o z drogi. Kierowca &#8222;nawalony&#8221;, a s\u0142u\u017cby szuka\u0142y pasa\u017cera m"},"content":{"rendered":"<p><strong><span style=\"font-size: 1rem;\">Do niebezpiecznego zdarzenia drogowego dosz\u0142o w miejscowo\u015bci Szczury. Kieruj\u0105cy samochodem marki Volkswagen, 24-letni mieszkaniec powiatu wielu\u0144skiego, straci\u0142 panowanie nad pojazdem i wypad\u0142 z drogi. Jak wykaza\u0142o badanie alkomatem, m\u0119\u017cczyzna mia\u0142 ponad 2 promile alkoholu w organizmie.<\/span><\/strong><\/p>\n<p>Z informacji przekazanych przez s\u0142u\u017cby wynika, \u017ce do zdarzenia dosz\u0142o na skutek niedostosowania pr\u0119dko\u015bci do warunk\u00f3w panuj\u0105cych na drodze. Kierowca zosta\u0142 zatrzymany i osadzony w policyjnym areszcie. Pocz\u0105tkowo istnia\u0142o podejrzenie, \u017ce w aucie mog\u0142a znajdowa\u0107 si\u0119 jeszcze jedna osoba \u2013 stra\u017cacy przeszukali pobliski teren, ale nikogo nie odnaleziono.<\/p>\n<h3>Surowe konsekwencje jazdy pod wp\u0142ywem alkoholu w 2025 roku<\/h3>\n<p>W \u015bwietle obowi\u0105zuj\u0105cych przepis\u00f3w w 2025 roku, kierowcy, kt\u00f3rzy prowadz\u0105 pojazd w stanie nietrze\u017awo\u015bci (czyli maj\u0105 powy\u017cej 0,5 promila alkoholu we krwi), musz\u0105 liczy\u0107 si\u0119 z bardzo powa\u017cnymi konsekwencjami.<\/p>\n<p>Za jazd\u0119 w stanie nietrze\u017awo\u015bci gro\u017c\u0105:<\/p>\n<ul>\n<li>kara pozbawienia wolno\u015bci do 3 lat,<\/li>\n<li>zakaz prowadzenia pojazd\u00f3w mechanicznych od 3 do 15 lat,<\/li>\n<li>obowi\u0105zkowa grzywna, \u015bwiadczenie pieni\u0119\u017cne na rzecz Funduszu Pomocy Pokrzywdzonym i Pomocy Postpenitencjarnej \u2013 nie mniejsze ni\u017c 5 000 z\u0142,<\/li>\n<li>15 punkt\u00f3w karnych.<\/li>\n<\/ul>\n<p>Jedn\u0105 z najwa\u017cniejszych zmian obowi\u0105zuj\u0105cych od 2024 roku, kt\u00f3ra ma pe\u0142ne zastosowanie r\u00f3wnie\u017c w 2025 roku, jest <strong>mo\u017cliwo\u015b\u0107 konfiskaty pojazdu<\/strong>. W przypadku, gdy kierowca mia\u0142 we krwi co najmniej 1,5 promila alkoholu (a w przypadku recydywy \u2013 nawet mniej), s\u0105d obligatoryjnie orzeka przepadek pojazdu. Je\u015bli auto nie nale\u017cy do sprawcy, orzekana jest r\u00f3wnowarto\u015b\u0107 jego warto\u015bci rynkowej.<\/p>\n<p>W przypadku 24-latka z powiatu wielu\u0144skiego, kt\u00f3ry prowadzi\u0142 maj\u0105c ponad 2 promile alkoholu, auto mo\u017ce zosta\u0107 <strong>skonfiskowane<\/strong> jako narz\u0119dzie przest\u0119pstwa \u2013 nawet je\u015bli nie by\u0142o jego w\u0142asno\u015bci\u0105.<\/p>\n<h3>Powa\u017cne ostrze\u017cenie dla innych<\/h3>\n<p>To kolejny przyk\u0142ad pokazuj\u0105cy, jak powa\u017cne konsekwencje niesie za sob\u0105 jazda po alkoholu. Nie tylko zagra\u017ca ona \u017cyciu i zdrowiu \u2013 zar\u00f3wno samego kierowcy, jak i innych uczestnik\u00f3w ruchu \u2013 ale r\u00f3wnie\u017c mo\u017ce zako\u0144czy\u0107 si\u0119 utrat\u0105 prawa jazdy, wieloletnim zakazem prowadzenia pojazd\u00f3w, wysokimi kosztami i&#8230; utrat\u0105 auta.<\/p>\n<p>Policja apeluje o rozwag\u0119 i przypomina, \u017ce kierowanie pojazdem pod wp\u0142ywem alkoholu to przest\u0119pstwo, kt\u00f3re b\u0119dzie bezwzgl\u0119dnie \u015bcigane i surowo karane.<\/p>\n","protected":false},"excerpt":{"rendered":"Do niebezpiecznego zdarzenia drogowego dosz\u0142o w miejscowo\u015bci Szczury. Kieruj\u0105cy samochodem marki Volkswagen, 24-letni mieszkaniec powiatu wielu\u0144skiego, straci\u0142 panowanie nad pojazdem i wypad\u0142 z \n<a class=\"moretag\" href=\"https:\/\/ostrowskatv.pl\/?p=35458\"> [...]<\/a>","protected":false},"author":1,"featured_media":30572,"comment_status":"open","ping_status":"closed","sticky":false,"template":"","format":"standard","meta":{"footnotes":""},"categories":[1],"tags":[48,320,72,95],"class_list":["post-35458","post","type-post","status-publish","format-standard","has-post-thumbnail","hentry","category-news","tag-kolizja","tag-pijany","tag-samochod","tag-szczury"],"_links":{"self":[{"href":"https:\/\/ostrowskatv.pl\/index.php?rest_route=\/wp\/v2\/posts\/35458","targetHints":{"allow":["GET"]}}],"collection":[{"href":"https:\/\/ostrowskatv.pl\/index.php?rest_route=\/wp\/v2\/posts"}],"about":[{"href":"https:\/\/ostrowskatv.pl\/index.php?rest_route=\/wp\/v2\/types\/post"}],"author":[{"embeddable":true,"href":"https:\/\/ostrowskatv.pl\/index.php?rest_route=\/wp\/v2\/users\/1"}],"replies":[{"embeddable":true,"href":"https:\/\/ostrowskatv.pl\/index.php?rest_route=%2Fwp%2Fv2%2Fcomments&post=35458"}],"version-history":[{"count":1,"href":"https:\/\/ostrowskatv.pl\/index.php?rest_route=\/wp\/v2\/posts\/35458\/revisions"}],"predecessor-version":[{"id":35459,"href":"https:\/\/ostrowskatv.pl\/index.php?rest_route=\/wp\/v2\/posts\/35458\/revisions\/35459"}],"wp:featuredmedia":[{"embeddable":true,"href":"https:\/\/ostrowskatv.pl\/index.php?rest_route=\/wp\/v2\/media\/30572"}],"wp:attachment":[{"href":"https:\/\/ostrowskatv.pl\/index.php?rest_route=%2Fwp%2Fv2%2Fmedia&parent=35458"}],"wp:term":[{"taxonomy":"category","embeddable":true,"href":"https:\/\/ostrowskatv.pl\/index.php?rest_route=%2Fwp%2Fv2%2Fcategories&post=35458"},{"taxonomy":"post_tag","embeddable":true,"href":"https:\/\/ostrowskatv.pl\/index.php?rest_route=%2Fwp%2Fv2%2Ftags&post=35458"}],"curies":[{"name":"wp","href":"https:\/\/api.w.org\/{rel}","templated":true}]}}