{"id":35455,"date":"2025-07-19T08:19:03","date_gmt":"2025-07-19T07:19:03","guid":{"rendered":"https:\/\/ostrowskatv.pl\/?p=35455"},"modified":"2025-07-19T08:19:03","modified_gmt":"2025-07-19T07:19:03","slug":"zderzenie-renault-i-lexus-zdjecia","status":"publish","type":"post","link":"https:\/\/ostrowskatv.pl\/?p=35455","title":{"rendered":"Zderzenie Renault i Lexus (ZDJ\u0118CIA)"},"content":{"rendered":"<p><strong>sobotni poranek tu\u017c przed godzin\u0105 9:00 na ul. Ko\u015bciuszki w Ostrowie Wielkopolskim dosz\u0142o do kolizji drogowej z udzia\u0142em dw\u00f3ch pojazd\u00f3w. Zderzy\u0142y si\u0119 osobowe renault i lexus.<\/strong><\/p>\n<p><a href=\"https:\/\/ostrowskatv.pl\/?attachment_id=35454\" rel=\"attachment wp-att-35454\"><img loading=\"lazy\" decoding=\"async\" src=\"https:\/\/ostrowskatv.pl\/wp-content\/uploads\/2025\/07\/1000061633.jpg\" alt=\"\" width=\"1246\" height=\"1070\" class=\"alignnone size-full wp-image-35454\" srcset=\"https:\/\/ostrowskatv.pl\/wp-content\/uploads\/2025\/07\/1000061633.jpg 1246w, https:\/\/ostrowskatv.pl\/wp-content\/uploads\/2025\/07\/1000061633-300x258.jpg 300w\" sizes=\"auto, (max-width: 1246px) 100vw, 1246px\" \/><\/a><\/p>\n<p><a href=\"https:\/\/ostrowskatv.pl\/?attachment_id=35453\" rel=\"attachment wp-att-35453\"><img loading=\"lazy\" decoding=\"async\" src=\"https:\/\/ostrowskatv.pl\/wp-content\/uploads\/2025\/07\/1000061637.jpg\" alt=\"\" width=\"1146\" height=\"802\" class=\"alignnone size-full wp-image-35453\" srcset=\"https:\/\/ostrowskatv.pl\/wp-content\/uploads\/2025\/07\/1000061637.jpg 1146w, https:\/\/ostrowskatv.pl\/wp-content\/uploads\/2025\/07\/1000061637-300x210.jpg 300w, https:\/\/ostrowskatv.pl\/wp-content\/uploads\/2025\/07\/1000061637-120x85.jpg 120w\" sizes=\"auto, (max-width: 1146px) 100vw, 1146px\" \/><\/a><\/p>\n<p><a href=\"https:\/\/ostrowskatv.pl\/?attachment_id=35452\" rel=\"attachment wp-att-35452\"><img loading=\"lazy\" decoding=\"async\" src=\"https:\/\/ostrowskatv.pl\/wp-content\/uploads\/2025\/07\/1000061635.jpg\" alt=\"\" width=\"1429\" height=\"1003\" class=\"alignnone size-full wp-image-35452\" srcset=\"https:\/\/ostrowskatv.pl\/wp-content\/uploads\/2025\/07\/1000061635.jpg 1429w, https:\/\/ostrowskatv.pl\/wp-content\/uploads\/2025\/07\/1000061635-300x211.jpg 300w, https:\/\/ostrowskatv.pl\/wp-content\/uploads\/2025\/07\/1000061635-1333x936.jpg 1333w, https:\/\/ostrowskatv.pl\/wp-content\/uploads\/2025\/07\/1000061635-120x85.jpg 120w\" sizes=\"auto, (max-width: 1429px) 100vw, 1429px\" \/><\/a><\/p>\n<p>Jak ustalili funkcjonariusze ostrowskiej drog\u00f3wki, kieruj\u0105cy samochodem marki Renault Clio nie ust\u0105pi\u0142 pierwsze\u0144stwa przejazdu, doprowadzaj\u0105c do zderzenia z prawid\u0142owo poruszaj\u0105cym si\u0119 lexusem. Na szcz\u0119\u015bcie w wyniku kolizji nikt nie odni\u00f3s\u0142 obra\u017ce\u0144.<\/p>\n<p>Na miejscu interweniowali jedynie policjanci z Wydzia\u0142u Ruchu Drogowego Komendy Powiatowej Policji w Ostrowie Wielkopolskim. Sprawca zdarzenia zosta\u0142 ukarany mandatem karnym.<\/p>\n","protected":false},"excerpt":{"rendered":"sobotni poranek tu\u017c przed godzin\u0105 9:00 na ul. Ko\u015bciuszki w Ostrowie Wielkopolskim dosz\u0142o do kolizji drogowej z udzia\u0142em dw\u00f3ch pojazd\u00f3w. Zderzy\u0142y si\u0119 osobowe \n<a class=\"moretag\" href=\"https:\/\/ostrowskatv.pl\/?p=35455\"> [...]<\/a>","protected":false},"author":1,"featured_media":35452,"comment_status":"open","ping_status":"closed","sticky":false,"template":"","format":"standard","meta":{"footnotes":""},"categories":[1],"tags":[],"class_list":["post-35455","post","type-post","status-publish","format-standard","has-post-thumbnail","hentry","category-news"],"_links":{"self":[{"href":"https:\/\/ostrowskatv.pl\/index.php?rest_route=\/wp\/v2\/posts\/35455","targetHints":{"allow":["GET"]}}],"collection":[{"href":"https:\/\/ostrowskatv.pl\/index.php?rest_route=\/wp\/v2\/posts"}],"about":[{"href":"https:\/\/ostrowskatv.pl\/index.php?rest_route=\/wp\/v2\/types\/post"}],"author":[{"embeddable":true,"href":"https:\/\/ostrowskatv.pl\/index.php?rest_route=\/wp\/v2\/users\/1"}],"replies":[{"embeddable":true,"href":"https:\/\/ostrowskatv.pl\/index.php?rest_route=%2Fwp%2Fv2%2Fcomments&post=35455"}],"version-history":[{"count":2,"href":"https:\/\/ostrowskatv.pl\/index.php?rest_route=\/wp\/v2\/posts\/35455\/revisions"}],"predecessor-version":[{"id":35457,"href":"https:\/\/ostrowskatv.pl\/index.php?rest_route=\/wp\/v2\/posts\/35455\/revisions\/35457"}],"wp:featuredmedia":[{"embeddable":true,"href":"https:\/\/ostrowskatv.pl\/index.php?rest_route=\/wp\/v2\/media\/35452"}],"wp:attachment":[{"href":"https:\/\/ostrowskatv.pl\/index.php?rest_route=%2Fwp%2Fv2%2Fmedia&parent=35455"}],"wp:term":[{"taxonomy":"category","embeddable":true,"href":"https:\/\/ostrowskatv.pl\/index.php?rest_route=%2Fwp%2Fv2%2Fcategories&post=35455"},{"taxonomy":"post_tag","embeddable":true,"href":"https:\/\/ostrowskatv.pl\/index.php?rest_route=%2Fwp%2Fv2%2Ftags&post=35455"}],"curies":[{"name":"wp","href":"https:\/\/api.w.org\/{rel}","templated":true}]}}