{"id":35426,"date":"2025-07-10T16:50:18","date_gmt":"2025-07-10T15:50:18","guid":{"rendered":"https:\/\/ostrowskatv.pl\/?p=35426"},"modified":"2025-07-10T16:51:23","modified_gmt":"2025-07-10T15:51:23","slug":"35426","status":"publish","type":"post","link":"https:\/\/ostrowskatv.pl\/?p=35426","title":{"rendered":"\u015amier\u0107 na pasach i wyrok, kt\u00f3ry boli bliskich Maksymiliana"},"content":{"rendered":"<h2><strong>Nie \u017cyje 17-letni ch\u0142opak. Nie wiadomo, kto ci\u0105gn\u0105\u0142 jego cia\u0142o przez p\u00f3\u0142tora kilometra. A winny? Dosta\u0142 rok w zawieszeniu.<\/strong><\/h2>\n<p><strong>Cielcza. Styczniowy poranek 2024 roku.<\/strong><br \/>\nDeszcz nie przestaje la\u0107, ulice jeszcze ton\u0105 w ciemno\u015bci. W tym w\u0142a\u015bnie miejscu, na oznakowanym przej\u015bciu dla pieszych przy ul. Pozna\u0144skiej, ko\u0144czy si\u0119 \u017cycie Maksymiliana \u2013 17-letniego ch\u0142opaka z harcerskim krzy\u017cem na piersi i planami na przysz\u0142o\u015b\u0107.<\/p>\n<p>Dzi\u015b, po wielu miesi\u0105cach b\u00f3lu, niedowierzania i czekania na sprawiedliwo\u015b\u0107, zapad\u0142 wyrok. S\u0105d Rejonowy w Jarocinie uzna\u0142 win\u0119 56-letniego kierowcy Seata, kt\u00f3ry potr\u0105ci\u0142 ch\u0142opca. M\u0119\u017cczyzna <strong>jecha\u0142 zbyt szybko<\/strong> <strong>jak na warunki<\/strong> \u2013 40 km\/h, kiedy powinien zwolni\u0107 do 15\u201320 km\/h. Nie zauwa\u017cy\u0142 ch\u0142opaka. Nie zd\u0105\u017cy\u0142 zahamowa\u0107.<br \/>\nZabi\u0142 \u2013 nieumy\u015blnie.<\/p>\n<p>Ale to tylko cz\u0119\u015b\u0107 dramatu.<\/p>\n<p>Cia\u0142o Maksymiliana znaleziono 1,5 kilometra dalej.<br \/>\nBy\u0142o wleczone przez drugi samoch\u00f3d, kt\u00f3rego kierowcy do dzi\u015b nie uda\u0142o si\u0119 ustali\u0107. Ten drugi kierowca \u2013 milcz\u0105cy \u015bwiadek lub drugi sprawca \u2013 wci\u0105\u017c jest wolny. I by\u0107 mo\u017ce codziennie mija miejsce tragedii, bez cienia refleksji.<\/p>\n<p>\u201eTo jest kpina\u201d \u2013 m\u00f3wi matka Maksa. Trudno si\u0119 z ni\u0105 nie zgodzi\u0107.<\/p>\n<p>Rok wi\u0119zienia w zawieszeniu na dwa lata. Obowi\u0105zek raportowania kuratorowi co sze\u015b\u0107 miesi\u0119cy. I wolno\u015b\u0107.<br \/>\nTylko jedna strona tej historii mo\u017ce wr\u00f3ci\u0107 do domu.<\/p>\n<p><em>\u2013 \u201eJa nie mam syna, a on b\u0119dzie chodzi\u0142 na wolno\u015bci? W \u017cadnym wypadku! Nigdy si\u0119 na taki wyrok nie zgodzimy\u201d<\/em> \u2013 krzyczy przez \u0142zy pani Anita, matka Maksa.<\/p>\n<p>S\u0119dzia w uzasadnieniu wyroku podkre\u015bli\u0142, \u017ce nie s\u0105dzi pirata drogowego, tylko cz\u0142owieka, kt\u00f3ry pope\u0142ni\u0142 tragiczny b\u0142\u0105d. \u017be musi kierowa\u0107 si\u0119 faktami, nie emocjami.<br \/>\nAle czy mo\u017cna oddzieli\u0107 emocje od faktu, \u017ce ch\u0142opak zgin\u0105\u0142 na pasach, w \u015brodku swojej wioski, wracaj\u0105c do domu? \u017be kto\u015b przeci\u0105gn\u0105\u0142 jego cia\u0142o po jezdni jak przedmiot?<\/p>\n<p><strong>Kim by\u0142 Maksymilian?<\/strong><br \/>\nHarcerz. Pomocny, odpowiedzialny, zawsze u\u015bmiechni\u0119ty.<br \/>\nMia\u0142 przyjaci\u00f3\u0142, mia\u0142 plany. Zamiast nich \u2013 ma teraz krzy\u017c. Pani Anita \u2013 matka, kt\u00f3ra zamiast na matur\u0119, p\u00f3jdzie z synem na cmentarz \u2013 codziennie walczy nie tylko z \u017ca\u0142ob\u0105, ale i z bezsilno\u015bci\u0105.<\/p>\n<p>Napisa\u0142a do ministra sprawiedliwo\u015bci. Prosi\u0142a o analiz\u0119 danych BTS, kt\u00f3re mog\u0142yby pom\u00f3c zidentyfikowa\u0107 tajemniczego drugiego kierowc\u0119. Odpowied\u017a? \u201eSprawa pozostaje w gestii prokuratury rejonowej w Jarocinie\u201d \u2013 tej samej, kt\u00f3rej ju\u017c nie ufa.<\/p>\n<p><strong>Sprawiedliwo\u015b\u0107 czy pora\u017cka systemu?<\/strong><br \/>\nTen wyrok boli. Boli nie tylko rodzin\u0119, ale i wszystkich, kt\u00f3rzy pami\u0119taj\u0105 dramatyczne obrazy z Cielczy. Boli, bo pokazuje, \u017ce czasem prawo i sprawiedliwo\u015b\u0107 id\u0105 w zupe\u0142nie przeciwnych kierunkach.<\/p>\n<p><strong>Rok w zawieszeniu za \u015bmier\u0107 dziecka.<\/strong><br \/>\nRok, za kt\u00f3ry \u2013 jak m\u00f3wi matka Maksa \u2013 \u201eza zabicie psa dostaje si\u0119 wi\u0119cej\u201d.<\/p>\n<p>To nie jest koniec. Rodzina zapowiada apelacj\u0119. I walk\u0119 \u2013 nie o zemst\u0119, ale o prawd\u0119 i odpowiedzialno\u015b\u0107.<\/p>\n<p>Maks ju\u017c nigdy nie wr\u00f3ci. Ale mo\u017ce jeszcze uda si\u0119 przywr\u00f3ci\u0107 wiar\u0119 w to, \u017ce \u017cycie m\u0142odego cz\u0142owieka w Polsce naprawd\u0119 co\u015b znaczy.<\/p>\n<p>\u2726 Je\u015bli wiesz co\u015b o drugim kierowcy, kt\u00f3ry m\u00f3g\u0142 uczestniczy\u0107 w wypadku \u2013 zg\u0142o\u015b si\u0119. To nie tylko obowi\u0105zek \u2013 to ludzka przyzwoito\u015b\u0107.<\/p>\n<figure id=\"attachment_35428\" aria-describedby=\"caption-attachment-35428\" style=\"width: 1919px\" class=\"wp-caption alignnone\"><a href=\"https:\/\/ostrowskatv.pl\/?attachment_id=35428\" rel=\"attachment wp-att-35428\"><img loading=\"lazy\" decoding=\"async\" class=\"size-full wp-image-35428\" src=\"https:\/\/ostrowskatv.pl\/wp-content\/uploads\/2025\/07\/1000059860.jpg\" alt=\"\" width=\"1919\" height=\"1080\" srcset=\"https:\/\/ostrowskatv.pl\/wp-content\/uploads\/2025\/07\/1000059860.jpg 1919w, https:\/\/ostrowskatv.pl\/wp-content\/uploads\/2025\/07\/1000059860-300x169.jpg 300w, https:\/\/ostrowskatv.pl\/wp-content\/uploads\/2025\/07\/1000059860-1333x750.jpg 1333w, https:\/\/ostrowskatv.pl\/wp-content\/uploads\/2025\/07\/1000059860-1536x864.jpg 1536w\" sizes=\"auto, (max-width: 1919px) 100vw, 1919px\" \/><\/a><figcaption id=\"caption-attachment-35428\" class=\"wp-caption-text\">format: 3; filter: 0; fileterIntensity: 0.0; filterMask: 0; captureOrientation: 0;<br \/>runfunc: 0; algolist: 0;<br \/>multi-frame: 1;<br \/>brp_mask:0;<br \/>brp_del_th:0.0000,0.0000;<br \/>brp_del_sen:0.0000,0.0000;<br \/>motionR: 3;<br \/>delta:1;<br \/>bokeh:1;<br \/>module: photo;hw-remosaic: false;touch: (-1.0, -1.0);sceneMode: 12582912;cct_value: 0;AI_Scene: (200, 0);aec_lux: 282.98486;aec_lux_index: 0;albedo: ;confidence: ;motionLevel: -1;weatherinfo: weather?Mostly cloudy, icon:1, weatherInfo:100;temperature: 33;zeissColor: nature;<\/figcaption><\/figure>\n<figure id=\"attachment_35429\" aria-describedby=\"caption-attachment-35429\" style=\"width: 1920px\" class=\"wp-caption alignnone\"><a href=\"https:\/\/ostrowskatv.pl\/?attachment_id=35429\" rel=\"attachment wp-att-35429\"><img loading=\"lazy\" decoding=\"async\" class=\"size-full wp-image-35429\" src=\"https:\/\/ostrowskatv.pl\/wp-content\/uploads\/2025\/07\/1000059859.jpg\" alt=\"\" width=\"1920\" height=\"1080\" srcset=\"https:\/\/ostrowskatv.pl\/wp-content\/uploads\/2025\/07\/1000059859.jpg 1920w, https:\/\/ostrowskatv.pl\/wp-content\/uploads\/2025\/07\/1000059859-300x169.jpg 300w, https:\/\/ostrowskatv.pl\/wp-content\/uploads\/2025\/07\/1000059859-1333x750.jpg 1333w, https:\/\/ostrowskatv.pl\/wp-content\/uploads\/2025\/07\/1000059859-1536x864.jpg 1536w\" sizes=\"auto, (max-width: 1920px) 100vw, 1920px\" \/><\/a><figcaption id=\"caption-attachment-35429\" class=\"wp-caption-text\">format: 3; filter: 0; fileterIntensity: 0.0; filterMask: 0; captureOrientation: 0;<br \/>runfunc: 0; algolist: 0;<br \/>multi-frame: 1;<br \/>brp_mask:0;<br \/>brp_del_th:0.0000,0.0000;<br \/>brp_del_sen:0.0000,0.0000;<br \/>motionR: 3;<br \/>delta:1;<br \/>bokeh:1;<br \/>module: photo;hw-remosaic: false;touch: (-1.0, -1.0);sceneMode: 12582912;cct_value: 0;AI_Scene: (0, 0);aec_lux: 241.69325;aec_lux_index: 0;albedo: ;confidence: ;motionLevel: -1;weatherinfo: weather?Mostly cloudy, icon:1, weatherInfo:100;temperature: 32;zeissColor: nature;<\/figcaption><\/figure>\n<figure id=\"attachment_35430\" aria-describedby=\"caption-attachment-35430\" style=\"width: 1920px\" class=\"wp-caption alignnone\"><a href=\"https:\/\/ostrowskatv.pl\/?attachment_id=35430\" rel=\"attachment wp-att-35430\"><img loading=\"lazy\" decoding=\"async\" class=\"size-full wp-image-35430\" src=\"https:\/\/ostrowskatv.pl\/wp-content\/uploads\/2025\/07\/1000059858.jpg\" alt=\"\" width=\"1920\" height=\"1080\" srcset=\"https:\/\/ostrowskatv.pl\/wp-content\/uploads\/2025\/07\/1000059858.jpg 1920w, https:\/\/ostrowskatv.pl\/wp-content\/uploads\/2025\/07\/1000059858-300x169.jpg 300w, https:\/\/ostrowskatv.pl\/wp-content\/uploads\/2025\/07\/1000059858-1333x750.jpg 1333w, https:\/\/ostrowskatv.pl\/wp-content\/uploads\/2025\/07\/1000059858-1536x864.jpg 1536w\" sizes=\"auto, (max-width: 1920px) 100vw, 1920px\" \/><\/a><figcaption id=\"caption-attachment-35430\" class=\"wp-caption-text\">format: 0; filter: 0; fileterIntensity: 0.0; filterMask: 0; captureOrientation: 0;<br \/>runfunc: 0; algolist: 0;<br \/>multi-frame: 1;<br \/>brp_mask:0;<br \/>brp_del_th:0.0000,0.0000;<br \/>brp_del_sen:0.0000,0.0000;<br \/>motionR: 1;<br \/>delta:1;<br \/>bokeh:1;<br \/>module: photo;hw-remosaic: false;touch: (-1.0, -1.0);sceneMode: 13107200;cct_value: 0;AI_Scene: (-1, -1);aec_lux: 0.0;aec_lux_index: 0;albedo: ;confidence: ;motionLevel: -1;weatherinfo: weather?Mostly cloudy, icon:1, weatherInfo:100;temperature: 32;zeissColor: nature;<\/figcaption><\/figure>\n<p><a href=\"https:\/\/ostrowskatv.pl\/?attachment_id=35432\" rel=\"attachment wp-att-35432\"><img loading=\"lazy\" decoding=\"async\" class=\"alignnone size-full wp-image-35432\" src=\"https:\/\/ostrowskatv.pl\/wp-content\/uploads\/2025\/07\/cielcza.jpg\" alt=\"\" width=\"1333\" height=\"750\" srcset=\"https:\/\/ostrowskatv.pl\/wp-content\/uploads\/2025\/07\/cielcza.jpg 1333w, https:\/\/ostrowskatv.pl\/wp-content\/uploads\/2025\/07\/cielcza-300x169.jpg 300w\" sizes=\"auto, (max-width: 1333px) 100vw, 1333px\" \/><\/a><\/p>\n<p><a href=\"https:\/\/ostrowskatv.pl\/?attachment_id=35433\" rel=\"attachment wp-att-35433\"><img loading=\"lazy\" decoding=\"async\" class=\"alignnone size-full wp-image-35433\" src=\"https:\/\/ostrowskatv.pl\/wp-content\/uploads\/2025\/07\/cielcza02.jpg\" alt=\"\" width=\"1333\" height=\"750\" srcset=\"https:\/\/ostrowskatv.pl\/wp-content\/uploads\/2025\/07\/cielcza02.jpg 1333w, https:\/\/ostrowskatv.pl\/wp-content\/uploads\/2025\/07\/cielcza02-300x169.jpg 300w\" sizes=\"auto, (max-width: 1333px) 100vw, 1333px\" \/><\/a><\/p>\n<p><a href=\"https:\/\/ostrowskatv.pl\/?attachment_id=35434\" rel=\"attachment wp-att-35434\"><img loading=\"lazy\" decoding=\"async\" class=\"alignnone size-full wp-image-35434\" src=\"https:\/\/ostrowskatv.pl\/wp-content\/uploads\/2025\/07\/mama-maksia01.jpg\" alt=\"\" width=\"1333\" height=\"750\" srcset=\"https:\/\/ostrowskatv.pl\/wp-content\/uploads\/2025\/07\/mama-maksia01.jpg 1333w, https:\/\/ostrowskatv.pl\/wp-content\/uploads\/2025\/07\/mama-maksia01-300x169.jpg 300w\" sizes=\"auto, (max-width: 1333px) 100vw, 1333px\" \/><\/a><\/p>\n<p><a href=\"https:\/\/ostrowskatv.pl\/?attachment_id=35435\" rel=\"attachment wp-att-35435\"><img loading=\"lazy\" decoding=\"async\" class=\"alignnone size-full wp-image-35435\" src=\"https:\/\/ostrowskatv.pl\/wp-content\/uploads\/2025\/07\/mama-maksia02.png\" alt=\"\" width=\"1333\" height=\"750\" srcset=\"https:\/\/ostrowskatv.pl\/wp-content\/uploads\/2025\/07\/mama-maksia02.png 1333w, https:\/\/ostrowskatv.pl\/wp-content\/uploads\/2025\/07\/mama-maksia02-300x169.png 300w\" sizes=\"auto, (max-width: 1333px) 100vw, 1333px\" \/><\/a><\/p>\n","protected":false},"excerpt":{"rendered":"Nie \u017cyje 17-letni ch\u0142opak. Nie wiadomo, kto ci\u0105gn\u0105\u0142 jego cia\u0142o przez p\u00f3\u0142tora kilometra. A winny? Dosta\u0142 rok w zawieszeniu. Cielcza. Styczniowy poranek 2024 \n<a class=\"moretag\" href=\"https:\/\/ostrowskatv.pl\/?p=35426\"> [...]<\/a>","protected":false},"author":1,"featured_media":35434,"comment_status":"open","ping_status":"closed","sticky":false,"template":"","format":"standard","meta":{"footnotes":""},"categories":[1],"tags":[],"class_list":["post-35426","post","type-post","status-publish","format-standard","has-post-thumbnail","hentry","category-news"],"_links":{"self":[{"href":"https:\/\/ostrowskatv.pl\/index.php?rest_route=\/wp\/v2\/posts\/35426","targetHints":{"allow":["GET"]}}],"collection":[{"href":"https:\/\/ostrowskatv.pl\/index.php?rest_route=\/wp\/v2\/posts"}],"about":[{"href":"https:\/\/ostrowskatv.pl\/index.php?rest_route=\/wp\/v2\/types\/post"}],"author":[{"embeddable":true,"href":"https:\/\/ostrowskatv.pl\/index.php?rest_route=\/wp\/v2\/users\/1"}],"replies":[{"embeddable":true,"href":"https:\/\/ostrowskatv.pl\/index.php?rest_route=%2Fwp%2Fv2%2Fcomments&post=35426"}],"version-history":[{"count":4,"href":"https:\/\/ostrowskatv.pl\/index.php?rest_route=\/wp\/v2\/posts\/35426\/revisions"}],"predecessor-version":[{"id":35438,"href":"https:\/\/ostrowskatv.pl\/index.php?rest_route=\/wp\/v2\/posts\/35426\/revisions\/35438"}],"wp:featuredmedia":[{"embeddable":true,"href":"https:\/\/ostrowskatv.pl\/index.php?rest_route=\/wp\/v2\/media\/35434"}],"wp:attachment":[{"href":"https:\/\/ostrowskatv.pl\/index.php?rest_route=%2Fwp%2Fv2%2Fmedia&parent=35426"}],"wp:term":[{"taxonomy":"category","embeddable":true,"href":"https:\/\/ostrowskatv.pl\/index.php?rest_route=%2Fwp%2Fv2%2Fcategories&post=35426"},{"taxonomy":"post_tag","embeddable":true,"href":"https:\/\/ostrowskatv.pl\/index.php?rest_route=%2Fwp%2Fv2%2Ftags&post=35426"}],"curies":[{"name":"wp","href":"https:\/\/api.w.org\/{rel}","templated":true}]}}