{"id":35423,"date":"2025-07-10T13:16:43","date_gmt":"2025-07-10T12:16:43","guid":{"rendered":"https:\/\/ostrowskatv.pl\/?p=35423"},"modified":"2025-07-10T13:16:43","modified_gmt":"2025-07-10T12:16:43","slug":"obcokrajowiec-wzial-male-dziecko-na-rece-wygladalo-jakby-chcial-je-porwac","status":"publish","type":"post","link":"https:\/\/ostrowskatv.pl\/?p=35423","title":{"rendered":"Obcokrajowiec wzi\u0105\u0142 ma\u0142e dziecko na r\u0119ce. Wygl\u0105da\u0142o jakby chcia\u0142 je porwa\u0107"},"content":{"rendered":"<p><strong>Na jednej z grup w mediach spo\u0142eczno\u015bciowych zwi\u0105zanych z Ostrowem Wielkopolskim pojawi\u0142 si\u0119 alarmuj\u0105cy wpis sugeruj\u0105cy jakoby na terenie naszego miasta mia\u0142o doj\u015b\u0107 do pr\u00f3by uprowadzenia dziecka przez obcokrajowc\u00f3w. <\/strong><\/p>\n<p>Informacja, w kt\u00f3r\u0105 trudno pocz\u0105tkowo uwierzy\u0107 w dobie fake news\u00f3w, zosta\u0142a zweryfikowana. I cho\u0107 post jest kilkudniowy, to do zbie\u017cnego zdarzenia dosz\u0142o na pocz\u0105tku czerwca. Wtedy na terenie jednego ze sklep\u00f3w w rejonie Galerii Ostrovia mia\u0142 miejsce nast\u0119puj\u0105cy incydent. M\u0119\u017cczyzna wzi\u0105\u0142 na r\u0119ce nieswoje kilkuletnie dziecko i ruszy\u0142 w stron\u0119 kas sklepowych. W tym momencie matka zacz\u0119\u0142a krzycze\u0107, poniewa\u017c by\u0142a przekonana, \u017ce kto\u015b porywa jej dziecko. <\/p>\n<p>Kiedy wszcz\u0119\u0142a alarm m\u0119\u017cczyzna postawi\u0142 dziecko i wraz z grup\u0105 innych m\u0119\u017cczyzn uda\u0142 si\u0119 w kierunku Galerii Ostrovia. Matka dopiero po dw\u00f3ch dniach powiadomi\u0142a policj\u0119. Ostrowscy funkcjonariusze stan\u0119li na wysoko\u015bci zadania i namierzyli podejrzanego. Zadanie nie by\u0142o \u0142atwe, poniewa\u017c zar\u00f3wno on jak i towarzysz\u0105cy mu m\u0119\u017cczy\u017ani s\u0105 Gruzinami, ale legalnie pracuj\u0105cymi na naszym terenie. <\/p>\n<p>Po przeprowadzeniu rozmowy ustalono, \u017ce Gruzin chcia\u0142 tylko za\u017cartowa\u0107 widz\u0105c biegaj\u0105ce pomi\u0119dzy rega\u0142ami dziecko. Uwierzono mu i stwierdzono, \u017ce nie dosz\u0142o do pope\u0142nienia przest\u0119pstwa.<\/p>\n","protected":false},"excerpt":{"rendered":"Na jednej z grup w mediach spo\u0142eczno\u015bciowych zwi\u0105zanych z Ostrowem Wielkopolskim pojawi\u0142 si\u0119 alarmuj\u0105cy wpis sugeruj\u0105cy jakoby na terenie naszego miasta mia\u0142o doj\u015b\u0107 \n<a class=\"moretag\" href=\"https:\/\/ostrowskatv.pl\/?p=35423\"> [...]<\/a>","protected":false},"author":1,"featured_media":35424,"comment_status":"open","ping_status":"closed","sticky":false,"template":"","format":"standard","meta":{"footnotes":""},"categories":[1],"tags":[],"class_list":["post-35423","post","type-post","status-publish","format-standard","has-post-thumbnail","hentry","category-news"],"_links":{"self":[{"href":"https:\/\/ostrowskatv.pl\/index.php?rest_route=\/wp\/v2\/posts\/35423","targetHints":{"allow":["GET"]}}],"collection":[{"href":"https:\/\/ostrowskatv.pl\/index.php?rest_route=\/wp\/v2\/posts"}],"about":[{"href":"https:\/\/ostrowskatv.pl\/index.php?rest_route=\/wp\/v2\/types\/post"}],"author":[{"embeddable":true,"href":"https:\/\/ostrowskatv.pl\/index.php?rest_route=\/wp\/v2\/users\/1"}],"replies":[{"embeddable":true,"href":"https:\/\/ostrowskatv.pl\/index.php?rest_route=%2Fwp%2Fv2%2Fcomments&post=35423"}],"version-history":[{"count":1,"href":"https:\/\/ostrowskatv.pl\/index.php?rest_route=\/wp\/v2\/posts\/35423\/revisions"}],"predecessor-version":[{"id":35425,"href":"https:\/\/ostrowskatv.pl\/index.php?rest_route=\/wp\/v2\/posts\/35423\/revisions\/35425"}],"wp:featuredmedia":[{"embeddable":true,"href":"https:\/\/ostrowskatv.pl\/index.php?rest_route=\/wp\/v2\/media\/35424"}],"wp:attachment":[{"href":"https:\/\/ostrowskatv.pl\/index.php?rest_route=%2Fwp%2Fv2%2Fmedia&parent=35423"}],"wp:term":[{"taxonomy":"category","embeddable":true,"href":"https:\/\/ostrowskatv.pl\/index.php?rest_route=%2Fwp%2Fv2%2Fcategories&post=35423"},{"taxonomy":"post_tag","embeddable":true,"href":"https:\/\/ostrowskatv.pl\/index.php?rest_route=%2Fwp%2Fv2%2Ftags&post=35423"}],"curies":[{"name":"wp","href":"https:\/\/api.w.org\/{rel}","templated":true}]}}