{"id":35392,"date":"2025-07-08T19:31:50","date_gmt":"2025-07-08T18:31:50","guid":{"rendered":"https:\/\/ostrowskatv.pl\/?p=35392"},"modified":"2025-07-08T19:31:50","modified_gmt":"2025-07-08T18:31:50","slug":"nastolatek-na-elektrycznej-hulajnodze-zderzyl-sie-z-ciezarowka","status":"publish","type":"post","link":"https:\/\/ostrowskatv.pl\/?p=35392","title":{"rendered":"Nastolatek na elektrycznej hulajnodze zderzy\u0142 si\u0119 z ci\u0119\u017car\u00f3wk\u0105"},"content":{"rendered":"<p><strong>Powa\u017cny wypadek z udzia\u0142em nastolatka na hulajnodze elektrycznej i ci\u0119\u017car\u00f3wki w Ostrowie Wielkopolskim<\/strong><\/p>\n<p>We wtorkowy wiecz\u00f3r, kwadrans po godzinie 19, na ulicy Dwernickiego w Ostrowie Wielkopolskim dosz\u0142o do gro\u017anego wypadku z udzia\u0142em nastoletniego u\u017cytkownika hulajnogi elektrycznej oraz samochodu ci\u0119\u017carowego typu ch\u0142odnia. Zdarzenie mia\u0142o miejsce przy wje\u017adzie na teren jednej z firm zlokalizowanych przy tej ulicy.<\/p>\n<p>Wed\u0142ug wst\u0119pnych ustale\u0144, ch\u0142opiec w wieku oko\u0142o 13 lat porusza\u0142 si\u0119 chodnikiem w kierunku ulicy Rejtana. W momencie, gdy przeje\u017cd\u017ca\u0142 przez wjazd na teren firmy, dosz\u0142o do zderzenia z wje\u017cd\u017caj\u0105c\u0105 ch\u0142odni\u0105. Kierowca ci\u0119\u017car\u00f3wki prawdopodobnie nie zauwa\u017cy\u0142 hulajnogi, kt\u00f3ra znalaz\u0142a si\u0119 w martwym polu widzenia pojazdu. Hulajnoga elektryczna zahaczy\u0142a o prz\u00f3d ci\u0119\u017car\u00f3wki i zosta\u0142a przez ni\u0105 pchni\u0119ta \u2013 wraz z nastolatkiem.<\/p>\n<p>Szcz\u0119\u015bliwie, ch\u0142opiec nie dosta\u0142 si\u0119 pod ko\u0142a samochodu, co mog\u0142o zako\u0144czy\u0107 si\u0119 tragicznie. Jak podkre\u015blaj\u0105 \u015bwiadkowie i s\u0142u\u017cby, kluczow\u0105 rol\u0119 w zapobiegni\u0119ciu powa\u017cniejszym obra\u017ceniom odegra\u0142 pe\u0142ny kask ochronny, kt\u00f3ry mia\u0142 na sobie poszkodowany. Niestety, nastolatek dozna\u0142 powa\u017cnego urazu prawej r\u0119ki. Przed nim d\u0142ugotrwa\u0142e leczenie i rehabilitacja.<\/p>\n<p>To zdarzenie pokazuje, jak wa\u017cne jest noszenie odpowiedniego sprz\u0119tu ochronnego podczas jazdy na hulajnodze elektrycznej. Kask mo\u017ce uratowa\u0107 \u017cycie, ale r\u00f3wnie istotne pozostaje zachowanie ostro\u017cno\u015bci i ograniczonego zaufania wobec innych uczestnik\u00f3w ruchu drogowego \u2013 zar\u00f3wno kierowc\u00f3w, jak i pieszych czy rowerzyst\u00f3w.<\/p>\n<p>Na miejscu pracowa\u0142a policja, kt\u00f3ra zabezpiecza\u0142a \u015blady oraz prowadzi\u0142a ogl\u0119dziny maj\u0105ce na celu ustalenie szczeg\u00f3\u0142owego przebiegu wypadku i przypisanie odpowiedzialno\u015bci za jego spowodowanie.<\/p>\n<p>Sprawa jest nadal w toku.<\/p>\n<figure id=\"attachment_35393\" aria-describedby=\"caption-attachment-35393\" style=\"width: 1920px\" class=\"wp-caption alignnone\"><a href=\"https:\/\/ostrowskatv.pl\/?attachment_id=35393\" rel=\"attachment wp-att-35393\"><img loading=\"lazy\" decoding=\"async\" src=\"https:\/\/ostrowskatv.pl\/wp-content\/uploads\/2025\/07\/1000059461.jpg\" alt=\"\" width=\"1920\" height=\"1080\" class=\"size-full wp-image-35393\" srcset=\"https:\/\/ostrowskatv.pl\/wp-content\/uploads\/2025\/07\/1000059461.jpg 1920w, https:\/\/ostrowskatv.pl\/wp-content\/uploads\/2025\/07\/1000059461-300x169.jpg 300w, https:\/\/ostrowskatv.pl\/wp-content\/uploads\/2025\/07\/1000059461-1333x750.jpg 1333w, https:\/\/ostrowskatv.pl\/wp-content\/uploads\/2025\/07\/1000059461-1536x864.jpg 1536w\" sizes=\"auto, (max-width: 1920px) 100vw, 1920px\" \/><\/a><figcaption id=\"caption-attachment-35393\" class=\"wp-caption-text\">format: 0; filter: 0; fileterIntensity: 0.0; filterMask: 0; captureOrientation: 0;<br \/>runfunc: 0; algolist: 0;<br \/>multi-frame: 1;<br \/>brp_mask:0;<br \/>brp_del_th:0.0000,0.0000;<br \/>brp_del_sen:0.0000,0.0000;<br \/>motionR: 0;<br \/>delta:1;<br \/>bokeh:1;<br \/>module: photo;hw-remosaic: false;touch: (-1.0, -1.0);sceneMode: 13107200;cct_value: 0;AI_Scene: (20, 0);aec_lux: 255.89345;aec_lux_index: 0;albedo:  ;confidence:  ;motionLevel: 0;weatherinfo: weather?Showers, icon:5, weatherInfo:100;temperature: 34;zeissColor: nature;<\/figcaption><\/figure>\n<figure id=\"attachment_35394\" aria-describedby=\"caption-attachment-35394\" style=\"width: 1920px\" class=\"wp-caption alignnone\"><a href=\"https:\/\/ostrowskatv.pl\/?attachment_id=35394\" rel=\"attachment wp-att-35394\"><img loading=\"lazy\" decoding=\"async\" src=\"https:\/\/ostrowskatv.pl\/wp-content\/uploads\/2025\/07\/1000059460.jpg\" alt=\"\" width=\"1920\" height=\"891\" class=\"size-full wp-image-35394\" srcset=\"https:\/\/ostrowskatv.pl\/wp-content\/uploads\/2025\/07\/1000059460.jpg 1920w, https:\/\/ostrowskatv.pl\/wp-content\/uploads\/2025\/07\/1000059460-300x139.jpg 300w, https:\/\/ostrowskatv.pl\/wp-content\/uploads\/2025\/07\/1000059460-1333x619.jpg 1333w, https:\/\/ostrowskatv.pl\/wp-content\/uploads\/2025\/07\/1000059460-1536x713.jpg 1536w\" sizes=\"auto, (max-width: 1920px) 100vw, 1920px\" \/><\/a><figcaption id=\"caption-attachment-35394\" class=\"wp-caption-text\">format: 0; filter: 0; fileterIntensity: 0.0; filterMask: 0; captureOrientation: 0;<br \/>runfunc: 0; algolist: 0;<br \/>multi-frame: 1;<br \/>brp_mask:0;<br \/>brp_del_th:0.0000,0.0000;<br \/>brp_del_sen:0.0000,0.0000;<br \/>motionR: 0;<br \/>delta:1;<br \/>bokeh:1;<br \/>module: photo;hw-remosaic: false;touch: (-1.0, -1.0);sceneMode: 13107200;cct_value: 0;AI_Scene: (20, 0);aec_lux: 251.5745;aec_lux_index: 0;albedo:  ;confidence:  ;motionLevel: 0;weatherinfo: weather?Showers, icon:5, weatherInfo:100;temperature: 34;zeissColor: nature;<\/figcaption><\/figure>\n<figure id=\"attachment_35395\" aria-describedby=\"caption-attachment-35395\" style=\"width: 1920px\" class=\"wp-caption alignnone\"><a href=\"https:\/\/ostrowskatv.pl\/?attachment_id=35395\" rel=\"attachment wp-att-35395\"><img loading=\"lazy\" decoding=\"async\" src=\"https:\/\/ostrowskatv.pl\/wp-content\/uploads\/2025\/07\/1000059459.jpg\" alt=\"\" width=\"1920\" height=\"982\" class=\"size-full wp-image-35395\" srcset=\"https:\/\/ostrowskatv.pl\/wp-content\/uploads\/2025\/07\/1000059459.jpg 1920w, https:\/\/ostrowskatv.pl\/wp-content\/uploads\/2025\/07\/1000059459-300x153.jpg 300w, https:\/\/ostrowskatv.pl\/wp-content\/uploads\/2025\/07\/1000059459-1333x682.jpg 1333w, https:\/\/ostrowskatv.pl\/wp-content\/uploads\/2025\/07\/1000059459-1536x786.jpg 1536w\" sizes=\"auto, (max-width: 1920px) 100vw, 1920px\" \/><\/a><figcaption id=\"caption-attachment-35395\" class=\"wp-caption-text\">format: 0; filter: 0; fileterIntensity: 0.0; filterMask: 0; captureOrientation: 0;<br \/>runfunc: 0; algolist: 0;<br \/>multi-frame: 1;<br \/>brp_mask:0;<br \/>brp_del_th:0.0000,0.0000;<br \/>brp_del_sen:0.0000,0.0000;<br \/>motionR: 0;<br \/>delta:1;<br \/>bokeh:1;<br \/>module: photo;hw-remosaic: false;touch: (-1.0, -1.0);sceneMode: 13107200;cct_value: 0;AI_Scene: (16, 0);aec_lux: 289.32074;aec_lux_index: 0;albedo:  ;confidence:  ;motionLevel: 0;weatherinfo: weather?Showers, icon:5, weatherInfo:100;temperature: 34;zeissColor: nature;<\/figcaption><\/figure>\n<figure id=\"attachment_35396\" aria-describedby=\"caption-attachment-35396\" style=\"width: 1920px\" class=\"wp-caption alignnone\"><a href=\"https:\/\/ostrowskatv.pl\/?attachment_id=35396\" rel=\"attachment wp-att-35396\"><img loading=\"lazy\" decoding=\"async\" src=\"https:\/\/ostrowskatv.pl\/wp-content\/uploads\/2025\/07\/1000059458.jpg\" alt=\"\" width=\"1920\" height=\"1080\" class=\"size-full wp-image-35396\" srcset=\"https:\/\/ostrowskatv.pl\/wp-content\/uploads\/2025\/07\/1000059458.jpg 1920w, https:\/\/ostrowskatv.pl\/wp-content\/uploads\/2025\/07\/1000059458-300x169.jpg 300w, https:\/\/ostrowskatv.pl\/wp-content\/uploads\/2025\/07\/1000059458-1333x750.jpg 1333w, https:\/\/ostrowskatv.pl\/wp-content\/uploads\/2025\/07\/1000059458-1536x864.jpg 1536w\" sizes=\"auto, (max-width: 1920px) 100vw, 1920px\" \/><\/a><figcaption id=\"caption-attachment-35396\" class=\"wp-caption-text\">format: 3; filter: 0; fileterIntensity: 0.0; filterMask: 0; captureOrientation: 0;<br \/>runfunc: 0; algolist: 0;<br \/>multi-frame: 1;<br \/>brp_mask:0;<br \/>brp_del_th:0.0000,0.0000;<br \/>brp_del_sen:0.0000,0.0000;<br \/>motionR: 3;<br \/>delta:1;<br \/>bokeh:1;<br \/>module: photo;hw-remosaic: false;touch: (-1.0, -1.0);sceneMode: 12582912;cct_value: 0;AI_Scene: (16, 0);aec_lux: 291.9638;aec_lux_index: 0;albedo:  ;confidence:  ;motionLevel: 0;weatherinfo: weather?Showers, icon:5, weatherInfo:100;temperature: 34;zeissColor: nature;<\/figcaption><\/figure>\n<figure id=\"attachment_35397\" aria-describedby=\"caption-attachment-35397\" style=\"width: 1919px\" class=\"wp-caption alignnone\"><a href=\"https:\/\/ostrowskatv.pl\/?attachment_id=35397\" rel=\"attachment wp-att-35397\"><img loading=\"lazy\" decoding=\"async\" src=\"https:\/\/ostrowskatv.pl\/wp-content\/uploads\/2025\/07\/1000059457.jpg\" alt=\"\" width=\"1919\" height=\"1080\" class=\"size-full wp-image-35397\" srcset=\"https:\/\/ostrowskatv.pl\/wp-content\/uploads\/2025\/07\/1000059457.jpg 1919w, https:\/\/ostrowskatv.pl\/wp-content\/uploads\/2025\/07\/1000059457-300x169.jpg 300w, https:\/\/ostrowskatv.pl\/wp-content\/uploads\/2025\/07\/1000059457-1333x750.jpg 1333w, https:\/\/ostrowskatv.pl\/wp-content\/uploads\/2025\/07\/1000059457-1536x864.jpg 1536w\" sizes=\"auto, (max-width: 1919px) 100vw, 1919px\" \/><\/a><figcaption id=\"caption-attachment-35397\" class=\"wp-caption-text\">format: 3; filter: 0; fileterIntensity: 0.0; filterMask: 0; captureOrientation: 0;<br \/>runfunc: 0; algolist: 0;<br \/>multi-frame: 1;<br \/>brp_mask:0;<br \/>brp_del_th:0.0000,0.0000;<br \/>brp_del_sen:0.0000,0.0000;<br \/>motionR: 1;<br \/>delta:1;<br \/>bokeh:1;<br \/>module: photo;hw-remosaic: false;touch: (-1.0, -1.0);sceneMode: 12582912;cct_value: 0;AI_Scene: (20, 0);aec_lux: 226.66418;aec_lux_index: 0;albedo:  ;confidence:  ;motionLevel: 0;weatherinfo: weather?Showers, icon:5, weatherInfo:100;temperature: 34;zeissColor: nature;<\/figcaption><\/figure>\n<figure id=\"attachment_35398\" aria-describedby=\"caption-attachment-35398\" style=\"width: 1920px\" class=\"wp-caption alignnone\"><a href=\"https:\/\/ostrowskatv.pl\/?attachment_id=35398\" rel=\"attachment wp-att-35398\"><img loading=\"lazy\" decoding=\"async\" src=\"https:\/\/ostrowskatv.pl\/wp-content\/uploads\/2025\/07\/1000059456.jpg\" alt=\"\" width=\"1920\" height=\"1080\" class=\"size-full wp-image-35398\" srcset=\"https:\/\/ostrowskatv.pl\/wp-content\/uploads\/2025\/07\/1000059456.jpg 1920w, https:\/\/ostrowskatv.pl\/wp-content\/uploads\/2025\/07\/1000059456-300x169.jpg 300w, https:\/\/ostrowskatv.pl\/wp-content\/uploads\/2025\/07\/1000059456-1333x750.jpg 1333w, https:\/\/ostrowskatv.pl\/wp-content\/uploads\/2025\/07\/1000059456-1536x864.jpg 1536w\" sizes=\"auto, (max-width: 1920px) 100vw, 1920px\" \/><\/a><figcaption id=\"caption-attachment-35398\" class=\"wp-caption-text\">format: 0; filter: 0; fileterIntensity: 0.0; filterMask: 0; captureOrientation: 0;<br \/>runfunc: 0; algolist: 0;<br \/>multi-frame: 1;<br \/>brp_mask:0;<br \/>brp_del_th:0.0000,0.0000;<br \/>brp_del_sen:0.0000,0.0000;<br \/>motionR: 1;<br \/>delta:1;<br \/>bokeh:1;<br \/>module: photo;hw-remosaic: false;touch: (-1.0, -1.0);sceneMode: 13107200;cct_value: 0;AI_Scene: (-1, -1);aec_lux: 211.43665;aec_lux_index: 0;albedo:  ;confidence:  ;motionLevel: 1;weatherinfo: weather?Showers, icon:5, weatherInfo:100;temperature: 34;zeissColor: nature;<\/figcaption><\/figure>\n<figure id=\"attachment_35399\" aria-describedby=\"caption-attachment-35399\" style=\"width: 1920px\" class=\"wp-caption alignnone\"><a href=\"https:\/\/ostrowskatv.pl\/?attachment_id=35399\" rel=\"attachment wp-att-35399\"><img loading=\"lazy\" decoding=\"async\" src=\"https:\/\/ostrowskatv.pl\/wp-content\/uploads\/2025\/07\/1000059455.jpg\" alt=\"\" width=\"1920\" height=\"901\" class=\"size-full wp-image-35399\" srcset=\"https:\/\/ostrowskatv.pl\/wp-content\/uploads\/2025\/07\/1000059455.jpg 1920w, https:\/\/ostrowskatv.pl\/wp-content\/uploads\/2025\/07\/1000059455-300x141.jpg 300w, https:\/\/ostrowskatv.pl\/wp-content\/uploads\/2025\/07\/1000059455-1333x626.jpg 1333w, https:\/\/ostrowskatv.pl\/wp-content\/uploads\/2025\/07\/1000059455-1536x721.jpg 1536w\" sizes=\"auto, (max-width: 1920px) 100vw, 1920px\" \/><\/a><figcaption id=\"caption-attachment-35399\" class=\"wp-caption-text\">format: 0; filter: 0; fileterIntensity: 0.0; filterMask: 0; captureOrientation: 0;<br \/>runfunc: 0; algolist: 0;<br \/>multi-frame: 1;<br \/>brp_mask:0;<br \/>brp_del_th:0.0000,0.0000;<br \/>brp_del_sen:0.0000,0.0000;<br \/>motionR: 3;<br \/>delta:1;<br \/>bokeh:1;<br \/>module: photo;hw-remosaic: false;touch: (-1.0, -1.0);sceneMode: 13107200;cct_value: 0;AI_Scene: (1000, 0);aec_lux: 383.0307;aec_lux_index: 0;albedo:  ;confidence:  ;motionLevel: -1;weatherinfo: weather?Showers, icon:5, weatherInfo:100;temperature: 33;zeissColor: nature;<\/figcaption><\/figure>\n","protected":false},"excerpt":{"rendered":"Powa\u017cny wypadek z udzia\u0142em nastolatka na hulajnodze elektrycznej i ci\u0119\u017car\u00f3wki w Ostrowie Wielkopolskim We wtorkowy wiecz\u00f3r, kwadrans po godzinie 19, na ulicy Dwernickiego \n<a class=\"moretag\" href=\"https:\/\/ostrowskatv.pl\/?p=35392\"> [...]<\/a>","protected":false},"author":1,"featured_media":35399,"comment_status":"open","ping_status":"closed","sticky":false,"template":"","format":"standard","meta":{"footnotes":""},"categories":[1],"tags":[11],"class_list":["post-35392","post","type-post","status-publish","format-standard","has-post-thumbnail","hentry","category-news","tag-wypadek"],"_links":{"self":[{"href":"https:\/\/ostrowskatv.pl\/index.php?rest_route=\/wp\/v2\/posts\/35392","targetHints":{"allow":["GET"]}}],"collection":[{"href":"https:\/\/ostrowskatv.pl\/index.php?rest_route=\/wp\/v2\/posts"}],"about":[{"href":"https:\/\/ostrowskatv.pl\/index.php?rest_route=\/wp\/v2\/types\/post"}],"author":[{"embeddable":true,"href":"https:\/\/ostrowskatv.pl\/index.php?rest_route=\/wp\/v2\/users\/1"}],"replies":[{"embeddable":true,"href":"https:\/\/ostrowskatv.pl\/index.php?rest_route=%2Fwp%2Fv2%2Fcomments&post=35392"}],"version-history":[{"count":1,"href":"https:\/\/ostrowskatv.pl\/index.php?rest_route=\/wp\/v2\/posts\/35392\/revisions"}],"predecessor-version":[{"id":35400,"href":"https:\/\/ostrowskatv.pl\/index.php?rest_route=\/wp\/v2\/posts\/35392\/revisions\/35400"}],"wp:featuredmedia":[{"embeddable":true,"href":"https:\/\/ostrowskatv.pl\/index.php?rest_route=\/wp\/v2\/media\/35399"}],"wp:attachment":[{"href":"https:\/\/ostrowskatv.pl\/index.php?rest_route=%2Fwp%2Fv2%2Fmedia&parent=35392"}],"wp:term":[{"taxonomy":"category","embeddable":true,"href":"https:\/\/ostrowskatv.pl\/index.php?rest_route=%2Fwp%2Fv2%2Fcategories&post=35392"},{"taxonomy":"post_tag","embeddable":true,"href":"https:\/\/ostrowskatv.pl\/index.php?rest_route=%2Fwp%2Fv2%2Ftags&post=35392"}],"curies":[{"name":"wp","href":"https:\/\/api.w.org\/{rel}","templated":true}]}}