{"id":35325,"date":"2025-07-04T14:51:05","date_gmt":"2025-07-04T13:51:05","guid":{"rendered":"https:\/\/ostrowskatv.pl\/?p=35325"},"modified":"2025-07-04T14:51:05","modified_gmt":"2025-07-04T13:51:05","slug":"za-mocno-zapil-bedzie-go-to-sporo-kosztowalo","status":"publish","type":"post","link":"https:\/\/ostrowskatv.pl\/?p=35325","title":{"rendered":"Za mocno zapi\u0142. B\u0119dzie go to sporo kosztowa\u0142o"},"content":{"rendered":"<p><strong>W pi\u0105tek, oko\u0142o godziny 10:30, na ulicy Led\u00f3chowskiego w Ostrowie Wielkopolskim dosz\u0142o do obywatelskiego zatrzymania kierowcy Forda Kuga. Styl jazdy m\u0119\u017cczyzny wzbudzi\u0142 uzasadnione podejrzenia u jednego z mieszka\u0144c\u00f3w, kt\u00f3ry postanowi\u0142 dzia\u0142a\u0107 \u2013 zajecha\u0142 kierowcy drog\u0119 i uniemo\u017cliwi\u0142 mu dalsz\u0105 jazd\u0119, wyci\u0105gaj\u0105c kluczyki ze stacyjki.<\/strong><\/p>\n<p>Na miejsce wezwano patrol policji, kt\u00f3ry szybko potwierdzi\u0142 przypuszczenia. 48-letni mieszkaniec powiatu ostrowskiego by\u0142 nietrze\u017awy \u2013 badanie alkomatem wykaza\u0142o niemal 1,7 promila alkoholu w wydychanym powietrzu.<\/p>\n<h3>Co grozi za jazd\u0119 po alkoholu?<\/h3>\n<p>Za prowadzenie pojazdu w stanie nietrze\u017awo\u015bci (powy\u017cej 0,5 promila alkoholu we krwi) kierowcy gro\u017c\u0105 powa\u017cne konsekwencje. Zgodnie z obowi\u0105zuj\u0105cymi przepisami kodeksu karnego, za takie przest\u0119pstwo grozi:<\/p>\n<ul>\n<li><strong>kara grzywny, ograniczenia wolno\u015bci lub pozbawienia wolno\u015bci do 3 lat<\/strong>,<\/li>\n<li><strong>zakaz prowadzenia pojazd\u00f3w od 3 do 15 lat<\/strong>,<\/li>\n<li><strong>obowi\u0105zkowe \u015bwiadczenie pieni\u0119\u017cne na Fundusz Pomocy Pokrzywdzonym i Pomocy Postpenitencjarnej<\/strong> (od 5 tys. do 60 tys. z\u0142),<\/li>\n<li>a od marca 2024 roku \u2013 <strong>konfiskata pojazdu lub jego r\u00f3wnowarto\u015bci<\/strong>.<\/li>\n<\/ul>\n<p>W przypadku zatrzymanego 48-latka, je\u015bli oka\u017ce si\u0119, \u017ce by\u0142 w\u0142a\u015bcicielem Forda Kuga, s\u0105d mo\u017ce zdecydowa\u0107 o przepadku pojazdu. Je\u015bli auto nie nale\u017ca\u0142o do niego (np. by\u0142o leasingowane lub po\u017cyczone), w\u00f3wczas grozi mu przepadek jego <strong>r\u00f3wnowarto\u015bci<\/strong> \u2013 ustalanej na podstawie \u015bredniej warto\u015bci rynkowej danego modelu.<\/p>\n<h3>Obywatelska postawa godna pochwa\u0142y<\/h3>\n<p>Warto podkre\u015bli\u0107 postaw\u0119 mieszka\u0144ca, kt\u00f3ry nie pozosta\u0142 oboj\u0119tny i zdecydowa\u0142 si\u0119 dzia\u0142a\u0107, zanim mog\u0142o doj\u015b\u0107 do tragedii. Dzi\u0119ki jego szybkiej reakcji potencjalnie niebezpieczny kierowca zosta\u0142 zatrzymany, a dalsza jazda w stanie nietrze\u017awo\u015bci \u2013 uniemo\u017cliwiona. Takie obywatelskie interwencje s\u0105 nie tylko legalne, ale wr\u0119cz po\u017c\u0105dane, kiedy w gr\u0119 wchodzi bezpiecze\u0144stwo innych uczestnik\u00f3w ruchu drogowego.<\/p>\n<p>Policja przypomina, \u017ce ka\u017cdy ma prawo uj\u0105\u0107 osob\u0119 na gor\u0105cym uczynku pope\u0142niania przest\u0119pstwa \u2013 jakim jest prowadzenie pojazdu pod wp\u0142ywem alkoholu \u2013 i przekaza\u0107 j\u0105 organom \u015bcigania. W tym przypadku odwaga i rozs\u0105dek mieszka\u0144ca mog\u0105 by\u0107 uznane za wz\u00f3r odpowiedzialno\u015bci obywatelskiej.<\/p>\n<p><a href=\"https:\/\/ostrowskatv.pl\/?attachment_id=35326\" rel=\"attachment wp-att-35326\"><img loading=\"lazy\" decoding=\"async\" src=\"https:\/\/ostrowskatv.pl\/wp-content\/uploads\/2025\/07\/1000058297.jpg\" alt=\"\" width=\"1920\" height=\"1119\" class=\"alignnone size-full wp-image-35326\" srcset=\"https:\/\/ostrowskatv.pl\/wp-content\/uploads\/2025\/07\/1000058297.jpg 1920w, https:\/\/ostrowskatv.pl\/wp-content\/uploads\/2025\/07\/1000058297-300x175.jpg 300w, https:\/\/ostrowskatv.pl\/wp-content\/uploads\/2025\/07\/1000058297-1333x777.jpg 1333w, https:\/\/ostrowskatv.pl\/wp-content\/uploads\/2025\/07\/1000058297-1536x895.jpg 1536w\" sizes=\"auto, (max-width: 1920px) 100vw, 1920px\" \/><\/a><\/p>\n<p><a href=\"https:\/\/ostrowskatv.pl\/?attachment_id=35327\" rel=\"attachment wp-att-35327\"><img loading=\"lazy\" decoding=\"async\" src=\"https:\/\/ostrowskatv.pl\/wp-content\/uploads\/2025\/07\/1000058298.jpg\" alt=\"\" width=\"1920\" height=\"1224\" class=\"alignnone size-full wp-image-35327\" srcset=\"https:\/\/ostrowskatv.pl\/wp-content\/uploads\/2025\/07\/1000058298.jpg 1920w, https:\/\/ostrowskatv.pl\/wp-content\/uploads\/2025\/07\/1000058298-300x191.jpg 300w, https:\/\/ostrowskatv.pl\/wp-content\/uploads\/2025\/07\/1000058298-1333x850.jpg 1333w, https:\/\/ostrowskatv.pl\/wp-content\/uploads\/2025\/07\/1000058298-1536x979.jpg 1536w\" sizes=\"auto, (max-width: 1920px) 100vw, 1920px\" \/><\/a><\/p>\n<p><a href=\"https:\/\/ostrowskatv.pl\/?attachment_id=35328\" rel=\"attachment wp-att-35328\"><img loading=\"lazy\" decoding=\"async\" src=\"https:\/\/ostrowskatv.pl\/wp-content\/uploads\/2025\/07\/1000058301.jpg\" alt=\"\" width=\"1919\" height=\"1329\" class=\"alignnone size-full wp-image-35328\" srcset=\"https:\/\/ostrowskatv.pl\/wp-content\/uploads\/2025\/07\/1000058301.jpg 1919w, https:\/\/ostrowskatv.pl\/wp-content\/uploads\/2025\/07\/1000058301-300x208.jpg 300w, https:\/\/ostrowskatv.pl\/wp-content\/uploads\/2025\/07\/1000058301-1333x923.jpg 1333w, https:\/\/ostrowskatv.pl\/wp-content\/uploads\/2025\/07\/1000058301-1536x1064.jpg 1536w\" sizes=\"auto, (max-width: 1919px) 100vw, 1919px\" \/><\/a><\/p>\n","protected":false},"excerpt":{"rendered":"W pi\u0105tek, oko\u0142o godziny 10:30, na ulicy Led\u00f3chowskiego w Ostrowie Wielkopolskim dosz\u0142o do obywatelskiego zatrzymania kierowcy Forda Kuga. Styl jazdy m\u0119\u017cczyzny wzbudzi\u0142 uzasadnione \n<a class=\"moretag\" href=\"https:\/\/ostrowskatv.pl\/?p=35325\"> [...]<\/a>","protected":false},"author":1,"featured_media":35328,"comment_status":"open","ping_status":"closed","sticky":false,"template":"","format":"standard","meta":{"footnotes":""},"categories":[1],"tags":[],"class_list":["post-35325","post","type-post","status-publish","format-standard","has-post-thumbnail","hentry","category-news"],"_links":{"self":[{"href":"https:\/\/ostrowskatv.pl\/index.php?rest_route=\/wp\/v2\/posts\/35325","targetHints":{"allow":["GET"]}}],"collection":[{"href":"https:\/\/ostrowskatv.pl\/index.php?rest_route=\/wp\/v2\/posts"}],"about":[{"href":"https:\/\/ostrowskatv.pl\/index.php?rest_route=\/wp\/v2\/types\/post"}],"author":[{"embeddable":true,"href":"https:\/\/ostrowskatv.pl\/index.php?rest_route=\/wp\/v2\/users\/1"}],"replies":[{"embeddable":true,"href":"https:\/\/ostrowskatv.pl\/index.php?rest_route=%2Fwp%2Fv2%2Fcomments&post=35325"}],"version-history":[{"count":1,"href":"https:\/\/ostrowskatv.pl\/index.php?rest_route=\/wp\/v2\/posts\/35325\/revisions"}],"predecessor-version":[{"id":35329,"href":"https:\/\/ostrowskatv.pl\/index.php?rest_route=\/wp\/v2\/posts\/35325\/revisions\/35329"}],"wp:featuredmedia":[{"embeddable":true,"href":"https:\/\/ostrowskatv.pl\/index.php?rest_route=\/wp\/v2\/media\/35328"}],"wp:attachment":[{"href":"https:\/\/ostrowskatv.pl\/index.php?rest_route=%2Fwp%2Fv2%2Fmedia&parent=35325"}],"wp:term":[{"taxonomy":"category","embeddable":true,"href":"https:\/\/ostrowskatv.pl\/index.php?rest_route=%2Fwp%2Fv2%2Fcategories&post=35325"},{"taxonomy":"post_tag","embeddable":true,"href":"https:\/\/ostrowskatv.pl\/index.php?rest_route=%2Fwp%2Fv2%2Ftags&post=35325"}],"curies":[{"name":"wp","href":"https:\/\/api.w.org\/{rel}","templated":true}]}}