{"id":35319,"date":"2025-07-04T11:07:54","date_gmt":"2025-07-04T10:07:54","guid":{"rendered":"https:\/\/ostrowskatv.pl\/?p=35319"},"modified":"2025-07-04T11:07:54","modified_gmt":"2025-07-04T10:07:54","slug":"proboszcz-i-aktywista-zlamali-cisze-wyborcza-kto-sieje-wiatr-ten","status":"publish","type":"post","link":"https:\/\/ostrowskatv.pl\/?p=35319","title":{"rendered":"Proboszcz i aktywista z\u0142amali cisz\u0119 wyborcz\u0105. Kto sieje wiatr, ten&#8230;?"},"content":{"rendered":"<p><strong>Ostatnia kampania prezydencka w Polsce okaza\u0142a si\u0119 wyj\u0105tkowo burzliwa i emocjonalna, szczeg\u00f3lnie w\u015br\u00f3d sympatyk\u00f3w dw\u00f3ch g\u0142\u00f3wnych kandydat\u00f3w: Karola Nawrockiego, wspieranego przez Prawo i Sprawiedliwo\u015b\u0107, oraz Rafa\u0142a Trzaskowskiego, reprezentuj\u0105cego Platform\u0119 Obywatelsk\u0105. Gor\u0105ca atmosfera polityczna nie ostyg\u0142a nawet w okresie ciszy wyborczej \u2013 przeciwnie, niekt\u00f3rzy nie wytrzymali napi\u0119cia, co sko\u0144czy\u0142o si\u0119 post\u0119powaniem prowadzonym przez policj\u0119.<\/strong><\/p>\n<p>Obie sytuacje mia\u0142y miejsce w Ostrowie Wielkopolskim, gdzie funkcjonariuszka miejscowej komendy rozpatrywa\u0142a zawiadomienie z\u0142o\u017cone przez Jerzego W\u00f3jcickiego \u2013 znanego lokalnego aktywist\u0119, kt\u00f3ry publicznie krytykuje dzia\u0142ania rz\u0105du PiS. W\u00f3jcicki zg\u0142osi\u0142 rzekome naruszenie ciszy wyborczej przez ks. proboszcza Andrzeja Szudr\u0119 z Sanktuarium Mi\u0142osierdzia Bo\u017cego. Duchowny, podczas kazania w czasie ciszy wyborczej, wypowiedzia\u0142 s\u0142owa: <strong>\u201eDzi\u015b te\u017c zadecydujemy, czy opowiemy si\u0119 za Polsk\u0105, czy za Niemcami\u201d<\/strong> \u2013 co wed\u0142ug zg\u0142aszaj\u0105cego mia\u0142o charakter agitacyjny.<\/p>\n<p><iframe loading=\"lazy\" style=\"border: none; overflow: hidden;\" src=\"https:\/\/www.facebook.com\/plugins\/video.php?height=314&amp;href=https%3A%2F%2Fwww.facebook.com%2Fostrow24%2Fvideos%2F1216589913208967%2F&amp;show_text=false&amp;width=560&amp;t=0\" width=\"560\" height=\"314\" frameborder=\"0\" scrolling=\"no\" allowfullscreen=\"allowfullscreen\"><\/iframe><\/p>\n<p><a href=\"https:\/\/ostrowskatv.pl\/?attachment_id=35323\" rel=\"attachment wp-att-35323\"><img loading=\"lazy\" decoding=\"async\" src=\"https:\/\/ostrowskatv.pl\/wp-content\/uploads\/2025\/07\/wojcicki-donos.jpg\" alt=\"\" width=\"1440\" height=\"1835\" class=\"alignnone size-full wp-image-35323\" srcset=\"https:\/\/ostrowskatv.pl\/wp-content\/uploads\/2025\/07\/wojcicki-donos.jpg 1440w, https:\/\/ostrowskatv.pl\/wp-content\/uploads\/2025\/07\/wojcicki-donos-235x300.jpg 235w, https:\/\/ostrowskatv.pl\/wp-content\/uploads\/2025\/07\/wojcicki-donos-1046x1333.jpg 1046w, https:\/\/ostrowskatv.pl\/wp-content\/uploads\/2025\/07\/wojcicki-donos-1205x1536.jpg 1205w\" sizes=\"auto, (max-width: 1440px) 100vw, 1440px\" \/><\/a><\/p>\n<p>Policja przychyli\u0142a si\u0119 do tej opinii i uzna\u0142a, \u017ce ksi\u0105dz pope\u0142ni\u0142 wykroczenie. Cho\u0107 potwierdzono ukaranie duchownego, szczeg\u00f3\u0142y dotycz\u0105ce wysoko\u015bci mandatu nie zosta\u0142y ujawnione przez Komend\u0119 Powiatow\u0105 Policji w Ostrowie Wielkopolskim.<\/p>\n<p>Jednak sprawa nie zako\u0144czy\u0142a si\u0119 na jednym post\u0119powaniu. Niespodziewanie to sam Jerzy W\u00f3jcicki trafi\u0142 na komend\u0119 w roli podejrzanego \u2013 r\u00f3wnie\u017c o naruszenie ciszy wyborczej. Tym razem chodzi\u0142o o wpis w mediach spo\u0142eczno\u015bciowych, w kt\u00f3rym wspomnia\u0142 nazwisko Rafa\u0142a Trzaskowskiego w kontek\u015bcie ilustracji do artyku\u0142u opublikowanego w jednym z portali. Cho\u0107 wpis nie mia\u0142 charakteru jawnej agitacji, zosta\u0142 uznany za naruszenie ciszy wyborczej.<\/p>\n<p><a href=\"https:\/\/ostrowskatv.pl\/?attachment_id=35320\" rel=\"attachment wp-att-35320\"><img loading=\"lazy\" decoding=\"async\" src=\"https:\/\/ostrowskatv.pl\/wp-content\/uploads\/2025\/07\/wojcicki3.jpg\" alt=\"\" width=\"1290\" height=\"1804\" class=\"alignnone size-full wp-image-35320\" srcset=\"https:\/\/ostrowskatv.pl\/wp-content\/uploads\/2025\/07\/wojcicki3.jpg 1290w, https:\/\/ostrowskatv.pl\/wp-content\/uploads\/2025\/07\/wojcicki3-215x300.jpg 215w, https:\/\/ostrowskatv.pl\/wp-content\/uploads\/2025\/07\/wojcicki3-953x1333.jpg 953w, https:\/\/ostrowskatv.pl\/wp-content\/uploads\/2025\/07\/wojcicki3-1098x1536.jpg 1098w\" sizes=\"auto, (max-width: 1290px) 100vw, 1290px\" \/><\/a><\/p>\n<p><a href=\"https:\/\/ostrowskatv.pl\/?attachment_id=35321\" rel=\"attachment wp-att-35321\"><img loading=\"lazy\" decoding=\"async\" src=\"https:\/\/ostrowskatv.pl\/wp-content\/uploads\/2025\/07\/wojcicki-grzywna.jpg\" alt=\"\" width=\"1286\" height=\"1714\" class=\"alignnone size-full wp-image-35321\" srcset=\"https:\/\/ostrowskatv.pl\/wp-content\/uploads\/2025\/07\/wojcicki-grzywna.jpg 1286w, https:\/\/ostrowskatv.pl\/wp-content\/uploads\/2025\/07\/wojcicki-grzywna-225x300.jpg 225w, https:\/\/ostrowskatv.pl\/wp-content\/uploads\/2025\/07\/wojcicki-grzywna-1000x1333.jpg 1000w, https:\/\/ostrowskatv.pl\/wp-content\/uploads\/2025\/07\/wojcicki-grzywna-1152x1536.jpg 1152w\" sizes=\"auto, (max-width: 1286px) 100vw, 1286px\" \/><\/a><\/p>\n<p><a href=\"https:\/\/ostrowskatv.pl\/?attachment_id=35322\" rel=\"attachment wp-att-35322\"><img loading=\"lazy\" decoding=\"async\" src=\"https:\/\/ostrowskatv.pl\/wp-content\/uploads\/2025\/07\/wojcicki-sukces.jpg\" alt=\"\" width=\"1110\" height=\"1431\" class=\"alignnone size-full wp-image-35322\" srcset=\"https:\/\/ostrowskatv.pl\/wp-content\/uploads\/2025\/07\/wojcicki-sukces.jpg 1110w, https:\/\/ostrowskatv.pl\/wp-content\/uploads\/2025\/07\/wojcicki-sukces-233x300.jpg 233w, https:\/\/ostrowskatv.pl\/wp-content\/uploads\/2025\/07\/wojcicki-sukces-1034x1333.jpg 1034w\" sizes=\"auto, (max-width: 1110px) 100vw, 1110px\" \/><\/a><\/p>\n<p>Podobnie jak w przypadku ksi\u0119dza, policja odm\u00f3wi\u0142a ujawnienia wysoko\u015bci ewentualnej grzywny. Wiadomo jedynie, \u017ce maksymalna kara za tego typu wykroczenie mo\u017ce wynie\u015b\u0107 nawet 5 tysi\u0119cy z\u0142otych.<\/p>\n<p>Przypadki te pokazuj\u0105, jak cienka bywa granica mi\u0119dzy swobod\u0105 wypowiedzi a z\u0142amaniem prawa w trakcie ciszy wyborczej \u2013 i jak polityczne emocje mog\u0105 przenie\u015b\u0107 si\u0119 z debat publicznych do policyjnych notatek.<\/p>\n","protected":false},"excerpt":{"rendered":"Ostatnia kampania prezydencka w Polsce okaza\u0142a si\u0119 wyj\u0105tkowo burzliwa i emocjonalna, szczeg\u00f3lnie w\u015br\u00f3d sympatyk\u00f3w dw\u00f3ch g\u0142\u00f3wnych kandydat\u00f3w: Karola Nawrockiego, wspieranego przez Prawo i \n<a class=\"moretag\" href=\"https:\/\/ostrowskatv.pl\/?p=35319\"> [...]<\/a>","protected":false},"author":1,"featured_media":14129,"comment_status":"open","ping_status":"closed","sticky":false,"template":"","format":"standard","meta":{"footnotes":""},"categories":[1],"tags":[],"class_list":["post-35319","post","type-post","status-publish","format-standard","has-post-thumbnail","hentry","category-news"],"_links":{"self":[{"href":"https:\/\/ostrowskatv.pl\/index.php?rest_route=\/wp\/v2\/posts\/35319","targetHints":{"allow":["GET"]}}],"collection":[{"href":"https:\/\/ostrowskatv.pl\/index.php?rest_route=\/wp\/v2\/posts"}],"about":[{"href":"https:\/\/ostrowskatv.pl\/index.php?rest_route=\/wp\/v2\/types\/post"}],"author":[{"embeddable":true,"href":"https:\/\/ostrowskatv.pl\/index.php?rest_route=\/wp\/v2\/users\/1"}],"replies":[{"embeddable":true,"href":"https:\/\/ostrowskatv.pl\/index.php?rest_route=%2Fwp%2Fv2%2Fcomments&post=35319"}],"version-history":[{"count":1,"href":"https:\/\/ostrowskatv.pl\/index.php?rest_route=\/wp\/v2\/posts\/35319\/revisions"}],"predecessor-version":[{"id":35324,"href":"https:\/\/ostrowskatv.pl\/index.php?rest_route=\/wp\/v2\/posts\/35319\/revisions\/35324"}],"wp:featuredmedia":[{"embeddable":true,"href":"https:\/\/ostrowskatv.pl\/index.php?rest_route=\/wp\/v2\/media\/14129"}],"wp:attachment":[{"href":"https:\/\/ostrowskatv.pl\/index.php?rest_route=%2Fwp%2Fv2%2Fmedia&parent=35319"}],"wp:term":[{"taxonomy":"category","embeddable":true,"href":"https:\/\/ostrowskatv.pl\/index.php?rest_route=%2Fwp%2Fv2%2Fcategories&post=35319"},{"taxonomy":"post_tag","embeddable":true,"href":"https:\/\/ostrowskatv.pl\/index.php?rest_route=%2Fwp%2Fv2%2Ftags&post=35319"}],"curies":[{"name":"wp","href":"https:\/\/api.w.org\/{rel}","templated":true}]}}