{"id":35312,"date":"2025-07-03T13:40:14","date_gmt":"2025-07-03T12:40:14","guid":{"rendered":"https:\/\/ostrowskatv.pl\/?p=35312"},"modified":"2025-07-03T13:40:14","modified_gmt":"2025-07-03T12:40:14","slug":"motocyklista-w-ciezkim-stanie","status":"publish","type":"post","link":"https:\/\/ostrowskatv.pl\/?p=35312","title":{"rendered":"Motocyklista w ci\u0119\u017ckim stanie"},"content":{"rendered":"<p><strong>W czwartek rano, chwil\u0119 po godzinie 6:30, w miejscowo\u015bci Bilczew (na doje\u017adzie do Biskupic O\u0142obocznych od strony \u015aliwnik) dosz\u0142o do gro\u017anego wypadku z udzia\u0142em motocyklisty. Jak wynika ze wst\u0119pnych ustale\u0144 s\u0142u\u017cb, kierowca motocykla marki Yamaha na \u0142uku drogi z niewyja\u015bnionych jeszcze przyczyn zjecha\u0142 na prawe pobocze i przewr\u00f3ci\u0142 si\u0119.<\/strong><\/p>\n<p>67-letni m\u0119\u017cczyzna kieruj\u0105cy jedno\u015bladem dozna\u0142 powa\u017cnych obra\u017ce\u0144. Zesp\u00f3\u0142 ratownictwa medycznego przetransportowa\u0142 poszkodowanego w stanie ci\u0119\u017ckim do ostrowskiego szpitala \u2013 przew\u00f3z odby\u0142 si\u0119 na sygna\u0142ach.<\/p>\n<p>Na miejscu zdarzenia pracowali policjanci, kt\u00f3rzy zabezpieczyli teren i rozpocz\u0119li dochodzenie w sprawie okoliczno\u015bci wypadku. Na ten moment nie wiadomo, czy do zdarzenia przyczyni\u0142y si\u0119 osoby trzecie, czy te\u017c dosz\u0142o do nieszcz\u0119\u015bliwego wypadku w wyniku b\u0142\u0119du kierowcy lub problem\u00f3w technicznych pojazdu.<\/p>\n<p>Funkcjonariusze apeluj\u0105 do \u015bwiadk\u00f3w o zg\u0142aszanie si\u0119 oraz przypominaj\u0105 o zachowaniu ostro\u017cno\u015bci, zw\u0142aszcza na kr\u0119tych i w\u0105skich odcinkach dr\u00f3g lokalnych.<\/p>\n<figure id=\"attachment_35313\" aria-describedby=\"caption-attachment-35313\" style=\"width: 1919px\" class=\"wp-caption alignnone\"><a href=\"https:\/\/ostrowskatv.pl\/?attachment_id=35313\" rel=\"attachment wp-att-35313\"><img loading=\"lazy\" decoding=\"async\" src=\"https:\/\/ostrowskatv.pl\/wp-content\/uploads\/2025\/07\/1000058043.jpg\" alt=\"\" width=\"1919\" height=\"1080\" class=\"size-full wp-image-35313\" srcset=\"https:\/\/ostrowskatv.pl\/wp-content\/uploads\/2025\/07\/1000058043.jpg 1919w, https:\/\/ostrowskatv.pl\/wp-content\/uploads\/2025\/07\/1000058043-300x169.jpg 300w, https:\/\/ostrowskatv.pl\/wp-content\/uploads\/2025\/07\/1000058043-1333x750.jpg 1333w, https:\/\/ostrowskatv.pl\/wp-content\/uploads\/2025\/07\/1000058043-1536x864.jpg 1536w\" sizes=\"auto, (max-width: 1919px) 100vw, 1919px\" \/><\/a><figcaption id=\"caption-attachment-35313\" class=\"wp-caption-text\">format: 2; filter: 0; fileterIntensity: 0.0; filterMask: 0; captureOrientation: 0;<br \/>runfunc: 0; algolist: 0;<br \/>multi-frame: 1;<br \/>brp_mask:0;<br \/>brp_del_th:0.0000,0.0000;<br \/>brp_del_sen:0.0000,0.0000;<br \/>motionR: 0;<br \/>delta:1;<br \/>bokeh:1;<br \/>module: photo;hw-remosaic: false;touch: (-1.0, -1.0);sceneMode: 12582912;cct_value: 0;AI_Scene: (20, 0);aec_lux: 104.4495;aec_lux_index: 0;albedo:  ;confidence:  ;motionLevel: 0;weatherinfo: weather?Sunny, icon:0, weatherInfo:100;temperature: 38;<\/figcaption><\/figure>\n<figure id=\"attachment_35314\" aria-describedby=\"caption-attachment-35314\" style=\"width: 1920px\" class=\"wp-caption alignnone\"><a href=\"https:\/\/ostrowskatv.pl\/?attachment_id=35314\" rel=\"attachment wp-att-35314\"><img loading=\"lazy\" decoding=\"async\" src=\"https:\/\/ostrowskatv.pl\/wp-content\/uploads\/2025\/07\/1000058042.jpg\" alt=\"\" width=\"1920\" height=\"910\" class=\"size-full wp-image-35314\" srcset=\"https:\/\/ostrowskatv.pl\/wp-content\/uploads\/2025\/07\/1000058042.jpg 1920w, https:\/\/ostrowskatv.pl\/wp-content\/uploads\/2025\/07\/1000058042-300x142.jpg 300w, https:\/\/ostrowskatv.pl\/wp-content\/uploads\/2025\/07\/1000058042-1333x632.jpg 1333w, https:\/\/ostrowskatv.pl\/wp-content\/uploads\/2025\/07\/1000058042-1536x728.jpg 1536w\" sizes=\"auto, (max-width: 1920px) 100vw, 1920px\" \/><\/a><figcaption id=\"caption-attachment-35314\" class=\"wp-caption-text\">format: 0; filter: 0; fileterIntensity: 0.0; filterMask: 0; captureOrientation: 0;<br \/>runfunc: 0; algolist: 0;<br \/>multi-frame: 1;<br \/>brp_mask:0;<br \/>brp_del_th:0.0000,0.0000;<br \/>brp_del_sen:0.0000,0.0000;<br \/>motionR: 0;<br \/>delta:1;<br \/>bokeh:1;<br \/>module: photo;hw-remosaic: false;touch: (-1.0, -1.0);sceneMode: 12582912;cct_value: 0;AI_Scene: (-1, -1);aec_lux: 111.65499;aec_lux_index: 0;albedo:  ;confidence:  ;motionLevel: 0;weatherinfo: weather?Sunny, icon:0, weatherInfo:100;temperature: 37;<\/figcaption><\/figure>\n<figure id=\"attachment_35315\" aria-describedby=\"caption-attachment-35315\" style=\"width: 1919px\" class=\"wp-caption alignnone\"><a href=\"https:\/\/ostrowskatv.pl\/?attachment_id=35315\" rel=\"attachment wp-att-35315\"><img loading=\"lazy\" decoding=\"async\" src=\"https:\/\/ostrowskatv.pl\/wp-content\/uploads\/2025\/07\/1000058041.jpg\" alt=\"\" width=\"1919\" height=\"819\" class=\"size-full wp-image-35315\" srcset=\"https:\/\/ostrowskatv.pl\/wp-content\/uploads\/2025\/07\/1000058041.jpg 1919w, https:\/\/ostrowskatv.pl\/wp-content\/uploads\/2025\/07\/1000058041-300x128.jpg 300w, https:\/\/ostrowskatv.pl\/wp-content\/uploads\/2025\/07\/1000058041-1333x569.jpg 1333w, https:\/\/ostrowskatv.pl\/wp-content\/uploads\/2025\/07\/1000058041-1536x656.jpg 1536w\" sizes=\"auto, (max-width: 1919px) 100vw, 1919px\" \/><\/a><figcaption id=\"caption-attachment-35315\" class=\"wp-caption-text\">format: 2; filter: 0; fileterIntensity: 0.0; filterMask: 0; captureOrientation: 0;<br \/>runfunc: 0; algolist: 0;<br \/>multi-frame: 1;<br \/>brp_mask:0;<br \/>brp_del_th:0.0000,0.0000;<br \/>brp_del_sen:0.0000,0.0000;<br \/>motionR: 0;<br \/>delta:1;<br \/>bokeh:1;<br \/>module: photo;hw-remosaic: false;touch: (-1.0, -1.0);sceneMode: 12582912;cct_value: 0;AI_Scene: (-1, -1);aec_lux: 0.0;aec_lux_index: 0;albedo:  ;confidence:  ;motionLevel: -1;weatherinfo: weather?Sunny, icon:0, weatherInfo:100;temperature: 37;<\/figcaption><\/figure>\n<p><a href=\"https:\/\/ostrowskatv.pl\/?attachment_id=35316\" rel=\"attachment wp-att-35316\"><img loading=\"lazy\" decoding=\"async\" src=\"https:\/\/ostrowskatv.pl\/wp-content\/uploads\/2025\/07\/1000058037.jpg\" alt=\"\" width=\"1536\" height=\"941\" class=\"alignnone size-full wp-image-35316\" srcset=\"https:\/\/ostrowskatv.pl\/wp-content\/uploads\/2025\/07\/1000058037.jpg 1536w, https:\/\/ostrowskatv.pl\/wp-content\/uploads\/2025\/07\/1000058037-300x184.jpg 300w, https:\/\/ostrowskatv.pl\/wp-content\/uploads\/2025\/07\/1000058037-1333x817.jpg 1333w\" sizes=\"auto, (max-width: 1536px) 100vw, 1536px\" \/><\/a><\/p>\n","protected":false},"excerpt":{"rendered":"W czwartek rano, chwil\u0119 po godzinie 6:30, w miejscowo\u015bci Bilczew (na doje\u017adzie do Biskupic O\u0142obocznych od strony \u015aliwnik) dosz\u0142o do gro\u017anego wypadku z \n<a class=\"moretag\" href=\"https:\/\/ostrowskatv.pl\/?p=35312\"> [...]<\/a>","protected":false},"author":1,"featured_media":35315,"comment_status":"open","ping_status":"closed","sticky":false,"template":"","format":"standard","meta":{"footnotes":""},"categories":[1],"tags":[11],"class_list":["post-35312","post","type-post","status-publish","format-standard","has-post-thumbnail","hentry","category-news","tag-wypadek"],"_links":{"self":[{"href":"https:\/\/ostrowskatv.pl\/index.php?rest_route=\/wp\/v2\/posts\/35312","targetHints":{"allow":["GET"]}}],"collection":[{"href":"https:\/\/ostrowskatv.pl\/index.php?rest_route=\/wp\/v2\/posts"}],"about":[{"href":"https:\/\/ostrowskatv.pl\/index.php?rest_route=\/wp\/v2\/types\/post"}],"author":[{"embeddable":true,"href":"https:\/\/ostrowskatv.pl\/index.php?rest_route=\/wp\/v2\/users\/1"}],"replies":[{"embeddable":true,"href":"https:\/\/ostrowskatv.pl\/index.php?rest_route=%2Fwp%2Fv2%2Fcomments&post=35312"}],"version-history":[{"count":2,"href":"https:\/\/ostrowskatv.pl\/index.php?rest_route=\/wp\/v2\/posts\/35312\/revisions"}],"predecessor-version":[{"id":35318,"href":"https:\/\/ostrowskatv.pl\/index.php?rest_route=\/wp\/v2\/posts\/35312\/revisions\/35318"}],"wp:featuredmedia":[{"embeddable":true,"href":"https:\/\/ostrowskatv.pl\/index.php?rest_route=\/wp\/v2\/media\/35315"}],"wp:attachment":[{"href":"https:\/\/ostrowskatv.pl\/index.php?rest_route=%2Fwp%2Fv2%2Fmedia&parent=35312"}],"wp:term":[{"taxonomy":"category","embeddable":true,"href":"https:\/\/ostrowskatv.pl\/index.php?rest_route=%2Fwp%2Fv2%2Fcategories&post=35312"},{"taxonomy":"post_tag","embeddable":true,"href":"https:\/\/ostrowskatv.pl\/index.php?rest_route=%2Fwp%2Fv2%2Ftags&post=35312"}],"curies":[{"name":"wp","href":"https:\/\/api.w.org\/{rel}","templated":true}]}}