{"id":35306,"date":"2025-07-02T18:16:54","date_gmt":"2025-07-02T17:16:54","guid":{"rendered":"https:\/\/ostrowskatv.pl\/?p=35306"},"modified":"2025-07-02T18:16:54","modified_gmt":"2025-07-02T17:16:54","slug":"zderzenie-przy-strugach-w-autach-8-osob-zdjecia","status":"publish","type":"post","link":"https:\/\/ostrowskatv.pl\/?p=35306","title":{"rendered":"Zderzenie przy Strugach. W autach 8 os\u00f3b (ZDJ\u0118CIA)"},"content":{"rendered":"<p><strong>Kilka minut przed godzin\u0105 14:00 w rejonie ronda Strugi, w ci\u0105gu drogi krajowej nr 11, dosz\u0142o do zderzenia dw\u00f3ch pojazd\u00f3w. W kierunku Antonina porusza\u0142 si\u0119 samoch\u00f3d marki Renault, kt\u00f3rego kierowca najprawdopodobniej nie zachowa\u0142 nale\u017cytej ostro\u017cno\u015bci i uderzy\u0142 w ty\u0142 busa. Busem podr\u00f3\u017cowa\u0142o siedem os\u00f3b, b\u0119d\u0105cych pracownikami jednej z pa\u0144stwowych instytucji.<\/strong><\/p>\n<p>Na miejsce zdarzenia zadysponowano jednostk\u0119 stra\u017cy po\u017carnej, patrol policji oraz karetk\u0119 pogotowia z powiatu ostrzeszowskiego \u2013 to w\u0142a\u015bnie ta za\u0142oga mia\u0142a w danym momencie najkr\u00f3tszy czas dojazdu spo\u015br\u00f3d dost\u0119pnych s\u0142u\u017cb medycznych.<\/p>\n<p>Pocz\u0105tkowo dolegliwo\u015bci b\u00f3lowe zg\u0142asza\u0142 jedynie kierowca Renault \u2013 sprawca kolizji. Po chwili do\u0142\u0105czy\u0142y do niego jeszcze dwie osoby z busa. Na szcz\u0119\u015bcie nikt nie odni\u00f3s\u0142 powa\u017cniejszych obra\u017ce\u0144 i interwencja medyczna zako\u0144czy\u0142a si\u0119 na miejscu.<\/p>\n<p>Uczestnicy zdarzenia wykazali si\u0119 rozs\u0105dkiem i jeszcze przed przyjazdem s\u0142u\u017cb zjechali na pobliski teren przy lesie, co pozwoli\u0142o utrzyma\u0107 p\u0142ynno\u015b\u0107 ruchu na krajowej \u201ejedenastce\u201d. Policja wyja\u015bnia dok\u0142adne okoliczno\u015bci kolizji.<\/p>\n<figure id=\"attachment_35307\" aria-describedby=\"caption-attachment-35307\" style=\"width: 1920px\" class=\"wp-caption alignnone\"><a href=\"https:\/\/ostrowskatv.pl\/?attachment_id=35307\" rel=\"attachment wp-att-35307\"><img loading=\"lazy\" decoding=\"async\" src=\"https:\/\/ostrowskatv.pl\/wp-content\/uploads\/2025\/07\/1000057918.jpg\" alt=\"\" width=\"1920\" height=\"1238\" class=\"size-full wp-image-35307\" srcset=\"https:\/\/ostrowskatv.pl\/wp-content\/uploads\/2025\/07\/1000057918.jpg 1920w, https:\/\/ostrowskatv.pl\/wp-content\/uploads\/2025\/07\/1000057918-300x193.jpg 300w, https:\/\/ostrowskatv.pl\/wp-content\/uploads\/2025\/07\/1000057918-1333x860.jpg 1333w, https:\/\/ostrowskatv.pl\/wp-content\/uploads\/2025\/07\/1000057918-1536x990.jpg 1536w\" sizes=\"auto, (max-width: 1920px) 100vw, 1920px\" \/><\/a><figcaption id=\"caption-attachment-35307\" class=\"wp-caption-text\">format: 0; filter: 0; fileterIntensity: 0.0; filterMask: 0; captureOrientation: 0;<br \/>runfunc: 0; algolist: 0;<br \/>multi-frame: 1;<br \/>brp_mask:0;<br \/>brp_del_th:0.0000,0.0000;<br \/>brp_del_sen:0.0000,0.0000;<br \/>motionR: 0;<br \/>delta:1;<br \/>bokeh:1;<br \/>module: photo;hw-remosaic: false;touch: (-1.0, -1.0);sceneMode: 13107200;cct_value: 0;AI_Scene: (-1, -1);aec_lux: 0.0;aec_lux_index: 0;albedo:  ;confidence:  ;motionLevel: -1;weatherinfo: weather?Sunny, icon:0, weatherInfo:100;temperature: 44;<\/figcaption><\/figure>\n<figure id=\"attachment_35308\" aria-describedby=\"caption-attachment-35308\" style=\"width: 1920px\" class=\"wp-caption alignnone\"><a href=\"https:\/\/ostrowskatv.pl\/?attachment_id=35308\" rel=\"attachment wp-att-35308\"><img loading=\"lazy\" decoding=\"async\" src=\"https:\/\/ostrowskatv.pl\/wp-content\/uploads\/2025\/07\/1000057912.jpg\" alt=\"\" width=\"1920\" height=\"1153\" class=\"size-full wp-image-35308\" srcset=\"https:\/\/ostrowskatv.pl\/wp-content\/uploads\/2025\/07\/1000057912.jpg 1920w, https:\/\/ostrowskatv.pl\/wp-content\/uploads\/2025\/07\/1000057912-300x180.jpg 300w, https:\/\/ostrowskatv.pl\/wp-content\/uploads\/2025\/07\/1000057912-1333x800.jpg 1333w, https:\/\/ostrowskatv.pl\/wp-content\/uploads\/2025\/07\/1000057912-1536x922.jpg 1536w\" sizes=\"auto, (max-width: 1920px) 100vw, 1920px\" \/><\/a><figcaption id=\"caption-attachment-35308\" class=\"wp-caption-text\">format: 0; filter: 0; fileterIntensity: 0.0; filterMask: 0; captureOrientation: 0;<br \/>runfunc: 0; algolist: 0;<br \/>multi-frame: 1;<br \/>brp_mask:0;<br \/>brp_del_th:0.0000,0.0000;<br \/>brp_del_sen:0.0000,0.0000;<br \/>motionR: 0;<br \/>delta:1;<br \/>bokeh:1;<br \/>module: photo;hw-remosaic: false;touch: (-1.0, -1.0);sceneMode: 12582912;cct_value: 0;AI_Scene: (20, 0);aec_lux: 104.37947;aec_lux_index: 0;albedo:  ;confidence:  ;motionLevel: 0;weatherinfo: weather?Sunny, icon:0, weatherInfo:100;temperature: 44;<\/figcaption><\/figure>\n<figure id=\"attachment_35309\" aria-describedby=\"caption-attachment-35309\" style=\"width: 1920px\" class=\"wp-caption alignnone\"><a href=\"https:\/\/ostrowskatv.pl\/?attachment_id=35309\" rel=\"attachment wp-att-35309\"><img loading=\"lazy\" decoding=\"async\" src=\"https:\/\/ostrowskatv.pl\/wp-content\/uploads\/2025\/07\/1000057911.jpg\" alt=\"\" width=\"1920\" height=\"1342\" class=\"size-full wp-image-35309\" srcset=\"https:\/\/ostrowskatv.pl\/wp-content\/uploads\/2025\/07\/1000057911.jpg 1920w, https:\/\/ostrowskatv.pl\/wp-content\/uploads\/2025\/07\/1000057911-300x210.jpg 300w, https:\/\/ostrowskatv.pl\/wp-content\/uploads\/2025\/07\/1000057911-1333x932.jpg 1333w, https:\/\/ostrowskatv.pl\/wp-content\/uploads\/2025\/07\/1000057911-1536x1074.jpg 1536w, https:\/\/ostrowskatv.pl\/wp-content\/uploads\/2025\/07\/1000057911-120x85.jpg 120w\" sizes=\"auto, (max-width: 1920px) 100vw, 1920px\" \/><\/a><figcaption id=\"caption-attachment-35309\" class=\"wp-caption-text\">format: 0; filter: 0; fileterIntensity: 0.0; filterMask: 0; captureOrientation: 0;<br \/>runfunc: 0; algolist: 0;<br \/>multi-frame: 1;<br \/>brp_mask:0;<br \/>brp_del_th:0.0000,0.0000;<br \/>brp_del_sen:0.0000,0.0000;<br \/>motionR: 0;<br \/>delta:1;<br \/>bokeh:1;<br \/>module: photo;hw-remosaic: false;touch: (-1.0, -1.0);sceneMode: 13107200;cct_value: 0;AI_Scene: (-1, -1);aec_lux: 94.375435;aec_lux_index: 0;albedo:  ;confidence:  ;motionLevel: -1;weatherinfo: weather?Sunny, icon:0, weatherInfo:100;temperature: 42;<\/figcaption><\/figure>\n<figure id=\"attachment_35310\" aria-describedby=\"caption-attachment-35310\" style=\"width: 1920px\" class=\"wp-caption alignnone\"><a href=\"https:\/\/ostrowskatv.pl\/?attachment_id=35310\" rel=\"attachment wp-att-35310\"><img loading=\"lazy\" decoding=\"async\" src=\"https:\/\/ostrowskatv.pl\/wp-content\/uploads\/2025\/07\/1000057910.jpg\" alt=\"\" width=\"1920\" height=\"903\" class=\"size-full wp-image-35310\" srcset=\"https:\/\/ostrowskatv.pl\/wp-content\/uploads\/2025\/07\/1000057910.jpg 1920w, https:\/\/ostrowskatv.pl\/wp-content\/uploads\/2025\/07\/1000057910-300x141.jpg 300w, https:\/\/ostrowskatv.pl\/wp-content\/uploads\/2025\/07\/1000057910-1333x627.jpg 1333w, https:\/\/ostrowskatv.pl\/wp-content\/uploads\/2025\/07\/1000057910-1536x722.jpg 1536w\" sizes=\"auto, (max-width: 1920px) 100vw, 1920px\" \/><\/a><figcaption id=\"caption-attachment-35310\" class=\"wp-caption-text\">format: 0; filter: 0; fileterIntensity: 0.0; filterMask: 0; captureOrientation: 0;<br \/>runfunc: 0; algolist: 0;<br \/>multi-frame: 1;<br \/>brp_mask:0;<br \/>brp_del_th:0.0000,0.0000;<br \/>brp_del_sen:0.0000,0.0000;<br \/>motionR: 0;<br \/>delta:1;<br \/>bokeh:1;<br \/>module: photo;hw-remosaic: false;touch: (-1.0, -1.0);sceneMode: 12582912;cct_value: 0;AI_Scene: (20, 0);aec_lux: 128.04198;aec_lux_index: 0;albedo:  ;confidence:  ;motionLevel: -1;weatherinfo: weather?Sunny, icon:0, weatherInfo:100;temperature: 42;<\/figcaption><\/figure>\n","protected":false},"excerpt":{"rendered":"Kilka minut przed godzin\u0105 14:00 w rejonie ronda Strugi, w ci\u0105gu drogi krajowej nr 11, dosz\u0142o do zderzenia dw\u00f3ch pojazd\u00f3w. W kierunku Antonina \n<a class=\"moretag\" href=\"https:\/\/ostrowskatv.pl\/?p=35306\"> [...]<\/a>","protected":false},"author":1,"featured_media":35308,"comment_status":"open","ping_status":"closed","sticky":false,"template":"","format":"standard","meta":{"footnotes":""},"categories":[1],"tags":[],"class_list":["post-35306","post","type-post","status-publish","format-standard","has-post-thumbnail","hentry","category-news"],"_links":{"self":[{"href":"https:\/\/ostrowskatv.pl\/index.php?rest_route=\/wp\/v2\/posts\/35306","targetHints":{"allow":["GET"]}}],"collection":[{"href":"https:\/\/ostrowskatv.pl\/index.php?rest_route=\/wp\/v2\/posts"}],"about":[{"href":"https:\/\/ostrowskatv.pl\/index.php?rest_route=\/wp\/v2\/types\/post"}],"author":[{"embeddable":true,"href":"https:\/\/ostrowskatv.pl\/index.php?rest_route=\/wp\/v2\/users\/1"}],"replies":[{"embeddable":true,"href":"https:\/\/ostrowskatv.pl\/index.php?rest_route=%2Fwp%2Fv2%2Fcomments&post=35306"}],"version-history":[{"count":1,"href":"https:\/\/ostrowskatv.pl\/index.php?rest_route=\/wp\/v2\/posts\/35306\/revisions"}],"predecessor-version":[{"id":35311,"href":"https:\/\/ostrowskatv.pl\/index.php?rest_route=\/wp\/v2\/posts\/35306\/revisions\/35311"}],"wp:featuredmedia":[{"embeddable":true,"href":"https:\/\/ostrowskatv.pl\/index.php?rest_route=\/wp\/v2\/media\/35308"}],"wp:attachment":[{"href":"https:\/\/ostrowskatv.pl\/index.php?rest_route=%2Fwp%2Fv2%2Fmedia&parent=35306"}],"wp:term":[{"taxonomy":"category","embeddable":true,"href":"https:\/\/ostrowskatv.pl\/index.php?rest_route=%2Fwp%2Fv2%2Fcategories&post=35306"},{"taxonomy":"post_tag","embeddable":true,"href":"https:\/\/ostrowskatv.pl\/index.php?rest_route=%2Fwp%2Fv2%2Ftags&post=35306"}],"curies":[{"name":"wp","href":"https:\/\/api.w.org\/{rel}","templated":true}]}}