{"id":35256,"date":"2025-06-30T05:38:52","date_gmt":"2025-06-30T04:38:52","guid":{"rendered":"https:\/\/ostrowskatv.pl\/?p=35256"},"modified":"2025-06-30T05:38:52","modified_gmt":"2025-06-30T04:38:52","slug":"dachowanie-na-trasie-wielowies-masanow-zdjecia","status":"publish","type":"post","link":"https:\/\/ostrowskatv.pl\/?p=35256","title":{"rendered":"Dachowanie na trasie Wielowie\u015b &#8211; Masan\u00f3w (ZDJ\u0118CIA)"},"content":{"rendered":"<p><strong>W pi\u0105tkowy wiecz\u00f3r, oko\u0142o godziny 21:00, na trasie Masan\u00f3w \u2013 Wielowie\u015b dosz\u0142o do niebezpiecznego zdarzenia drogowego. Samoch\u00f3d osobowy marki Opel dachowa\u0142, jednak \u2013 na szcz\u0119\u015bcie \u2013 nikomu nie sta\u0142o si\u0119 nic powa\u017cnego.<\/strong><\/p>\n<p>Jak ustali\u0142a policja, przyczyn\u0105 kolizji by\u0142o niedostosowanie pr\u0119dko\u015bci do warunk\u00f3w panuj\u0105cych na drodze. Pojazdem kierowa\u0142 mieszkaniec gminy Raszk\u00f3w, kt\u00f3ry podr\u00f3\u017cowa\u0142 wraz z pasa\u017cerk\u0105. Oboje uczestnicy zdarzenia odnie\u015bli obra\u017cenia kwalifikuj\u0105ce si\u0119 poni\u017cej 7 dni, co zakwalifikowano jako kolizj\u0119 drogow\u0105.<\/p>\n<p>Badanie alkomatem wykaza\u0142o, \u017ce kierowca by\u0142 trze\u017awy. Zosta\u0142 ukarany mandatem karnym.<\/p>\n<p>Policja apeluje do kierowc\u00f3w o rozwag\u0119 i dostosowywanie pr\u0119dko\u015bci do warunk\u00f3w na drodze, szczeg\u00f3lnie w godzinach wieczornych i nocnych, kiedy widoczno\u015b\u0107 jest ograniczona, a ryzyko utraty panowania nad pojazdem wzrasta.<\/p>\n<p><a href=\"https:\/\/ostrowskatv.pl\/?attachment_id=35255\" rel=\"attachment wp-att-35255\"><img loading=\"lazy\" decoding=\"async\" src=\"https:\/\/ostrowskatv.pl\/wp-content\/uploads\/2025\/06\/1000056709.jpg\" alt=\"\" width=\"1920\" height=\"1440\" class=\"alignnone size-full wp-image-35255\" srcset=\"https:\/\/ostrowskatv.pl\/wp-content\/uploads\/2025\/06\/1000056709.jpg 1920w, https:\/\/ostrowskatv.pl\/wp-content\/uploads\/2025\/06\/1000056709-300x225.jpg 300w, https:\/\/ostrowskatv.pl\/wp-content\/uploads\/2025\/06\/1000056709-1333x1000.jpg 1333w, https:\/\/ostrowskatv.pl\/wp-content\/uploads\/2025\/06\/1000056709-1536x1152.jpg 1536w\" sizes=\"auto, (max-width: 1920px) 100vw, 1920px\" \/><\/a><\/p>\n<p><a href=\"https:\/\/ostrowskatv.pl\/?attachment_id=35254\" rel=\"attachment wp-att-35254\"><img loading=\"lazy\" decoding=\"async\" src=\"https:\/\/ostrowskatv.pl\/wp-content\/uploads\/2025\/06\/1000056725.jpg\" alt=\"\" width=\"1920\" height=\"1440\" class=\"alignnone size-full wp-image-35254\" srcset=\"https:\/\/ostrowskatv.pl\/wp-content\/uploads\/2025\/06\/1000056725.jpg 1920w, https:\/\/ostrowskatv.pl\/wp-content\/uploads\/2025\/06\/1000056725-300x225.jpg 300w, https:\/\/ostrowskatv.pl\/wp-content\/uploads\/2025\/06\/1000056725-1333x1000.jpg 1333w, https:\/\/ostrowskatv.pl\/wp-content\/uploads\/2025\/06\/1000056725-1536x1152.jpg 1536w\" sizes=\"auto, (max-width: 1920px) 100vw, 1920px\" \/><\/a><\/p>\n","protected":false},"excerpt":{"rendered":"W pi\u0105tkowy wiecz\u00f3r, oko\u0142o godziny 21:00, na trasie Masan\u00f3w \u2013 Wielowie\u015b dosz\u0142o do niebezpiecznego zdarzenia drogowego. Samoch\u00f3d osobowy marki Opel dachowa\u0142, jednak \u2013 \n<a class=\"moretag\" href=\"https:\/\/ostrowskatv.pl\/?p=35256\"> [...]<\/a>","protected":false},"author":1,"featured_media":35254,"comment_status":"open","ping_status":"closed","sticky":false,"template":"","format":"standard","meta":{"footnotes":""},"categories":[1],"tags":[154,148],"class_list":["post-35256","post","type-post","status-publish","format-standard","has-post-thumbnail","hentry","category-news","tag-masanow","tag-wielowies"],"_links":{"self":[{"href":"https:\/\/ostrowskatv.pl\/index.php?rest_route=\/wp\/v2\/posts\/35256","targetHints":{"allow":["GET"]}}],"collection":[{"href":"https:\/\/ostrowskatv.pl\/index.php?rest_route=\/wp\/v2\/posts"}],"about":[{"href":"https:\/\/ostrowskatv.pl\/index.php?rest_route=\/wp\/v2\/types\/post"}],"author":[{"embeddable":true,"href":"https:\/\/ostrowskatv.pl\/index.php?rest_route=\/wp\/v2\/users\/1"}],"replies":[{"embeddable":true,"href":"https:\/\/ostrowskatv.pl\/index.php?rest_route=%2Fwp%2Fv2%2Fcomments&post=35256"}],"version-history":[{"count":2,"href":"https:\/\/ostrowskatv.pl\/index.php?rest_route=\/wp\/v2\/posts\/35256\/revisions"}],"predecessor-version":[{"id":35258,"href":"https:\/\/ostrowskatv.pl\/index.php?rest_route=\/wp\/v2\/posts\/35256\/revisions\/35258"}],"wp:featuredmedia":[{"embeddable":true,"href":"https:\/\/ostrowskatv.pl\/index.php?rest_route=\/wp\/v2\/media\/35254"}],"wp:attachment":[{"href":"https:\/\/ostrowskatv.pl\/index.php?rest_route=%2Fwp%2Fv2%2Fmedia&parent=35256"}],"wp:term":[{"taxonomy":"category","embeddable":true,"href":"https:\/\/ostrowskatv.pl\/index.php?rest_route=%2Fwp%2Fv2%2Fcategories&post=35256"},{"taxonomy":"post_tag","embeddable":true,"href":"https:\/\/ostrowskatv.pl\/index.php?rest_route=%2Fwp%2Fv2%2Ftags&post=35256"}],"curies":[{"name":"wp","href":"https:\/\/api.w.org\/{rel}","templated":true}]}}