{"id":35247,"date":"2025-06-28T21:03:58","date_gmt":"2025-06-28T20:03:58","guid":{"rendered":"https:\/\/ostrowskatv.pl\/?p=35247"},"modified":"2025-06-28T21:03:58","modified_gmt":"2025-06-28T20:03:58","slug":"pijana-pedzila-bmw-policjanci-ja-dopadli","status":"publish","type":"post","link":"https:\/\/ostrowskatv.pl\/?p=35247","title":{"rendered":"Pijana p\u0119dzi\u0142a BMW. Policjanci j\u0105 dopadli"},"content":{"rendered":"<p data-start=\"89\" data-end=\"494\"><strong>W pi\u0105tek, oko\u0142o godziny 20:20, policjanci z Ostrowa Wielkopolskiego podj\u0119li interwencj\u0119 wobec podejrzanego pojazdu marki BMW, kt\u00f3rego kierowca mia\u0142 znajdowa\u0107 si\u0119 pod wp\u0142ywem alkoholu. Funkcjonariusze ruszyli tras\u0105 Ostr\u00f3w Wielkopolski \u2013 Odolan\u00f3w, gdzie wed\u0142ug zg\u0142oszenia mia\u0142 porusza\u0107 si\u0119 wskazany samoch\u00f3d. W miejscowo\u015bci Topola Ma\u0142a zauwa\u017cyli pojazd odpowiadaj\u0105cy opisowi i postanowili go zatrzyma\u0107.<\/strong><\/p>\n<p><a href=\"https:\/\/ostrowskatv.pl\/?attachment_id=35249\" rel=\"attachment wp-att-35249\"><img loading=\"lazy\" decoding=\"async\" src=\"https:\/\/ostrowskatv.pl\/wp-content\/uploads\/2025\/06\/1000056742.jpg\" alt=\"\" width=\"1600\" height=\"748\" class=\"alignnone size-full wp-image-35249\" srcset=\"https:\/\/ostrowskatv.pl\/wp-content\/uploads\/2025\/06\/1000056742.jpg 1600w, https:\/\/ostrowskatv.pl\/wp-content\/uploads\/2025\/06\/1000056742-300x140.jpg 300w, https:\/\/ostrowskatv.pl\/wp-content\/uploads\/2025\/06\/1000056742-1333x623.jpg 1333w, https:\/\/ostrowskatv.pl\/wp-content\/uploads\/2025\/06\/1000056742-1536x718.jpg 1536w\" sizes=\"auto, (max-width: 1600px) 100vw, 1600px\" \/><\/a><\/p>\n<p><a href=\"https:\/\/ostrowskatv.pl\/?attachment_id=35250\" rel=\"attachment wp-att-35250\"><img loading=\"lazy\" decoding=\"async\" src=\"https:\/\/ostrowskatv.pl\/wp-content\/uploads\/2025\/06\/1000056745.jpg\" alt=\"\" width=\"1600\" height=\"1200\" class=\"alignnone size-full wp-image-35250\" srcset=\"https:\/\/ostrowskatv.pl\/wp-content\/uploads\/2025\/06\/1000056745.jpg 1600w, https:\/\/ostrowskatv.pl\/wp-content\/uploads\/2025\/06\/1000056745-300x225.jpg 300w, https:\/\/ostrowskatv.pl\/wp-content\/uploads\/2025\/06\/1000056745-1333x1000.jpg 1333w, https:\/\/ostrowskatv.pl\/wp-content\/uploads\/2025\/06\/1000056745-1536x1152.jpg 1536w\" sizes=\"auto, (max-width: 1600px) 100vw, 1600px\" \/><\/a><\/p>\n<p><a href=\"https:\/\/ostrowskatv.pl\/?attachment_id=35251\" rel=\"attachment wp-att-35251\"><img loading=\"lazy\" decoding=\"async\" src=\"https:\/\/ostrowskatv.pl\/wp-content\/uploads\/2025\/06\/1000056748.jpg\" alt=\"\" width=\"1207\" height=\"853\" class=\"alignnone size-full wp-image-35251\" srcset=\"https:\/\/ostrowskatv.pl\/wp-content\/uploads\/2025\/06\/1000056748.jpg 1207w, https:\/\/ostrowskatv.pl\/wp-content\/uploads\/2025\/06\/1000056748-300x212.jpg 300w, https:\/\/ostrowskatv.pl\/wp-content\/uploads\/2025\/06\/1000056748-120x85.jpg 120w\" sizes=\"auto, (max-width: 1207px) 100vw, 1207px\" \/><\/a><\/p>\n<p><a href=\"https:\/\/ostrowskatv.pl\/?attachment_id=35252\" rel=\"attachment wp-att-35252\"><img loading=\"lazy\" decoding=\"async\" src=\"https:\/\/ostrowskatv.pl\/wp-content\/uploads\/2025\/06\/1000056735.jpg\" alt=\"\" width=\"1476\" height=\"695\" class=\"alignnone size-full wp-image-35252\" srcset=\"https:\/\/ostrowskatv.pl\/wp-content\/uploads\/2025\/06\/1000056735.jpg 1476w, https:\/\/ostrowskatv.pl\/wp-content\/uploads\/2025\/06\/1000056735-300x141.jpg 300w, https:\/\/ostrowskatv.pl\/wp-content\/uploads\/2025\/06\/1000056735-1333x628.jpg 1333w\" sizes=\"auto, (max-width: 1476px) 100vw, 1476px\" \/><\/a>\n<\/p>\n<p data-start=\"496\" data-end=\"711\">Kierowca BMW na widok radiowozu gwa\u0142townie przyspieszy\u0142 i podj\u0105\u0142 pr\u00f3b\u0119 ucieczki. Policjanci ruszyli w po\u015bcig, kt\u00f3ry zako\u0144czy\u0142 si\u0119 dopiero na ulicy Przeskok w Ostrowie Wielkopolskim, gdzie uda\u0142o si\u0119 zatrzyma\u0107 pojazd.<\/p>\n<p data-start=\"713\" data-end=\"866\">Za kierownic\u0105 znajdowa\u0142a si\u0119 51-letnia kobieta. Przeprowadzone badanie alkomatem wykaza\u0142o, \u017ce by\u0142a nietrze\u017awa \u2013 mia\u0142a w organizmie a\u017c 2 promile alkoholu.<\/p>\n<p data-start=\"868\" data-end=\"1238\">Zgodnie z obowi\u0105zuj\u0105cymi przepisami, kobiecie gro\u017c\u0105 powa\u017cne konsekwencje. Jedn\u0105 z nich jest <strong data-start=\"960\" data-end=\"982\">konfiskata pojazdu<\/strong> lub obowi\u0105zek zap\u0142aty jego r\u00f3wnowarto\u015bci, je\u015bli auto nie nale\u017cy do sprawcy lub jest wsp\u00f3\u0142w\u0142asno\u015bci\u0105. Nowe przepisy, kt\u00f3re wesz\u0142y w \u017cycie w marcu 2024 roku, przewiduj\u0105 takie rozwi\u0105zania wobec kierowc\u00f3w maj\u0105cych <strong data-start=\"1193\" data-end=\"1237\">co najmniej 1,5 promila alkoholu we krwi<\/strong>.<\/p>\n<h3 data-start=\"1240\" data-end=\"1295\">Co grozi za jazd\u0119 pod wp\u0142ywem alkoholu w 2025 roku?<\/h3>\n<p data-start=\"1297\" data-end=\"1392\">W 2025 roku obowi\u0105zuj\u0105 zaostrzone kary dla kierowc\u00f3w prowadz\u0105cych pojazdy pod wp\u0142ywem alkoholu:<\/p>\n<ul data-start=\"1394\" data-end=\"1964\">\n<li data-start=\"1394\" data-end=\"1776\">\n<p data-start=\"1396\" data-end=\"1776\"><strong data-start=\"1396\" data-end=\"1441\">Powy\u017cej 0,5 promila (stan nietrze\u017awo\u015bci):<\/strong><br data-start=\"1441\" data-end=\"1444\" \/>\u2013 kara pozbawienia wolno\u015bci do 3 lat,<br data-start=\"1483\" data-end=\"1486\" \/>\u2013 zakaz prowadzenia pojazd\u00f3w od 3 do 15 lat,<br data-start=\"1532\" data-end=\"1535\" \/>\u2013 grzywna (nawet do 60 tys. z\u0142),<br data-start=\"1569\" data-end=\"1572\" \/>\u2013 obowi\u0105zkowe \u015bwiadczenie pieni\u0119\u017cne na Fundusz Pomocy Pokrzywdzonym (minimum 5 tys. z\u0142),<br data-start=\"1662\" data-end=\"1665\" \/>\u2013 <strong data-start=\"1669\" data-end=\"1691\" data-is-only-node=\"\">konfiskata pojazdu<\/strong>, je\u015bli kierowca ma powy\u017cej 1,5 promila lub spowoduje wypadek w stanie nietrze\u017awo\u015bci.<\/p>\n<\/li>\n<li data-start=\"1778\" data-end=\"1964\">\n<p data-start=\"1780\" data-end=\"1964\"><strong data-start=\"1780\" data-end=\"1832\">Od 0,2 do 0,5 promila (stan po u\u017cyciu alkoholu):<\/strong><br data-start=\"1832\" data-end=\"1835\" \/>\u2013 wykroczenie,<br data-start=\"1851\" data-end=\"1854\" \/>\u2013 kara aresztu do 30 dni lub grzywna do 30 tys. z\u0142,<br data-start=\"1907\" data-end=\"1910\" \/>\u2013 zakaz prowadzenia pojazd\u00f3w od 6 miesi\u0119cy do 3 lat.<\/p>\n<\/li>\n<\/ul>\n<p data-start=\"1966\" data-end=\"2130\" data-is-last-node=\"\" data-is-only-node=\"\">Sprawa 51-letniej kobiety znajdzie sw\u00f3j fina\u0142 w s\u0105dzie. Bior\u0105c pod uwag\u0119 wysoki poziom alkoholu oraz pr\u00f3b\u0119 ucieczki przed policj\u0105, kara mo\u017ce by\u0107 szczeg\u00f3lnie surowa.<\/p>\n","protected":false},"excerpt":{"rendered":"W pi\u0105tek, oko\u0142o godziny 20:20, policjanci z Ostrowa Wielkopolskiego podj\u0119li interwencj\u0119 wobec podejrzanego pojazdu marki BMW, kt\u00f3rego kierowca mia\u0142 znajdowa\u0107 si\u0119 pod wp\u0142ywem \n<a class=\"moretag\" href=\"https:\/\/ostrowskatv.pl\/?p=35247\"> [...]<\/a>","protected":false},"author":1,"featured_media":35252,"comment_status":"open","ping_status":"closed","sticky":false,"template":"","format":"standard","meta":{"footnotes":""},"categories":[1],"tags":[320],"class_list":["post-35247","post","type-post","status-publish","format-standard","has-post-thumbnail","hentry","category-news","tag-pijany"],"_links":{"self":[{"href":"https:\/\/ostrowskatv.pl\/index.php?rest_route=\/wp\/v2\/posts\/35247","targetHints":{"allow":["GET"]}}],"collection":[{"href":"https:\/\/ostrowskatv.pl\/index.php?rest_route=\/wp\/v2\/posts"}],"about":[{"href":"https:\/\/ostrowskatv.pl\/index.php?rest_route=\/wp\/v2\/types\/post"}],"author":[{"embeddable":true,"href":"https:\/\/ostrowskatv.pl\/index.php?rest_route=\/wp\/v2\/users\/1"}],"replies":[{"embeddable":true,"href":"https:\/\/ostrowskatv.pl\/index.php?rest_route=%2Fwp%2Fv2%2Fcomments&post=35247"}],"version-history":[{"count":2,"href":"https:\/\/ostrowskatv.pl\/index.php?rest_route=\/wp\/v2\/posts\/35247\/revisions"}],"predecessor-version":[{"id":35253,"href":"https:\/\/ostrowskatv.pl\/index.php?rest_route=\/wp\/v2\/posts\/35247\/revisions\/35253"}],"wp:featuredmedia":[{"embeddable":true,"href":"https:\/\/ostrowskatv.pl\/index.php?rest_route=\/wp\/v2\/media\/35252"}],"wp:attachment":[{"href":"https:\/\/ostrowskatv.pl\/index.php?rest_route=%2Fwp%2Fv2%2Fmedia&parent=35247"}],"wp:term":[{"taxonomy":"category","embeddable":true,"href":"https:\/\/ostrowskatv.pl\/index.php?rest_route=%2Fwp%2Fv2%2Fcategories&post=35247"},{"taxonomy":"post_tag","embeddable":true,"href":"https:\/\/ostrowskatv.pl\/index.php?rest_route=%2Fwp%2Fv2%2Ftags&post=35247"}],"curies":[{"name":"wp","href":"https:\/\/api.w.org\/{rel}","templated":true}]}}