{"id":35145,"date":"2025-06-27T15:42:04","date_gmt":"2025-06-27T14:42:04","guid":{"rendered":"https:\/\/ostrowskatv.pl\/?p=35145"},"modified":"2025-06-27T15:42:04","modified_gmt":"2025-06-27T14:42:04","slug":"chcial-kupic-auto-odjechal-bez-placenia","status":"publish","type":"post","link":"https:\/\/ostrowskatv.pl\/?p=35145","title":{"rendered":"Chcia\u0142 kupi\u0107 auto. Odjecha\u0142 bez p\u0142acenia"},"content":{"rendered":"<p><strong>Do niecodziennego incydentu dosz\u0142o w pi\u0105tek oko\u0142o godziny 10:30 w jednym z komis\u00f3w samochodowych, prawdopodobnie przy ulicy Wroc\u0142awskiej w Ostrowie Wielkopolskim. 60-letni m\u0119\u017cczyzna, mieszkaniec Radzymina Podlaskiego, pojawi\u0142 si\u0119 tam z zamiarem zakupu samochodu.<\/strong><\/p>\n<p>Po zapoznaniu si\u0119 z ofert\u0105, m\u0119\u017cczyzna wyrazi\u0142 ch\u0119\u0107 odbycia jazdy pr\u00f3bnej. Pracownik komisu nie podejrzewa\u0142 niczego niepokoj\u0105cego i przekaza\u0142 mu kluczyki do wybranego pojazdu \u2013 Volkswagena Golfa o warto\u015bci oko\u0142o 10 tysi\u0119cy z\u0142otych.<\/p>\n<p>Kiedy klient wyjecha\u0142 autem z terenu komisu, szybko pojawi\u0142y si\u0119 w\u0105tpliwo\u015bci co do jego intencji \u2013 wszystko wskazywa\u0142o na to, \u017ce mo\u017ce nie mie\u0107 zamiaru wraca\u0107 ani zap\u0142aci\u0107 za pojazd. Pracownik niezw\u0142ocznie zawiadomi\u0142 ostrowsk\u0105 policj\u0119.<\/p>\n<p>W rejon miasta wys\u0142ano kilka patroli. Po kr\u00f3tkim po\u015bcigu funkcjonariusze zatrzymali 60-latka na ulicy Budowlanych, w pobli\u017cu jednego z market\u00f3w. M\u0119\u017cczyzna zosta\u0142 zatrzymany, a pojazd odzyskany.<\/p>\n<p>Policja prowadzi post\u0119powanie w celu wyja\u015bnienia wszystkich okoliczno\u015bci zdarzenia. Na t\u0119 chwil\u0119 nie wiadomo, czy m\u0119\u017cczyzna dzia\u0142a\u0142 z premedytacj\u0105, czy te\u017c dosz\u0142o do nieporozumienia.<\/p>\n","protected":false},"excerpt":{"rendered":"Do niecodziennego incydentu dosz\u0142o w pi\u0105tek oko\u0142o godziny 10:30 w jednym z komis\u00f3w samochodowych, prawdopodobnie przy ulicy Wroc\u0142awskiej w Ostrowie Wielkopolskim. 60-letni m\u0119\u017cczyzna, \n<a class=\"moretag\" href=\"https:\/\/ostrowskatv.pl\/?p=35145\"> [...]<\/a>","protected":false},"author":1,"featured_media":5659,"comment_status":"open","ping_status":"closed","sticky":false,"template":"","format":"standard","meta":{"footnotes":""},"categories":[1],"tags":[2],"class_list":["post-35145","post","type-post","status-publish","format-standard","has-post-thumbnail","hentry","category-news","tag-ostrow-wielkopolski"],"_links":{"self":[{"href":"https:\/\/ostrowskatv.pl\/index.php?rest_route=\/wp\/v2\/posts\/35145","targetHints":{"allow":["GET"]}}],"collection":[{"href":"https:\/\/ostrowskatv.pl\/index.php?rest_route=\/wp\/v2\/posts"}],"about":[{"href":"https:\/\/ostrowskatv.pl\/index.php?rest_route=\/wp\/v2\/types\/post"}],"author":[{"embeddable":true,"href":"https:\/\/ostrowskatv.pl\/index.php?rest_route=\/wp\/v2\/users\/1"}],"replies":[{"embeddable":true,"href":"https:\/\/ostrowskatv.pl\/index.php?rest_route=%2Fwp%2Fv2%2Fcomments&post=35145"}],"version-history":[{"count":1,"href":"https:\/\/ostrowskatv.pl\/index.php?rest_route=\/wp\/v2\/posts\/35145\/revisions"}],"predecessor-version":[{"id":35146,"href":"https:\/\/ostrowskatv.pl\/index.php?rest_route=\/wp\/v2\/posts\/35145\/revisions\/35146"}],"wp:featuredmedia":[{"embeddable":true,"href":"https:\/\/ostrowskatv.pl\/index.php?rest_route=\/wp\/v2\/media\/5659"}],"wp:attachment":[{"href":"https:\/\/ostrowskatv.pl\/index.php?rest_route=%2Fwp%2Fv2%2Fmedia&parent=35145"}],"wp:term":[{"taxonomy":"category","embeddable":true,"href":"https:\/\/ostrowskatv.pl\/index.php?rest_route=%2Fwp%2Fv2%2Fcategories&post=35145"},{"taxonomy":"post_tag","embeddable":true,"href":"https:\/\/ostrowskatv.pl\/index.php?rest_route=%2Fwp%2Fv2%2Ftags&post=35145"}],"curies":[{"name":"wp","href":"https:\/\/api.w.org\/{rel}","templated":true}]}}