{"id":35132,"date":"2025-06-22T05:37:24","date_gmt":"2025-06-22T04:37:24","guid":{"rendered":"https:\/\/ostrowskatv.pl\/?p=35132"},"modified":"2025-06-22T05:37:24","modified_gmt":"2025-06-22T04:37:24","slug":"nie-dojechali-na-gielde-przez-pijanego-ukr","status":"publish","type":"post","link":"https:\/\/ostrowskatv.pl\/?p=35132","title":{"rendered":"Nie dojechali na gie\u0142d\u0119 przez pijanego Ukr."},"content":{"rendered":"<p><strong>W niedziel\u0119, chwil\u0119 po godzinie 5:00 rano, w miejscowo\u015bci Oci\u0105\u017c (powiat ostrowski), na wysoko\u015bci salonu samochodowego, dosz\u0142o do zderzenia dw\u00f3ch pojazd\u00f3w. W wyniku kolizji jedna osoba zosta\u0142a poszkodowana.<\/strong><\/p>\n<p>Ze wst\u0119pnych ustale\u0144 wynika, \u017ce kieruj\u0105cy Volkswagenem Passatem, jad\u0105c w kierunku Kalisza, na wysoko\u015bci wjazdu do salonu samochodowego zjecha\u0142 na prawe pobocze, po czym nagle skr\u0119ci\u0142 w lewo, prawdopodobnie pr\u00f3buj\u0105c zawr\u00f3ci\u0107. Manewr ten wykona\u0142 bez upewnienia si\u0119, czy ma woln\u0105 drog\u0119, w wyniku czego doprowadzi\u0142 do zderzenia z jad\u0105cym za nim busem, kt\u00f3rym podr\u00f3\u017cowa\u0142o ma\u0142\u017ce\u0144stwo w wieku oko\u0142o 55 lat.<\/p>\n<p>Para jecha\u0142a na gie\u0142d\u0119 do Kalisza, by sprzedawa\u0107 kosiarki. W wyniku zdarzenia kobieta dozna\u0142a og\u00f3lnych obra\u017ce\u0144 cia\u0142a, ale po przebadaniu przez ratownik\u00f3w medycznych nie wymaga\u0142a hospitalizacji.<\/p>\n<p>Sprawc\u0105 okaza\u0142 si\u0119 oko\u0142o 20-letni obywatel Ukrainy. Badanie alkomatem wykaza\u0142o, \u017ce by\u0142 nietrze\u017awy. M\u0119\u017cczyzna kierowa\u0142 pojazdem, mimo \u017ce by\u0142 pod wp\u0142ywem alkoholu, co stanowi przest\u0119pstwo z art. 178a \u00a71 Kodeksu karnego.<\/p>\n<p><strong>Konsekwencje prawne<\/strong><br \/>\nZa prowadzenie pojazdu w stanie nietrze\u017awo\u015bci w 2025 roku grozi:<\/p>\n<p>&#8211; kara grzywny, ograniczenia wolno\u015bci albo pozbawienia wolno\u015bci do lat 3,<br \/>\n&#8211; zakaz prowadzenia pojazd\u00f3w na okres od 3 do 15 lat,<br \/>\n&#8211; obowi\u0105zkowe \u015bwiadczenie pieni\u0119\u017cne na rzecz Funduszu Pomocy Pokrzywdzonym i Pomocy Postpenitencjarnej \u2013 co najmniej 5 000 z\u0142.<\/p>\n<p>Dodatkowo kierowca odpowie za spowodowanie kolizji drogowej, co stanowi wykroczenie zagro\u017cone mandatem lub grzywn\u0105 do 30 000 z\u0142 oraz punktami karnymi.<\/p>\n<p>Na miejscu interweniowa\u0142y dwa patrole policji, zesp\u00f3\u0142 ratownictwa medycznego oraz jednostka stra\u017cy po\u017carnej.<\/p>\n<p>Policja prowadzi dalsze czynno\u015bci w tej sprawie.<\/p>\n<figure id=\"attachment_35133\" aria-describedby=\"caption-attachment-35133\" style=\"width: 1919px\" class=\"wp-caption alignnone\"><a href=\"https:\/\/ostrowskatv.pl\/?attachment_id=35133\" rel=\"attachment wp-att-35133\"><img loading=\"lazy\" decoding=\"async\" class=\"size-full wp-image-35133\" src=\"https:\/\/ostrowskatv.pl\/wp-content\/uploads\/2025\/06\/1000055108.jpg\" alt=\"\" width=\"1919\" height=\"915\" srcset=\"https:\/\/ostrowskatv.pl\/wp-content\/uploads\/2025\/06\/1000055108.jpg 1919w, https:\/\/ostrowskatv.pl\/wp-content\/uploads\/2025\/06\/1000055108-300x143.jpg 300w, https:\/\/ostrowskatv.pl\/wp-content\/uploads\/2025\/06\/1000055108-1333x636.jpg 1333w, https:\/\/ostrowskatv.pl\/wp-content\/uploads\/2025\/06\/1000055108-1536x732.jpg 1536w\" sizes=\"auto, (max-width: 1919px) 100vw, 1919px\" \/><\/a><figcaption id=\"caption-attachment-35133\" class=\"wp-caption-text\">format: 0; filter: 0; fileterIntensity: 0.0; filterMask: 0; captureOrientation: 0;<br \/>runfunc: 0; algolist: 0;<br \/>multi-frame: 1;<br \/>brp_mask:0;<br \/>brp_del_th:0.0000,0.0000;<br \/>brp_del_sen:0.0000,0.0000;<br \/>motionR: 0;<br \/>delta:1;<br \/>bokeh:1;<br \/>module: photo;hw-remosaic: false;touch: (-1.0, -1.0);sceneMode: 13107200;cct_value: 0;AI_Scene: (-1, -1);aec_lux: 259.43158;aec_lux_index: 0;albedo: ;confidence: ;motionLevel: -1;weatherinfo: weather?Mostly clear, icon:0, weatherInfo:100;temperature: 33;<\/figcaption><\/figure>\n<figure id=\"attachment_35134\" aria-describedby=\"caption-attachment-35134\" style=\"width: 1920px\" class=\"wp-caption alignnone\"><a href=\"https:\/\/ostrowskatv.pl\/?attachment_id=35134\" rel=\"attachment wp-att-35134\"><img loading=\"lazy\" decoding=\"async\" class=\"size-full wp-image-35134\" src=\"https:\/\/ostrowskatv.pl\/wp-content\/uploads\/2025\/06\/1000055107-1.jpg\" alt=\"\" width=\"1920\" height=\"1080\" srcset=\"https:\/\/ostrowskatv.pl\/wp-content\/uploads\/2025\/06\/1000055107-1.jpg 1920w, https:\/\/ostrowskatv.pl\/wp-content\/uploads\/2025\/06\/1000055107-1-300x169.jpg 300w, https:\/\/ostrowskatv.pl\/wp-content\/uploads\/2025\/06\/1000055107-1-1333x750.jpg 1333w, https:\/\/ostrowskatv.pl\/wp-content\/uploads\/2025\/06\/1000055107-1-1536x864.jpg 1536w\" sizes=\"auto, (max-width: 1920px) 100vw, 1920px\" \/><\/a><figcaption id=\"caption-attachment-35134\" class=\"wp-caption-text\">format: 0; filter: 0; fileterIntensity: 0.0; filterMask: 0; captureOrientation: 0;<br \/>runfunc: 0; algolist: 0;<br \/>multi-frame: 1;<br \/>brp_mask:0;<br \/>brp_del_th:0.0000,0.0000;<br \/>brp_del_sen:0.0000,0.0000;<br \/>motionR: 0;<br \/>delta:1;<br \/>bokeh:1;<br \/>module: photo;hw-remosaic: false;touch: (-1.0, -1.0);sceneMode: 13107200;cct_value: 0;AI_Scene: (-1, -1);aec_lux: 268.83746;aec_lux_index: 0;albedo: ;confidence: ;motionLevel: -1;weatherinfo: weather?Mostly clear, icon:0, weatherInfo:100;temperature: 33;<\/figcaption><\/figure>\n<figure id=\"attachment_35135\" aria-describedby=\"caption-attachment-35135\" style=\"width: 1920px\" class=\"wp-caption alignnone\"><a href=\"https:\/\/ostrowskatv.pl\/?attachment_id=35135\" rel=\"attachment wp-att-35135\"><img loading=\"lazy\" decoding=\"async\" class=\"size-full wp-image-35135\" src=\"https:\/\/ostrowskatv.pl\/wp-content\/uploads\/2025\/06\/1000055105.jpg\" alt=\"\" width=\"1920\" height=\"1080\" srcset=\"https:\/\/ostrowskatv.pl\/wp-content\/uploads\/2025\/06\/1000055105.jpg 1920w, https:\/\/ostrowskatv.pl\/wp-content\/uploads\/2025\/06\/1000055105-300x169.jpg 300w, https:\/\/ostrowskatv.pl\/wp-content\/uploads\/2025\/06\/1000055105-1333x750.jpg 1333w, https:\/\/ostrowskatv.pl\/wp-content\/uploads\/2025\/06\/1000055105-1536x864.jpg 1536w\" sizes=\"auto, (max-width: 1920px) 100vw, 1920px\" \/><\/a><figcaption id=\"caption-attachment-35135\" class=\"wp-caption-text\">format: 0; filter: 0; fileterIntensity: 0.0; filterMask: 0; captureOrientation: 0;<br \/>runfunc: 0; algolist: 0;<br \/>multi-frame: 1;<br \/>brp_mask:0;<br \/>brp_del_th:0.0000,0.0000;<br \/>brp_del_sen:0.0000,0.0000;<br \/>motionR: 0;<br \/>delta:1;<br \/>bokeh:1;<br \/>module: photo;hw-remosaic: false;touch: (-1.0, -1.0);sceneMode: 13107200;cct_value: 0;AI_Scene: (20, 0);aec_lux: 135.79483;aec_lux_index: 0;albedo: ;confidence: ;motionLevel: 1;weatherinfo: weather?Mostly clear, icon:0, weatherInfo:100;temperature: 34;<\/figcaption><\/figure>\n<figure id=\"attachment_35136\" aria-describedby=\"caption-attachment-35136\" style=\"width: 1920px\" class=\"wp-caption alignnone\"><a href=\"https:\/\/ostrowskatv.pl\/?attachment_id=35136\" rel=\"attachment wp-att-35136\"><img loading=\"lazy\" decoding=\"async\" class=\"size-full wp-image-35136\" src=\"https:\/\/ostrowskatv.pl\/wp-content\/uploads\/2025\/06\/1000055104-1.jpg\" alt=\"\" width=\"1920\" height=\"1015\" srcset=\"https:\/\/ostrowskatv.pl\/wp-content\/uploads\/2025\/06\/1000055104-1.jpg 1920w, https:\/\/ostrowskatv.pl\/wp-content\/uploads\/2025\/06\/1000055104-1-300x159.jpg 300w, https:\/\/ostrowskatv.pl\/wp-content\/uploads\/2025\/06\/1000055104-1-1333x705.jpg 1333w, https:\/\/ostrowskatv.pl\/wp-content\/uploads\/2025\/06\/1000055104-1-1536x812.jpg 1536w\" sizes=\"auto, (max-width: 1920px) 100vw, 1920px\" \/><\/a><figcaption id=\"caption-attachment-35136\" class=\"wp-caption-text\">format: 0; filter: 0; fileterIntensity: 0.0; filterMask: 0; captureOrientation: 0;<br \/>runfunc: 0; algolist: 0;<br \/>multi-frame: 1;<br \/>brp_mask:0;<br \/>brp_del_th:0.0000,0.0000;<br \/>brp_del_sen:0.0000,0.0000;<br \/>motionR: 1;<br \/>delta:1;<br \/>bokeh:1;<br \/>module: photo;hw-remosaic: false;touch: (-1.0, -1.0);sceneMode: 13107200;cct_value: 0;AI_Scene: (200, 0);aec_lux: 156.73457;aec_lux_index: 0;albedo: ;confidence: ;motionLevel: -1;weatherinfo: weather?Mostly clear, icon:0, weatherInfo:100;temperature: 34;<\/figcaption><\/figure>\n<figure id=\"attachment_35137\" aria-describedby=\"caption-attachment-35137\" style=\"width: 1919px\" class=\"wp-caption alignnone\"><a href=\"https:\/\/ostrowskatv.pl\/?attachment_id=35137\" rel=\"attachment wp-att-35137\"><img loading=\"lazy\" decoding=\"async\" class=\"size-full wp-image-35137\" src=\"https:\/\/ostrowskatv.pl\/wp-content\/uploads\/2025\/06\/1000055101.jpg\" alt=\"\" width=\"1919\" height=\"1080\" srcset=\"https:\/\/ostrowskatv.pl\/wp-content\/uploads\/2025\/06\/1000055101.jpg 1919w, https:\/\/ostrowskatv.pl\/wp-content\/uploads\/2025\/06\/1000055101-300x169.jpg 300w, https:\/\/ostrowskatv.pl\/wp-content\/uploads\/2025\/06\/1000055101-1333x750.jpg 1333w, https:\/\/ostrowskatv.pl\/wp-content\/uploads\/2025\/06\/1000055101-1536x864.jpg 1536w\" sizes=\"auto, (max-width: 1919px) 100vw, 1919px\" \/><\/a><figcaption id=\"caption-attachment-35137\" class=\"wp-caption-text\">format: 0; filter: 0; fileterIntensity: 0.0; filterMask: 0; captureOrientation: 0;<br \/>runfunc: 0; algolist: 0;<br \/>multi-frame: 1;<br \/>brp_mask:0;<br \/>brp_del_th:0.0000,0.0000;<br \/>brp_del_sen:0.0000,0.0000;<br \/>motionR: 0;<br \/>delta:1;<br \/>bokeh:1;<br \/>module: photo;hw-remosaic: false;touch: (-1.0, -1.0);sceneMode: 13107200;cct_value: 0;AI_Scene: (-1, -1);aec_lux: 115.46144;aec_lux_index: 0;albedo: ;confidence: ;motionLevel: -1;weatherinfo: weather?Mostly clear, icon:0, weatherInfo:100;temperature: 34;<\/figcaption><\/figure>\n<figure id=\"attachment_35138\" aria-describedby=\"caption-attachment-35138\" style=\"width: 1919px\" class=\"wp-caption alignnone\"><a href=\"https:\/\/ostrowskatv.pl\/?attachment_id=35138\" rel=\"attachment wp-att-35138\"><img loading=\"lazy\" decoding=\"async\" class=\"size-full wp-image-35138\" src=\"https:\/\/ostrowskatv.pl\/wp-content\/uploads\/2025\/06\/1000055099.jpg\" alt=\"\" width=\"1919\" height=\"1080\" srcset=\"https:\/\/ostrowskatv.pl\/wp-content\/uploads\/2025\/06\/1000055099.jpg 1919w, https:\/\/ostrowskatv.pl\/wp-content\/uploads\/2025\/06\/1000055099-300x169.jpg 300w, https:\/\/ostrowskatv.pl\/wp-content\/uploads\/2025\/06\/1000055099-1333x750.jpg 1333w, https:\/\/ostrowskatv.pl\/wp-content\/uploads\/2025\/06\/1000055099-1536x864.jpg 1536w\" sizes=\"auto, (max-width: 1919px) 100vw, 1919px\" \/><\/a><figcaption id=\"caption-attachment-35138\" class=\"wp-caption-text\">format: 2; filter: 0; fileterIntensity: 0.0; filterMask: 0; captureOrientation: 0;<br \/>runfunc: 0; algolist: 0;<br \/>multi-frame: 1;<br \/>brp_mask:0;<br \/>brp_del_th:0.0000,0.0000;<br \/>brp_del_sen:0.0000,0.0000;<br \/>motionR: 0;<br \/>delta:1;<br \/>bokeh:1;<br \/>module: photo;hw-remosaic: false;touch: (-1.0, -1.0);sceneMode: 12582912;cct_value: 0;AI_Scene: (-1, -1);aec_lux: 423.12582;aec_lux_index: 0;albedo: ;confidence: ;motionLevel: -1;weatherinfo: weather?Mostly clear, icon:0, weatherInfo:100;temperature: 33;<\/figcaption><\/figure>\n<figure id=\"attachment_35139\" aria-describedby=\"caption-attachment-35139\" style=\"width: 1920px\" class=\"wp-caption alignnone\"><a href=\"https:\/\/ostrowskatv.pl\/?attachment_id=35139\" rel=\"attachment wp-att-35139\"><img loading=\"lazy\" decoding=\"async\" class=\"size-full wp-image-35139\" src=\"https:\/\/ostrowskatv.pl\/wp-content\/uploads\/2025\/06\/1000055114.jpg\" alt=\"\" width=\"1920\" height=\"1080\" srcset=\"https:\/\/ostrowskatv.pl\/wp-content\/uploads\/2025\/06\/1000055114.jpg 1920w, https:\/\/ostrowskatv.pl\/wp-content\/uploads\/2025\/06\/1000055114-300x169.jpg 300w, https:\/\/ostrowskatv.pl\/wp-content\/uploads\/2025\/06\/1000055114-1333x750.jpg 1333w, https:\/\/ostrowskatv.pl\/wp-content\/uploads\/2025\/06\/1000055114-1536x864.jpg 1536w\" sizes=\"auto, (max-width: 1920px) 100vw, 1920px\" \/><\/a><figcaption id=\"caption-attachment-35139\" class=\"wp-caption-text\">format: 0; filter: 0; fileterIntensity: 0.0; filterMask: 0; captureOrientation: 0;<br \/>runfunc: 0; algolist: 0;<br \/>multi-frame: 1;<br \/>brp_mask:0;<br \/>brp_del_th:0.0000,0.0000;<br \/>brp_del_sen:0.0000,0.0000;<br \/>motionR: 0;<br \/>delta:1;<br \/>bokeh:1;<br \/>module: photo;hw-remosaic: false;touch: (-1.0, -1.0);sceneMode: 13107200;cct_value: 0;AI_Scene: (-1, -1);aec_lux: 276.2068;aec_lux_index: 0;albedo: ;confidence: ;motionLevel: -1;weatherinfo: weather?Sunny, icon:0, weatherInfo:100;temperature: 30;<\/figcaption><\/figure>\n<figure id=\"attachment_35140\" aria-describedby=\"caption-attachment-35140\" style=\"width: 1920px\" class=\"wp-caption alignnone\"><a href=\"https:\/\/ostrowskatv.pl\/?attachment_id=35140\" rel=\"attachment wp-att-35140\"><img loading=\"lazy\" decoding=\"async\" class=\"size-full wp-image-35140\" src=\"https:\/\/ostrowskatv.pl\/wp-content\/uploads\/2025\/06\/1000055115.jpg\" alt=\"\" width=\"1920\" height=\"1080\" srcset=\"https:\/\/ostrowskatv.pl\/wp-content\/uploads\/2025\/06\/1000055115.jpg 1920w, https:\/\/ostrowskatv.pl\/wp-content\/uploads\/2025\/06\/1000055115-300x169.jpg 300w, https:\/\/ostrowskatv.pl\/wp-content\/uploads\/2025\/06\/1000055115-1333x750.jpg 1333w, https:\/\/ostrowskatv.pl\/wp-content\/uploads\/2025\/06\/1000055115-1536x864.jpg 1536w\" sizes=\"auto, (max-width: 1920px) 100vw, 1920px\" \/><\/a><figcaption id=\"caption-attachment-35140\" class=\"wp-caption-text\">format: 0; filter: 0; fileterIntensity: 0.0; filterMask: 0; captureOrientation: 0;<br \/>runfunc: 0; algolist: 0;<br \/>multi-frame: 1;<br \/>brp_mask:0;<br \/>brp_del_th:0.0000,0.0000;<br \/>brp_del_sen:0.0000,0.0000;<br \/>motionR: 0;<br \/>delta:1;<br \/>bokeh:1;<br \/>module: photo;hw-remosaic: false;touch: (-1.0, -1.0);sceneMode: 13107200;cct_value: 0;AI_Scene: (20, 0);aec_lux: 146.71371;aec_lux_index: 0;albedo: ;confidence: ;motionLevel: 0;weatherinfo: weather?Sunny, icon:0, weatherInfo:100;temperature: 30;<\/figcaption><\/figure>\n<figure id=\"attachment_35141\" aria-describedby=\"caption-attachment-35141\" style=\"width: 1920px\" class=\"wp-caption alignnone\"><a href=\"https:\/\/ostrowskatv.pl\/?attachment_id=35141\" rel=\"attachment wp-att-35141\"><img loading=\"lazy\" decoding=\"async\" class=\"size-full wp-image-35141\" src=\"https:\/\/ostrowskatv.pl\/wp-content\/uploads\/2025\/06\/1000055116.jpg\" alt=\"\" width=\"1920\" height=\"1080\" srcset=\"https:\/\/ostrowskatv.pl\/wp-content\/uploads\/2025\/06\/1000055116.jpg 1920w, https:\/\/ostrowskatv.pl\/wp-content\/uploads\/2025\/06\/1000055116-300x169.jpg 300w, https:\/\/ostrowskatv.pl\/wp-content\/uploads\/2025\/06\/1000055116-1333x750.jpg 1333w, https:\/\/ostrowskatv.pl\/wp-content\/uploads\/2025\/06\/1000055116-1536x864.jpg 1536w\" sizes=\"auto, (max-width: 1920px) 100vw, 1920px\" \/><\/a><figcaption id=\"caption-attachment-35141\" class=\"wp-caption-text\">format: 0; filter: 0; fileterIntensity: 0.0; filterMask: 0; captureOrientation: 0;<br \/>runfunc: 0; algolist: 0;<br \/>multi-frame: 1;<br \/>brp_mask:0;<br \/>brp_del_th:0.0000,0.0000;<br \/>brp_del_sen:0.0000,0.0000;<br \/>motionR: 1;<br \/>delta:1;<br \/>bokeh:1;<br \/>module: photo;hw-remosaic: false;touch: (-1.0, -1.0);sceneMode: 13107200;cct_value: 0;AI_Scene: (20, 0);aec_lux: 132.33028;aec_lux_index: 0;albedo: ;confidence: ;motionLevel: 0;weatherinfo: weather?Sunny, icon:0, weatherInfo:100;temperature: 30;<\/figcaption><\/figure>\n","protected":false},"excerpt":{"rendered":"W niedziel\u0119, chwil\u0119 po godzinie 5:00 rano, w miejscowo\u015bci Oci\u0105\u017c (powiat ostrowski), na wysoko\u015bci salonu samochodowego, dosz\u0142o do zderzenia dw\u00f3ch pojazd\u00f3w. W wyniku \n<a class=\"moretag\" href=\"https:\/\/ostrowskatv.pl\/?p=35132\"> [...]<\/a>","protected":false},"author":1,"featured_media":35141,"comment_status":"open","ping_status":"closed","sticky":false,"template":"","format":"standard","meta":{"footnotes":""},"categories":[1],"tags":[59],"class_list":["post-35132","post","type-post","status-publish","format-standard","has-post-thumbnail","hentry","category-news","tag-ociaz"],"_links":{"self":[{"href":"https:\/\/ostrowskatv.pl\/index.php?rest_route=\/wp\/v2\/posts\/35132","targetHints":{"allow":["GET"]}}],"collection":[{"href":"https:\/\/ostrowskatv.pl\/index.php?rest_route=\/wp\/v2\/posts"}],"about":[{"href":"https:\/\/ostrowskatv.pl\/index.php?rest_route=\/wp\/v2\/types\/post"}],"author":[{"embeddable":true,"href":"https:\/\/ostrowskatv.pl\/index.php?rest_route=\/wp\/v2\/users\/1"}],"replies":[{"embeddable":true,"href":"https:\/\/ostrowskatv.pl\/index.php?rest_route=%2Fwp%2Fv2%2Fcomments&post=35132"}],"version-history":[{"count":2,"href":"https:\/\/ostrowskatv.pl\/index.php?rest_route=\/wp\/v2\/posts\/35132\/revisions"}],"predecessor-version":[{"id":35143,"href":"https:\/\/ostrowskatv.pl\/index.php?rest_route=\/wp\/v2\/posts\/35132\/revisions\/35143"}],"wp:featuredmedia":[{"embeddable":true,"href":"https:\/\/ostrowskatv.pl\/index.php?rest_route=\/wp\/v2\/media\/35141"}],"wp:attachment":[{"href":"https:\/\/ostrowskatv.pl\/index.php?rest_route=%2Fwp%2Fv2%2Fmedia&parent=35132"}],"wp:term":[{"taxonomy":"category","embeddable":true,"href":"https:\/\/ostrowskatv.pl\/index.php?rest_route=%2Fwp%2Fv2%2Fcategories&post=35132"},{"taxonomy":"post_tag","embeddable":true,"href":"https:\/\/ostrowskatv.pl\/index.php?rest_route=%2Fwp%2Fv2%2Ftags&post=35132"}],"curies":[{"name":"wp","href":"https:\/\/api.w.org\/{rel}","templated":true}]}}