{"id":35130,"date":"2025-06-20T11:53:35","date_gmt":"2025-06-20T10:53:35","guid":{"rendered":"https:\/\/ostrowskatv.pl\/?p=35130"},"modified":"2025-06-20T11:53:35","modified_gmt":"2025-06-20T10:53:35","slug":"zderzenie-przy-fotoradarze-w-szczurach","status":"publish","type":"post","link":"https:\/\/ostrowskatv.pl\/?p=35130","title":{"rendered":"Zderzenie przy fotoradarze w Szczurach"},"content":{"rendered":"<p><strong>Oko\u0142o godziny 5 rano dosz\u0142o do zderzenia dw\u00f3ch pojazd\u00f3w na skrzy\u017cowaniu przy fotoradarze w miejscowo\u015bci Szczury. Na miejsce wys\u0142ano s\u0142u\u017cby ratunkowe.<\/strong><\/p>\n<p>Po przyje\u017adzie okaza\u0142o si\u0119, \u017ce kierowca Mitsubishi wjecha\u0142 w bok samochodu ci\u0119\u017carowego. U\u0142amki sekund dzieli\u0142y od tragicznego fina\u0142u tej pomy\u0142ki. Tym razem mieszkaniec powiatu ostrowskiego wyszed\u0142 bez szwanku. Do szpitala przewieziono kobiet\u0119 jad\u0105c\u0105 osob\u00f3wk\u0105.<\/p>\n<p>Kierowcy ci\u0119\u017carowego Volvo, mieszka\u0144cowi powiatu kluczborskiego, nic si\u0119 nie sta\u0142o.<\/p>\n","protected":false},"excerpt":{"rendered":"Oko\u0142o godziny 5 rano dosz\u0142o do zderzenia dw\u00f3ch pojazd\u00f3w na skrzy\u017cowaniu przy fotoradarze w miejscowo\u015bci Szczury. Na miejsce wys\u0142ano s\u0142u\u017cby ratunkowe. Po przyje\u017adzie \n<a class=\"moretag\" href=\"https:\/\/ostrowskatv.pl\/?p=35130\"> [...]<\/a>","protected":false},"author":1,"featured_media":18202,"comment_status":"open","ping_status":"closed","sticky":false,"template":"","format":"standard","meta":{"footnotes":""},"categories":[1],"tags":[116,95,11],"class_list":["post-35130","post","type-post","status-publish","format-standard","has-post-thumbnail","hentry","category-news","tag-dk11","tag-szczury","tag-wypadek"],"_links":{"self":[{"href":"https:\/\/ostrowskatv.pl\/index.php?rest_route=\/wp\/v2\/posts\/35130","targetHints":{"allow":["GET"]}}],"collection":[{"href":"https:\/\/ostrowskatv.pl\/index.php?rest_route=\/wp\/v2\/posts"}],"about":[{"href":"https:\/\/ostrowskatv.pl\/index.php?rest_route=\/wp\/v2\/types\/post"}],"author":[{"embeddable":true,"href":"https:\/\/ostrowskatv.pl\/index.php?rest_route=\/wp\/v2\/users\/1"}],"replies":[{"embeddable":true,"href":"https:\/\/ostrowskatv.pl\/index.php?rest_route=%2Fwp%2Fv2%2Fcomments&post=35130"}],"version-history":[{"count":1,"href":"https:\/\/ostrowskatv.pl\/index.php?rest_route=\/wp\/v2\/posts\/35130\/revisions"}],"predecessor-version":[{"id":35131,"href":"https:\/\/ostrowskatv.pl\/index.php?rest_route=\/wp\/v2\/posts\/35130\/revisions\/35131"}],"wp:featuredmedia":[{"embeddable":true,"href":"https:\/\/ostrowskatv.pl\/index.php?rest_route=\/wp\/v2\/media\/18202"}],"wp:attachment":[{"href":"https:\/\/ostrowskatv.pl\/index.php?rest_route=%2Fwp%2Fv2%2Fmedia&parent=35130"}],"wp:term":[{"taxonomy":"category","embeddable":true,"href":"https:\/\/ostrowskatv.pl\/index.php?rest_route=%2Fwp%2Fv2%2Fcategories&post=35130"},{"taxonomy":"post_tag","embeddable":true,"href":"https:\/\/ostrowskatv.pl\/index.php?rest_route=%2Fwp%2Fv2%2Ftags&post=35130"}],"curies":[{"name":"wp","href":"https:\/\/api.w.org\/{rel}","templated":true}]}}