{"id":35122,"date":"2025-06-20T11:40:45","date_gmt":"2025-06-20T10:40:45","guid":{"rendered":"https:\/\/ostrowskatv.pl\/?p=35122"},"modified":"2025-06-20T11:40:45","modified_gmt":"2025-06-20T10:40:45","slug":"zderzenie-forda-i-renault-na-dlugiej-i-odolanowskiej-zdjecia","status":"publish","type":"post","link":"https:\/\/ostrowskatv.pl\/?p=35122","title":{"rendered":"Zderzenie Forda i Renault na D\u0142ugiej i Odolanowskiej (ZDJ\u0118CIA)"},"content":{"rendered":"<p><strong>W czwartek po godzinie 9.00 dosz\u0142o do zderzenia dw\u00f3ch aut osobowych na skrzy\u017cowaniu ulic D\u0142ugiej oraz Odolanowskiej w Ostrowie Wielkopolskim. W zderzeniu bra\u0142y udzia\u0142 Ford oraz\u00a0 Renault.\u00a0<\/strong><\/p>\n<p>Ze wst\u0119pnych ustale\u0144 wynika, \u017ce kierowca Renault, z reklam\u0105 przewozu os\u00f3b, nie ust\u0105pi\u0142 pierwsze\u0144stwa i doprowadzi\u0142 do zderzenia. Na miejsce wys\u0142ano s\u0142u\u017cby ratunkowe. Szcz\u0119\u015bliwie sko\u0144czy\u0142o si\u0119 bez powa\u017cniejszych skutk\u00f3w dla zdrowia.<\/p>\n<p>Kierowcy byli trze\u017awi.<\/p>\n<figure id=\"attachment_35128\" aria-describedby=\"caption-attachment-35128\" style=\"width: 1919px\" class=\"wp-caption alignnone\"><a href=\"https:\/\/ostrowskatv.pl\/?attachment_id=35128\" rel=\"attachment wp-att-35128\"><img loading=\"lazy\" decoding=\"async\" src=\"https:\/\/ostrowskatv.pl\/wp-content\/uploads\/2025\/06\/1000053425.jpg\" alt=\"\" width=\"1919\" height=\"826\" class=\"size-full wp-image-35128\" srcset=\"https:\/\/ostrowskatv.pl\/wp-content\/uploads\/2025\/06\/1000053425.jpg 1919w, https:\/\/ostrowskatv.pl\/wp-content\/uploads\/2025\/06\/1000053425-300x129.jpg 300w, https:\/\/ostrowskatv.pl\/wp-content\/uploads\/2025\/06\/1000053425-1333x574.jpg 1333w, https:\/\/ostrowskatv.pl\/wp-content\/uploads\/2025\/06\/1000053425-1536x661.jpg 1536w\" sizes=\"auto, (max-width: 1919px) 100vw, 1919px\" \/><\/a><figcaption id=\"caption-attachment-35128\" class=\"wp-caption-text\">format: 2; filter: 0; fileterIntensity: 0.0; filterMask: 0; captureOrientation: 0;<br \/>runfunc: 0; algolist: 0;<br \/>multi-frame: 1;<br \/>brp_mask:0;<br \/>brp_del_th:0.0000,0.0000;<br \/>brp_del_sen:0.0000,0.0000;<br \/>motionR: 0;<br \/>delta:1;<br \/>bokeh:1;<br \/>module: photo;hw-remosaic: false;touch: (-1.0, -1.0);sceneMode: 12582912;cct_value: 0;AI_Scene: (-1, -1);aec_lux: 0.0;aec_lux_index: 0;albedo:  ;confidence:  ;motionLevel: -1;weatherinfo: weather?Mostly cloudy, icon:1, weatherInfo:100;temperature: 32;<\/figcaption><\/figure>\n<figure id=\"attachment_35127\" aria-describedby=\"caption-attachment-35127\" style=\"width: 1920px\" class=\"wp-caption alignnone\"><a href=\"https:\/\/ostrowskatv.pl\/?attachment_id=35127\" rel=\"attachment wp-att-35127\"><img loading=\"lazy\" decoding=\"async\" src=\"https:\/\/ostrowskatv.pl\/wp-content\/uploads\/2025\/06\/1000053427.jpg\" alt=\"\" width=\"1920\" height=\"1080\" class=\"size-full wp-image-35127\" srcset=\"https:\/\/ostrowskatv.pl\/wp-content\/uploads\/2025\/06\/1000053427.jpg 1920w, https:\/\/ostrowskatv.pl\/wp-content\/uploads\/2025\/06\/1000053427-300x169.jpg 300w, https:\/\/ostrowskatv.pl\/wp-content\/uploads\/2025\/06\/1000053427-1333x750.jpg 1333w, https:\/\/ostrowskatv.pl\/wp-content\/uploads\/2025\/06\/1000053427-1536x864.jpg 1536w\" sizes=\"auto, (max-width: 1920px) 100vw, 1920px\" \/><\/a><figcaption id=\"caption-attachment-35127\" class=\"wp-caption-text\">format: 0; filter: 0; fileterIntensity: 0.0; filterMask: 0; captureOrientation: 0;<br \/>runfunc: 0; algolist: 0;<br \/>multi-frame: 1;<br \/>brp_mask:0;<br \/>brp_del_th:0.0000,0.0000;<br \/>brp_del_sen:0.0000,0.0000;<br \/>motionR: 1;<br \/>delta:1;<br \/>bokeh:1;<br \/>module: photo;hw-remosaic: false;touch: (-1.0, -1.0);sceneMode: 13107200;cct_value: 0;AI_Scene: (-1, -1);aec_lux: 0.0;aec_lux_index: 0;albedo:  ;confidence:  ;motionLevel: -1;weatherinfo: weather?Mostly cloudy, icon:1, weatherInfo:100;temperature: 32;<\/figcaption><\/figure>\n<figure id=\"attachment_35126\" aria-describedby=\"caption-attachment-35126\" style=\"width: 1919px\" class=\"wp-caption alignnone\"><a href=\"https:\/\/ostrowskatv.pl\/?attachment_id=35126\" rel=\"attachment wp-att-35126\"><img loading=\"lazy\" decoding=\"async\" src=\"https:\/\/ostrowskatv.pl\/wp-content\/uploads\/2025\/06\/1000053417.jpg\" alt=\"\" width=\"1919\" height=\"1003\" class=\"size-full wp-image-35126\" srcset=\"https:\/\/ostrowskatv.pl\/wp-content\/uploads\/2025\/06\/1000053417.jpg 1919w, https:\/\/ostrowskatv.pl\/wp-content\/uploads\/2025\/06\/1000053417-300x157.jpg 300w, https:\/\/ostrowskatv.pl\/wp-content\/uploads\/2025\/06\/1000053417-1333x697.jpg 1333w, https:\/\/ostrowskatv.pl\/wp-content\/uploads\/2025\/06\/1000053417-1536x803.jpg 1536w\" sizes=\"auto, (max-width: 1919px) 100vw, 1919px\" \/><\/a><figcaption id=\"caption-attachment-35126\" class=\"wp-caption-text\">format: 0; filter: 0; fileterIntensity: 0.0; filterMask: 0; captureOrientation: 0;<br \/>runfunc: 0; algolist: 0;<br \/>multi-frame: 1;<br \/>brp_mask:0;<br \/>brp_del_th:0.0000,0.0000;<br \/>brp_del_sen:0.0000,0.0000;<br \/>motionR: 0;<br \/>delta:1;<br \/>bokeh:1;<br \/>module: photo;hw-remosaic: false;touch: (-1.0, -1.0);sceneMode: 13107200;cct_value: 0;AI_Scene: (-1, -1);aec_lux: 0.0;aec_lux_index: 0;albedo:  ;confidence:  ;motionLevel: -1;weatherinfo: weather?Mostly cloudy, icon:1, weatherInfo:100;temperature: 32;<\/figcaption><\/figure>\n<figure id=\"attachment_35125\" aria-describedby=\"caption-attachment-35125\" style=\"width: 1920px\" class=\"wp-caption alignnone\"><a href=\"https:\/\/ostrowskatv.pl\/?attachment_id=35125\" rel=\"attachment wp-att-35125\"><img loading=\"lazy\" decoding=\"async\" src=\"https:\/\/ostrowskatv.pl\/wp-content\/uploads\/2025\/06\/1000053418.jpg\" alt=\"\" width=\"1920\" height=\"1052\" class=\"size-full wp-image-35125\" srcset=\"https:\/\/ostrowskatv.pl\/wp-content\/uploads\/2025\/06\/1000053418.jpg 1920w, https:\/\/ostrowskatv.pl\/wp-content\/uploads\/2025\/06\/1000053418-300x164.jpg 300w, https:\/\/ostrowskatv.pl\/wp-content\/uploads\/2025\/06\/1000053418-1333x730.jpg 1333w, https:\/\/ostrowskatv.pl\/wp-content\/uploads\/2025\/06\/1000053418-1536x842.jpg 1536w\" sizes=\"auto, (max-width: 1920px) 100vw, 1920px\" \/><\/a><figcaption id=\"caption-attachment-35125\" class=\"wp-caption-text\">format: 0; filter: 0; fileterIntensity: 0.0; filterMask: 0; captureOrientation: 180;<br \/>runfunc: 0; algolist: 0;<br \/>multi-frame: 1;<br \/>brp_mask:0;<br \/>brp_del_th:0.0000,0.0000;<br \/>brp_del_sen:0.0000,0.0000;<br \/>motionR: 1;<br \/>delta:1;<br \/>bokeh:1;<br \/>module: photo;hw-remosaic: false;touch: (-1.0, -1.0);sceneMode: 13107200;cct_value: 0;AI_Scene: (20, 0);aec_lux: 99.14374;aec_lux_index: 0;albedo:  ;confidence:  ;motionLevel: -1;weatherinfo: weather?Mostly cloudy, icon:1, weatherInfo:100;temperature: 33;<\/figcaption><\/figure>\n<figure id=\"attachment_35124\" aria-describedby=\"caption-attachment-35124\" style=\"width: 1920px\" class=\"wp-caption alignnone\"><a href=\"https:\/\/ostrowskatv.pl\/?attachment_id=35124\" rel=\"attachment wp-att-35124\"><img loading=\"lazy\" decoding=\"async\" src=\"https:\/\/ostrowskatv.pl\/wp-content\/uploads\/2025\/06\/1000053421.jpg\" alt=\"\" width=\"1920\" height=\"1192\" class=\"size-full wp-image-35124\" srcset=\"https:\/\/ostrowskatv.pl\/wp-content\/uploads\/2025\/06\/1000053421.jpg 1920w, https:\/\/ostrowskatv.pl\/wp-content\/uploads\/2025\/06\/1000053421-300x186.jpg 300w, https:\/\/ostrowskatv.pl\/wp-content\/uploads\/2025\/06\/1000053421-1333x828.jpg 1333w, https:\/\/ostrowskatv.pl\/wp-content\/uploads\/2025\/06\/1000053421-1536x954.jpg 1536w\" sizes=\"auto, (max-width: 1920px) 100vw, 1920px\" \/><\/a><figcaption id=\"caption-attachment-35124\" class=\"wp-caption-text\">format: 0; filter: 0; fileterIntensity: 0.0; filterMask: 0; captureOrientation: 0;<br \/>runfunc: 0; algolist: 0;<br \/>multi-frame: 1;<br \/>brp_mask:0;<br \/>brp_del_th:0.0000,0.0000;<br \/>brp_del_sen:0.0000,0.0000;<br \/>motionR: 3;<br \/>delta:1;<br \/>bokeh:1;<br \/>module: photo;hw-remosaic: false;touch: (0.9582637, 0.15386708);sceneMode: 13107200;cct_value: 0;AI_Scene: (-1, -1);aec_lux: 0.0;aec_lux_index: 0;albedo:  ;confidence:  ;motionLevel: -1;weatherinfo: weather?Mostly cloudy, icon:1, weatherInfo:100;temperature: 32;<\/figcaption><\/figure>\n<figure id=\"attachment_35123\" aria-describedby=\"caption-attachment-35123\" style=\"width: 1920px\" class=\"wp-caption alignnone\"><a href=\"https:\/\/ostrowskatv.pl\/?attachment_id=35123\" rel=\"attachment wp-att-35123\"><img loading=\"lazy\" decoding=\"async\" src=\"https:\/\/ostrowskatv.pl\/wp-content\/uploads\/2025\/06\/1000053422.jpg\" alt=\"\" width=\"1920\" height=\"1109\" class=\"size-full wp-image-35123\" srcset=\"https:\/\/ostrowskatv.pl\/wp-content\/uploads\/2025\/06\/1000053422.jpg 1920w, https:\/\/ostrowskatv.pl\/wp-content\/uploads\/2025\/06\/1000053422-300x173.jpg 300w, https:\/\/ostrowskatv.pl\/wp-content\/uploads\/2025\/06\/1000053422-1333x770.jpg 1333w, https:\/\/ostrowskatv.pl\/wp-content\/uploads\/2025\/06\/1000053422-1536x887.jpg 1536w\" sizes=\"auto, (max-width: 1920px) 100vw, 1920px\" \/><\/a><figcaption id=\"caption-attachment-35123\" class=\"wp-caption-text\">format: 0; filter: 0; fileterIntensity: 0.0; filterMask: 0; captureOrientation: 0;<br \/>runfunc: 0; algolist: 0;<br \/>multi-frame: 1;<br \/>brp_mask:0;<br \/>brp_del_th:0.0000,0.0000;<br \/>brp_del_sen:0.0000,0.0000;<br \/>motionR: 3;<br \/>delta:1;<br \/>bokeh:1;<br \/>module: photo;hw-remosaic: false;touch: (0.9582637, 0.15386708);sceneMode: 12582912;cct_value: 0;AI_Scene: (20, 0);aec_lux: 132.43768;aec_lux_index: 0;albedo:  ;confidence:  ;motionLevel: 3;weatherinfo: weather?Mostly cloudy, icon:1, weatherInfo:100;temperature: 32;<\/figcaption><\/figure>\n","protected":false},"excerpt":{"rendered":"W czwartek po godzinie 9.00 dosz\u0142o do zderzenia dw\u00f3ch aut osobowych na skrzy\u017cowaniu ulic D\u0142ugiej oraz Odolanowskiej w Ostrowie Wielkopolskim. W zderzeniu bra\u0142y \n<a class=\"moretag\" href=\"https:\/\/ostrowskatv.pl\/?p=35122\"> [...]<\/a>","protected":false},"author":1,"featured_media":35127,"comment_status":"open","ping_status":"closed","sticky":false,"template":"","format":"standard","meta":{"footnotes":""},"categories":[1],"tags":[2,11],"class_list":["post-35122","post","type-post","status-publish","format-standard","has-post-thumbnail","hentry","category-news","tag-ostrow-wielkopolski","tag-wypadek"],"_links":{"self":[{"href":"https:\/\/ostrowskatv.pl\/index.php?rest_route=\/wp\/v2\/posts\/35122","targetHints":{"allow":["GET"]}}],"collection":[{"href":"https:\/\/ostrowskatv.pl\/index.php?rest_route=\/wp\/v2\/posts"}],"about":[{"href":"https:\/\/ostrowskatv.pl\/index.php?rest_route=\/wp\/v2\/types\/post"}],"author":[{"embeddable":true,"href":"https:\/\/ostrowskatv.pl\/index.php?rest_route=\/wp\/v2\/users\/1"}],"replies":[{"embeddable":true,"href":"https:\/\/ostrowskatv.pl\/index.php?rest_route=%2Fwp%2Fv2%2Fcomments&post=35122"}],"version-history":[{"count":1,"href":"https:\/\/ostrowskatv.pl\/index.php?rest_route=\/wp\/v2\/posts\/35122\/revisions"}],"predecessor-version":[{"id":35129,"href":"https:\/\/ostrowskatv.pl\/index.php?rest_route=\/wp\/v2\/posts\/35122\/revisions\/35129"}],"wp:featuredmedia":[{"embeddable":true,"href":"https:\/\/ostrowskatv.pl\/index.php?rest_route=\/wp\/v2\/media\/35127"}],"wp:attachment":[{"href":"https:\/\/ostrowskatv.pl\/index.php?rest_route=%2Fwp%2Fv2%2Fmedia&parent=35122"}],"wp:term":[{"taxonomy":"category","embeddable":true,"href":"https:\/\/ostrowskatv.pl\/index.php?rest_route=%2Fwp%2Fv2%2Fcategories&post=35122"},{"taxonomy":"post_tag","embeddable":true,"href":"https:\/\/ostrowskatv.pl\/index.php?rest_route=%2Fwp%2Fv2%2Ftags&post=35122"}],"curies":[{"name":"wp","href":"https:\/\/api.w.org\/{rel}","templated":true}]}}