{"id":3508,"date":"2017-04-24T20:46:23","date_gmt":"2017-04-24T19:46:23","guid":{"rendered":"http:\/\/ostrowska.tv\/?p=3508"},"modified":"2017-04-24T21:29:40","modified_gmt":"2017-04-24T20:29:40","slug":"skradziono-6-auto-w-ostrowie-wlkp-wideo","status":"publish","type":"post","link":"https:\/\/ostrowskatv.pl\/?p=3508","title":{"rendered":"Skradziono 6. auto w Ostrowie Wlkp. (wideo)"},"content":{"rendered":"<p><strong>Szajka z\u0142odziei samochod\u00f3w upodoba\u0142a sobie Ostr\u00f3w Wielkopolski. W miniony weekend dosz\u0142o do kolejnej &#8211; sz\u00f3stej &#8211; kradzie\u017cy auta w tym roku. Inny samoch\u00f3d nie podda\u0142 si\u0119 z\u0142odziejom.<\/strong><\/p>\n<p>W nocy z pi\u0105tku na sobot\u0119 2-4 z\u0142odziei upatrzy\u0142a sobie srebrne Audi zaparkowane pod blokiem przy ul. \u017beromskiego. Gdy jeden ze z\u0142odziei sta\u0142 na czatach, drugi sforsowa\u0142 mechanicznie zamek, a nast\u0119pnie dosta\u0142 si\u0119 do wn\u0119trza auta. Co\u015b jednak posz\u0142o nie po my\u015bli z\u0142odzieja, poniewa\u017c ostatecznie nie odjecha\u0142 nim. Audi A5 stoi teraz pod kamer\u0105 monitoruj\u0105c\u0105 pobliski parking. W\u0142a\u015bciciel zapewne nie \u015bpi ju\u017c spokojnie, ale i tak mo\u017ce m\u00f3wi\u0107 o du\u017cym szcz\u0119\u015bciu.<\/p>\n<p>Tej samej nocy szajka postawi\u0142a na swoim. Uda\u0142o im si\u0119 ukra\u015b\u0107 BMW. Tym razem spod jednego z blok\u00f3w przy ul. \u015amigielskiego w Ostrowie Wlkp. Warto montowa\u0107 monitoringi, kt\u00f3re mog\u0105 pom\u00f3c namierzy\u0107 z\u0142odziei.<\/p>\n<div id='gallery-1' class='gallery galleryid-3508 gallery-columns-3 gallery-size-thumbnail'><figure class='gallery-item'>\n\t\t\t<div class='gallery-icon landscape'>\n\t\t\t\t<a href='https:\/\/ostrowskatv.pl\/?attachment_id=3511'><img loading=\"lazy\" decoding=\"async\" width=\"150\" height=\"150\" src=\"https:\/\/ostrowskatv.pl\/wp-content\/uploads\/2017\/04\/kradziez_auta_04-150x150.jpg\" class=\"attachment-thumbnail size-thumbnail\" alt=\"\" \/><\/a>\n\t\t\t<\/div><\/figure><figure class='gallery-item'>\n\t\t\t<div class='gallery-icon portrait'>\n\t\t\t\t<a href='https:\/\/ostrowskatv.pl\/?attachment_id=3510'><img loading=\"lazy\" decoding=\"async\" width=\"150\" height=\"150\" src=\"https:\/\/ostrowskatv.pl\/wp-content\/uploads\/2017\/04\/kradziez_auta_03-150x150.jpg\" class=\"attachment-thumbnail size-thumbnail\" alt=\"\" \/><\/a>\n\t\t\t<\/div><\/figure><figure class='gallery-item'>\n\t\t\t<div class='gallery-icon portrait'>\n\t\t\t\t<a href='https:\/\/ostrowskatv.pl\/?attachment_id=3509'><img loading=\"lazy\" decoding=\"async\" width=\"150\" height=\"150\" src=\"https:\/\/ostrowskatv.pl\/wp-content\/uploads\/2017\/04\/kradziez_auta_01-150x150.jpg\" class=\"attachment-thumbnail size-thumbnail\" alt=\"\" \/><\/a>\n\t\t\t<\/div><\/figure><figure class='gallery-item'>\n\t\t\t<div class='gallery-icon landscape'>\n\t\t\t\t<a href='https:\/\/ostrowskatv.pl\/?attachment_id=3515'><img loading=\"lazy\" decoding=\"async\" width=\"150\" height=\"150\" src=\"https:\/\/ostrowskatv.pl\/wp-content\/uploads\/2017\/04\/wlamanie_auta_02-150x150.jpg\" class=\"attachment-thumbnail size-thumbnail\" alt=\"\" \/><\/a>\n\t\t\t<\/div><\/figure>\n\t\t<\/div>\n\n<p><iframe loading=\"lazy\" src=\"https:\/\/www.youtube.com\/embed\/8qMQHQspy00\" width=\"560\" height=\"315\" frameborder=\"0\" allowfullscreen=\"allowfullscreen\"><\/iframe><\/p>\n","protected":false},"excerpt":{"rendered":"Szajka z\u0142odziei samochod\u00f3w upodoba\u0142a sobie Ostr\u00f3w Wielkopolski. W miniony weekend dosz\u0142o do kolejnej &#8211; sz\u00f3stej &#8211; kradzie\u017cy auta w tym roku. Inny samoch\u00f3d \n<a class=\"moretag\" href=\"https:\/\/ostrowskatv.pl\/?p=3508\"> [...]<\/a>","protected":false},"author":1,"featured_media":3510,"comment_status":"open","ping_status":"open","sticky":false,"template":"","format":"standard","meta":{"footnotes":""},"categories":[1],"tags":[2],"class_list":["post-3508","post","type-post","status-publish","format-standard","has-post-thumbnail","hentry","category-news","tag-ostrow-wielkopolski"],"_links":{"self":[{"href":"https:\/\/ostrowskatv.pl\/index.php?rest_route=\/wp\/v2\/posts\/3508","targetHints":{"allow":["GET"]}}],"collection":[{"href":"https:\/\/ostrowskatv.pl\/index.php?rest_route=\/wp\/v2\/posts"}],"about":[{"href":"https:\/\/ostrowskatv.pl\/index.php?rest_route=\/wp\/v2\/types\/post"}],"author":[{"embeddable":true,"href":"https:\/\/ostrowskatv.pl\/index.php?rest_route=\/wp\/v2\/users\/1"}],"replies":[{"embeddable":true,"href":"https:\/\/ostrowskatv.pl\/index.php?rest_route=%2Fwp%2Fv2%2Fcomments&post=3508"}],"version-history":[{"count":0,"href":"https:\/\/ostrowskatv.pl\/index.php?rest_route=\/wp\/v2\/posts\/3508\/revisions"}],"wp:featuredmedia":[{"embeddable":true,"href":"https:\/\/ostrowskatv.pl\/index.php?rest_route=\/wp\/v2\/media\/3510"}],"wp:attachment":[{"href":"https:\/\/ostrowskatv.pl\/index.php?rest_route=%2Fwp%2Fv2%2Fmedia&parent=3508"}],"wp:term":[{"taxonomy":"category","embeddable":true,"href":"https:\/\/ostrowskatv.pl\/index.php?rest_route=%2Fwp%2Fv2%2Fcategories&post=3508"},{"taxonomy":"post_tag","embeddable":true,"href":"https:\/\/ostrowskatv.pl\/index.php?rest_route=%2Fwp%2Fv2%2Ftags&post=3508"}],"curies":[{"name":"wp","href":"https:\/\/api.w.org\/{rel}","templated":true}]}}