{"id":34949,"date":"2025-06-16T13:39:41","date_gmt":"2025-06-16T12:39:41","guid":{"rendered":"https:\/\/ostrowskatv.pl\/?p=34949"},"modified":"2025-06-16T13:39:41","modified_gmt":"2025-06-16T12:39:41","slug":"twoje-dziecko-jezdzi-na-hulajnodze-elektrycznej-bez-kasku-jedna-z-ofiar-zdjecia","status":"publish","type":"post","link":"https:\/\/ostrowskatv.pl\/?p=34949","title":{"rendered":"Twoje dziecko je\u017adzi na hulajnodze elektrycznej bez kasku? Jedna z ofiar (ZDJ\u0118CIA)"},"content":{"rendered":"<p><strong>Dzi\u015b przed godzin\u0105 13:00 w miejscowo\u015bci Siedlik\u00f3w (gmina Mikstat) dosz\u0142o do kolejnego powa\u017cnego wypadku z udzia\u0142em dziecka poruszaj\u0105cego si\u0119 na hulajnodze elektrycznej. 12-letni ch\u0142opiec przewr\u00f3ci\u0142 si\u0119 podczas jazdy i dozna\u0142 powa\u017cnych obra\u017ce\u0144 g\u0142owy. Co szczeg\u00f3lnie niepokoj\u0105ce, nie mia\u0142 na sobie kasku ochronnego.<\/strong><\/p>\n<p><a href=\"https:\/\/ostrowskatv.pl\/?attachment_id=34950\" rel=\"attachment wp-att-34950\"><img loading=\"lazy\" decoding=\"async\" class=\"alignnone wp-image-34950 size-full\" src=\"https:\/\/ostrowskatv.pl\/wp-content\/uploads\/2025\/06\/1000052719.jpg\" alt=\"\" width=\"1920\" height=\"966\" srcset=\"https:\/\/ostrowskatv.pl\/wp-content\/uploads\/2025\/06\/1000052719.jpg 1920w, https:\/\/ostrowskatv.pl\/wp-content\/uploads\/2025\/06\/1000052719-300x151.jpg 300w, https:\/\/ostrowskatv.pl\/wp-content\/uploads\/2025\/06\/1000052719-1333x671.jpg 1333w, https:\/\/ostrowskatv.pl\/wp-content\/uploads\/2025\/06\/1000052719-1536x773.jpg 1536w\" sizes=\"auto, (max-width: 1920px) 100vw, 1920px\" \/><\/a><\/p>\n<p><a href=\"https:\/\/ostrowskatv.pl\/?attachment_id=34951\" rel=\"attachment wp-att-34951\"><img loading=\"lazy\" decoding=\"async\" class=\"alignnone wp-image-34951 size-full\" src=\"https:\/\/ostrowskatv.pl\/wp-content\/uploads\/2025\/06\/1000052722.jpg\" alt=\"\" width=\"1919\" height=\"1080\" srcset=\"https:\/\/ostrowskatv.pl\/wp-content\/uploads\/2025\/06\/1000052722.jpg 1919w, https:\/\/ostrowskatv.pl\/wp-content\/uploads\/2025\/06\/1000052722-300x169.jpg 300w, https:\/\/ostrowskatv.pl\/wp-content\/uploads\/2025\/06\/1000052722-1333x750.jpg 1333w, https:\/\/ostrowskatv.pl\/wp-content\/uploads\/2025\/06\/1000052722-1536x864.jpg 1536w\" sizes=\"auto, (max-width: 1919px) 100vw, 1919px\" \/><\/a><\/p>\n<p><a href=\"https:\/\/ostrowskatv.pl\/?attachment_id=34952\" rel=\"attachment wp-att-34952\"><img loading=\"lazy\" decoding=\"async\" class=\"alignnone wp-image-34952 size-full\" src=\"https:\/\/ostrowskatv.pl\/wp-content\/uploads\/2025\/06\/1000052721.jpg\" alt=\"\" width=\"1919\" height=\"887\" srcset=\"https:\/\/ostrowskatv.pl\/wp-content\/uploads\/2025\/06\/1000052721.jpg 1919w, https:\/\/ostrowskatv.pl\/wp-content\/uploads\/2025\/06\/1000052721-300x139.jpg 300w, https:\/\/ostrowskatv.pl\/wp-content\/uploads\/2025\/06\/1000052721-1333x616.jpg 1333w, https:\/\/ostrowskatv.pl\/wp-content\/uploads\/2025\/06\/1000052721-1536x710.jpg 1536w\" sizes=\"auto, (max-width: 1919px) 100vw, 1919px\" \/><\/a><\/p>\n<p><a href=\"https:\/\/ostrowskatv.pl\/?attachment_id=34953\" rel=\"attachment wp-att-34953\"><img loading=\"lazy\" decoding=\"async\" class=\"alignnone wp-image-34953 size-full\" src=\"https:\/\/ostrowskatv.pl\/wp-content\/uploads\/2025\/06\/1000052720.jpg\" alt=\"\" width=\"1919\" height=\"977\" srcset=\"https:\/\/ostrowskatv.pl\/wp-content\/uploads\/2025\/06\/1000052720.jpg 1919w, https:\/\/ostrowskatv.pl\/wp-content\/uploads\/2025\/06\/1000052720-300x153.jpg 300w, https:\/\/ostrowskatv.pl\/wp-content\/uploads\/2025\/06\/1000052720-1333x679.jpg 1333w, https:\/\/ostrowskatv.pl\/wp-content\/uploads\/2025\/06\/1000052720-1536x782.jpg 1536w\" sizes=\"auto, (max-width: 1919px) 100vw, 1919px\" \/><\/a><\/p>\n<p><a href=\"https:\/\/ostrowskatv.pl\/?attachment_id=34954\" rel=\"attachment wp-att-34954\"><img loading=\"lazy\" decoding=\"async\" class=\"alignnone wp-image-34954 size-full\" src=\"https:\/\/ostrowskatv.pl\/wp-content\/uploads\/2025\/06\/1000052724.jpg\" alt=\"\" width=\"1919\" height=\"1080\" srcset=\"https:\/\/ostrowskatv.pl\/wp-content\/uploads\/2025\/06\/1000052724.jpg 1919w, https:\/\/ostrowskatv.pl\/wp-content\/uploads\/2025\/06\/1000052724-300x169.jpg 300w, https:\/\/ostrowskatv.pl\/wp-content\/uploads\/2025\/06\/1000052724-1333x750.jpg 1333w, https:\/\/ostrowskatv.pl\/wp-content\/uploads\/2025\/06\/1000052724-1536x864.jpg 1536w\" sizes=\"auto, (max-width: 1919px) 100vw, 1919px\" \/><\/a><\/p>\n<p><a href=\"https:\/\/ostrowskatv.pl\/?attachment_id=34955\" rel=\"attachment wp-att-34955\"><img loading=\"lazy\" decoding=\"async\" class=\"alignnone wp-image-34955 size-full\" src=\"https:\/\/ostrowskatv.pl\/wp-content\/uploads\/2025\/06\/1000052723.jpg\" alt=\"\" width=\"1919\" height=\"1080\" srcset=\"https:\/\/ostrowskatv.pl\/wp-content\/uploads\/2025\/06\/1000052723.jpg 1919w, https:\/\/ostrowskatv.pl\/wp-content\/uploads\/2025\/06\/1000052723-300x169.jpg 300w, https:\/\/ostrowskatv.pl\/wp-content\/uploads\/2025\/06\/1000052723-1333x750.jpg 1333w, https:\/\/ostrowskatv.pl\/wp-content\/uploads\/2025\/06\/1000052723-1536x864.jpg 1536w\" sizes=\"auto, (max-width: 1919px) 100vw, 1919px\" \/><\/a><\/p>\n<p><a href=\"https:\/\/ostrowskatv.pl\/?attachment_id=34956\" rel=\"attachment wp-att-34956\"><img loading=\"lazy\" decoding=\"async\" class=\"alignnone wp-image-34956 size-full\" src=\"https:\/\/ostrowskatv.pl\/wp-content\/uploads\/2025\/06\/1000052726.jpg\" alt=\"\" width=\"1919\" height=\"1080\" srcset=\"https:\/\/ostrowskatv.pl\/wp-content\/uploads\/2025\/06\/1000052726.jpg 1919w, https:\/\/ostrowskatv.pl\/wp-content\/uploads\/2025\/06\/1000052726-300x169.jpg 300w, https:\/\/ostrowskatv.pl\/wp-content\/uploads\/2025\/06\/1000052726-1333x750.jpg 1333w, https:\/\/ostrowskatv.pl\/wp-content\/uploads\/2025\/06\/1000052726-1536x864.jpg 1536w\" sizes=\"auto, (max-width: 1919px) 100vw, 1919px\" \/><\/a><\/p>\n<p><a href=\"https:\/\/ostrowskatv.pl\/?attachment_id=34957\" rel=\"attachment wp-att-34957\"><img loading=\"lazy\" decoding=\"async\" class=\"alignnone wp-image-34957 size-full\" src=\"https:\/\/ostrowskatv.pl\/wp-content\/uploads\/2025\/06\/1000052727.jpg\" alt=\"\" width=\"1919\" height=\"1080\" srcset=\"https:\/\/ostrowskatv.pl\/wp-content\/uploads\/2025\/06\/1000052727.jpg 1919w, https:\/\/ostrowskatv.pl\/wp-content\/uploads\/2025\/06\/1000052727-300x169.jpg 300w, https:\/\/ostrowskatv.pl\/wp-content\/uploads\/2025\/06\/1000052727-1333x750.jpg 1333w, https:\/\/ostrowskatv.pl\/wp-content\/uploads\/2025\/06\/1000052727-1536x864.jpg 1536w\" sizes=\"auto, (max-width: 1919px) 100vw, 1919px\" \/><\/a><\/p>\n<p>Na miejsce zdarzenia natychmiast wys\u0142ano karetk\u0119 pogotowia ratunkowego oraz \u015bmig\u0142owiec Lotniczego Pogotowia Ratunkowego. Poszkodowany zosta\u0142 przetransportowany do szpitala w Ostrowie Wielkopolskim, gdzie przechodzi szczeg\u00f3\u0142ow\u0105 diagnostyk\u0119. Lekarze oceni\u0105, jakie dalsze leczenie b\u0119dzie konieczne.<\/p>\n<p>To zdarzenie do\u0142\u0105cza do niepokoj\u0105cej serii letnich wypadk\u00f3w z udzia\u0142em dzieci korzystaj\u0105cych z hulajn\u00f3g elektrycznych bez odpowiedniego zabezpieczenia. Zaledwie kilka tygodni temu powa\u017cnych uraz\u00f3w g\u0142owy dozna\u0142 m\u0142ody mieszkaniec Jankowa Przygodzkiego. Jego leczenie trwa do dzi\u015b i jest ogromnym obci\u0105\u017ceniem emocjonalnym dla ca\u0142ej rodziny.<\/p>\n<p>Wielu m\u0142odych u\u017cytkownik\u00f3w hulajn\u00f3g elektrycznych oraz ich opiekun\u00f3w zdaje si\u0119 zapomina\u0107, \u017ce nawet je\u015bli do tej pory jazda zawsze ko\u0144czy\u0142a si\u0119 bezpiecznie, wystarczy jeden niefortunny moment, by dosz\u0142o do tragedii. Brak kasku to ryzyko, kt\u00f3re mo\u017ce kosztowa\u0107 zdrowie, a nawet \u017cycie.<\/p>\n<p>Rozpocz\u0105\u0142 si\u0119 sezon letni, sprzyjaj\u0105cy aktywno\u015bciom na \u015bwie\u017cym powietrzu, ale to r\u00f3wnie\u017c czas zwi\u0119kszonej liczby wypadk\u00f3w. Apelujemy do rodzic\u00f3w i opiekun\u00f3w: zadbajcie o bezpiecze\u0144stwo swoich dzieci. Kask nie jest zb\u0119dnym dodatkiem \u2013 to podstawowa ochrona, kt\u00f3ra mo\u017ce uratowa\u0107 \u017cycie.<\/p>\n<p>Ka\u017cdy taki wypadek powinien by\u0107 dla nas wszystkich sygna\u0142em ostrzegawczym. Niech tragedia jednego dziecka nie stanie si\u0119 codzienno\u015bci\u0105 innych.<\/p>\n","protected":false},"excerpt":{"rendered":"Dzi\u015b przed godzin\u0105 13:00 w miejscowo\u015bci Siedlik\u00f3w (gmina Mikstat) dosz\u0142o do kolejnego powa\u017cnego wypadku z udzia\u0142em dziecka poruszaj\u0105cego si\u0119 na hulajnodze elektrycznej. 12-letni \n<a class=\"moretag\" href=\"https:\/\/ostrowskatv.pl\/?p=34949\"> [...]<\/a>","protected":false},"author":1,"featured_media":34957,"comment_status":"open","ping_status":"closed","sticky":false,"template":"","format":"standard","meta":{"footnotes":""},"categories":[1],"tags":[244],"class_list":["post-34949","post","type-post","status-publish","format-standard","has-post-thumbnail","hentry","category-news","tag-hulajnoga"],"_links":{"self":[{"href":"https:\/\/ostrowskatv.pl\/index.php?rest_route=\/wp\/v2\/posts\/34949","targetHints":{"allow":["GET"]}}],"collection":[{"href":"https:\/\/ostrowskatv.pl\/index.php?rest_route=\/wp\/v2\/posts"}],"about":[{"href":"https:\/\/ostrowskatv.pl\/index.php?rest_route=\/wp\/v2\/types\/post"}],"author":[{"embeddable":true,"href":"https:\/\/ostrowskatv.pl\/index.php?rest_route=\/wp\/v2\/users\/1"}],"replies":[{"embeddable":true,"href":"https:\/\/ostrowskatv.pl\/index.php?rest_route=%2Fwp%2Fv2%2Fcomments&post=34949"}],"version-history":[{"count":2,"href":"https:\/\/ostrowskatv.pl\/index.php?rest_route=\/wp\/v2\/posts\/34949\/revisions"}],"predecessor-version":[{"id":34959,"href":"https:\/\/ostrowskatv.pl\/index.php?rest_route=\/wp\/v2\/posts\/34949\/revisions\/34959"}],"wp:featuredmedia":[{"embeddable":true,"href":"https:\/\/ostrowskatv.pl\/index.php?rest_route=\/wp\/v2\/media\/34957"}],"wp:attachment":[{"href":"https:\/\/ostrowskatv.pl\/index.php?rest_route=%2Fwp%2Fv2%2Fmedia&parent=34949"}],"wp:term":[{"taxonomy":"category","embeddable":true,"href":"https:\/\/ostrowskatv.pl\/index.php?rest_route=%2Fwp%2Fv2%2Fcategories&post=34949"},{"taxonomy":"post_tag","embeddable":true,"href":"https:\/\/ostrowskatv.pl\/index.php?rest_route=%2Fwp%2Fv2%2Ftags&post=34949"}],"curies":[{"name":"wp","href":"https:\/\/api.w.org\/{rel}","templated":true}]}}