{"id":34859,"date":"2025-06-07T06:43:36","date_gmt":"2025-06-07T05:43:36","guid":{"rendered":"https:\/\/ostrowskatv.pl\/?p=34859"},"modified":"2025-06-07T06:43:36","modified_gmt":"2025-06-07T05:43:36","slug":"bmw-w-rowie-zaskakujaca-przyczyna-zdjecia","status":"publish","type":"post","link":"https:\/\/ostrowskatv.pl\/?p=34859","title":{"rendered":"BMW w rowie. Zaskakuj\u0105ca przyczyna (ZDJ\u0118CIA)"},"content":{"rendered":"<p data-start=\"85\" data-end=\"325\"><strong>Niewiele brakowa\u0142o, a mog\u0142o doj\u015b\u0107 do \u015bmiertelnej tragedii na drodze krajowej nr 25, na wje\u017adzie do Czekanowa. Spok\u00f3j nocy przerwa\u0142o dramatyczne zdarzenie drogowe, kt\u00f3re postawi\u0142o s\u0142u\u017cby ratunkowe w stan pe\u0142nej gotowo\u015bci. Wszystko przez\u2026 sarn\u0119.<\/strong><\/p>\n<p data-start=\"327\" data-end=\"643\">Wed\u0142ug wst\u0119pnych ustale\u0144, to w\u0142a\u015bnie dzikie zwierz\u0119 \u2013 sarna \u2013 wybieg\u0142a nagle na jezdni\u0119 od strony Ostrowa Wielkopolskiego, zaskakuj\u0105c kierowc\u0119 paszowozu. M\u0119\u017cczyzna prowadz\u0105cy ci\u0119\u017cki pojazd pr\u00f3bowa\u0142 unikn\u0105\u0107 zderzenia, wykonuj\u0105c gwa\u0142towny manewr i zje\u017cd\u017caj\u0105c na przeciwny pas ruchu. Tam jednak nadje\u017cd\u017ca\u0142o osobowe BMW.<\/p>\n<p data-start=\"645\" data-end=\"828\">\u2013 Kierowca BMW nie mia\u0142 wyboru. \u017beby nie zderzy\u0107 si\u0119 czo\u0142owo z kolosem, zdecydowa\u0142 si\u0119 ucieka\u0107 z drogi \u2013 relacjonuje \u015bwiadek zdarzenia. Samoch\u00f3d osobowy wyl\u0105dowa\u0142 w przydro\u017cnym rowie.<\/p>\n<p data-start=\"830\" data-end=\"1090\">Na miejsce natychmiast ruszy\u0142y s\u0142u\u017cby ratunkowe: stra\u017c po\u017carna, policja i karetka pogotowia. Kierowca BMW, cho\u0107 pocz\u0105tkowo skar\u017cy\u0142 si\u0119 na b\u00f3l kr\u0119gos\u0142upa, nie odni\u00f3s\u0142 powa\u017cniejszych obra\u017ce\u0144.<\/p>\n<p data-start=\"1092\" data-end=\"1294\">Spraw\u0119 bada policja. Mundurowi apeluj\u0105 o szczeg\u00f3ln\u0105 ostro\u017cno\u015b\u0107 \u2013 nie tylko wobec innych uczestnik\u00f3w ruchu, ale tak\u017ce dzikich zwierz\u0105t, kt\u00f3re coraz cz\u0119\u015bciej pojawiaj\u0105 si\u0119 na drogach, zw\u0142aszcza po zmroku.<\/p>\n<p><a href=\"https:\/\/ostrowskatv.pl\/?attachment_id=34860\" rel=\"attachment wp-att-34860\"><img loading=\"lazy\" decoding=\"async\" class=\"alignnone wp-image-34860 size-full\" src=\"https:\/\/ostrowskatv.pl\/wp-content\/uploads\/2025\/06\/1000051080.jpg\" alt=\"\" width=\"1920\" height=\"1080\" srcset=\"https:\/\/ostrowskatv.pl\/wp-content\/uploads\/2025\/06\/1000051080.jpg 1920w, https:\/\/ostrowskatv.pl\/wp-content\/uploads\/2025\/06\/1000051080-300x169.jpg 300w, https:\/\/ostrowskatv.pl\/wp-content\/uploads\/2025\/06\/1000051080-1333x750.jpg 1333w, https:\/\/ostrowskatv.pl\/wp-content\/uploads\/2025\/06\/1000051080-1536x864.jpg 1536w\" sizes=\"auto, (max-width: 1920px) 100vw, 1920px\" \/><\/a><\/p>\n<p><a href=\"https:\/\/ostrowskatv.pl\/?attachment_id=34861\" rel=\"attachment wp-att-34861\"><img loading=\"lazy\" decoding=\"async\" class=\"alignnone wp-image-34861 size-full\" src=\"https:\/\/ostrowskatv.pl\/wp-content\/uploads\/2025\/06\/1000051079.jpg\" alt=\"\" width=\"1920\" height=\"1080\" srcset=\"https:\/\/ostrowskatv.pl\/wp-content\/uploads\/2025\/06\/1000051079.jpg 1920w, https:\/\/ostrowskatv.pl\/wp-content\/uploads\/2025\/06\/1000051079-300x169.jpg 300w, https:\/\/ostrowskatv.pl\/wp-content\/uploads\/2025\/06\/1000051079-1333x750.jpg 1333w, https:\/\/ostrowskatv.pl\/wp-content\/uploads\/2025\/06\/1000051079-1536x864.jpg 1536w\" sizes=\"auto, (max-width: 1920px) 100vw, 1920px\" \/><\/a><\/p>\n<p><a href=\"https:\/\/ostrowskatv.pl\/?attachment_id=34862\" rel=\"attachment wp-att-34862\"><img loading=\"lazy\" decoding=\"async\" class=\"alignnone wp-image-34862 size-full\" src=\"https:\/\/ostrowskatv.pl\/wp-content\/uploads\/2025\/06\/1000051078.jpg\" alt=\"\" width=\"1920\" height=\"1080\" srcset=\"https:\/\/ostrowskatv.pl\/wp-content\/uploads\/2025\/06\/1000051078.jpg 1920w, https:\/\/ostrowskatv.pl\/wp-content\/uploads\/2025\/06\/1000051078-300x169.jpg 300w, https:\/\/ostrowskatv.pl\/wp-content\/uploads\/2025\/06\/1000051078-1333x750.jpg 1333w, https:\/\/ostrowskatv.pl\/wp-content\/uploads\/2025\/06\/1000051078-1536x864.jpg 1536w\" sizes=\"auto, (max-width: 1920px) 100vw, 1920px\" \/><\/a><\/p>\n<p><a href=\"https:\/\/ostrowskatv.pl\/?attachment_id=34863\" rel=\"attachment wp-att-34863\"><img loading=\"lazy\" decoding=\"async\" class=\"alignnone wp-image-34863 size-full\" src=\"https:\/\/ostrowskatv.pl\/wp-content\/uploads\/2025\/06\/1000051076.jpg\" alt=\"\" width=\"1080\" height=\"1920\" srcset=\"https:\/\/ostrowskatv.pl\/wp-content\/uploads\/2025\/06\/1000051076.jpg 1080w, https:\/\/ostrowskatv.pl\/wp-content\/uploads\/2025\/06\/1000051076-169x300.jpg 169w, https:\/\/ostrowskatv.pl\/wp-content\/uploads\/2025\/06\/1000051076-750x1333.jpg 750w, https:\/\/ostrowskatv.pl\/wp-content\/uploads\/2025\/06\/1000051076-864x1536.jpg 864w\" sizes=\"auto, (max-width: 1080px) 100vw, 1080px\" \/><\/a><\/p>\n<p><a href=\"https:\/\/ostrowskatv.pl\/?attachment_id=34864\" rel=\"attachment wp-att-34864\"><img loading=\"lazy\" decoding=\"async\" class=\"alignnone wp-image-34864 size-full\" src=\"https:\/\/ostrowskatv.pl\/wp-content\/uploads\/2025\/06\/1000051072.jpg\" alt=\"\" width=\"1920\" height=\"1080\" srcset=\"https:\/\/ostrowskatv.pl\/wp-content\/uploads\/2025\/06\/1000051072.jpg 1920w, https:\/\/ostrowskatv.pl\/wp-content\/uploads\/2025\/06\/1000051072-300x169.jpg 300w, https:\/\/ostrowskatv.pl\/wp-content\/uploads\/2025\/06\/1000051072-1333x750.jpg 1333w, https:\/\/ostrowskatv.pl\/wp-content\/uploads\/2025\/06\/1000051072-1536x864.jpg 1536w\" sizes=\"auto, (max-width: 1920px) 100vw, 1920px\" \/><\/a><\/p>\n","protected":false},"excerpt":{"rendered":"Niewiele brakowa\u0142o, a mog\u0142o doj\u015b\u0107 do \u015bmiertelnej tragedii na drodze krajowej nr 25, na wje\u017adzie do Czekanowa. Spok\u00f3j nocy przerwa\u0142o dramatyczne zdarzenie drogowe, \n<a class=\"moretag\" href=\"https:\/\/ostrowskatv.pl\/?p=34859\"> [...]<\/a>","protected":false},"author":1,"featured_media":34861,"comment_status":"open","ping_status":"closed","sticky":false,"template":"","format":"standard","meta":{"footnotes":""},"categories":[1],"tags":[],"class_list":["post-34859","post","type-post","status-publish","format-standard","has-post-thumbnail","hentry","category-news"],"_links":{"self":[{"href":"https:\/\/ostrowskatv.pl\/index.php?rest_route=\/wp\/v2\/posts\/34859","targetHints":{"allow":["GET"]}}],"collection":[{"href":"https:\/\/ostrowskatv.pl\/index.php?rest_route=\/wp\/v2\/posts"}],"about":[{"href":"https:\/\/ostrowskatv.pl\/index.php?rest_route=\/wp\/v2\/types\/post"}],"author":[{"embeddable":true,"href":"https:\/\/ostrowskatv.pl\/index.php?rest_route=\/wp\/v2\/users\/1"}],"replies":[{"embeddable":true,"href":"https:\/\/ostrowskatv.pl\/index.php?rest_route=%2Fwp%2Fv2%2Fcomments&post=34859"}],"version-history":[{"count":3,"href":"https:\/\/ostrowskatv.pl\/index.php?rest_route=\/wp\/v2\/posts\/34859\/revisions"}],"predecessor-version":[{"id":34867,"href":"https:\/\/ostrowskatv.pl\/index.php?rest_route=\/wp\/v2\/posts\/34859\/revisions\/34867"}],"wp:featuredmedia":[{"embeddable":true,"href":"https:\/\/ostrowskatv.pl\/index.php?rest_route=\/wp\/v2\/media\/34861"}],"wp:attachment":[{"href":"https:\/\/ostrowskatv.pl\/index.php?rest_route=%2Fwp%2Fv2%2Fmedia&parent=34859"}],"wp:term":[{"taxonomy":"category","embeddable":true,"href":"https:\/\/ostrowskatv.pl\/index.php?rest_route=%2Fwp%2Fv2%2Fcategories&post=34859"},{"taxonomy":"post_tag","embeddable":true,"href":"https:\/\/ostrowskatv.pl\/index.php?rest_route=%2Fwp%2Fv2%2Ftags&post=34859"}],"curies":[{"name":"wp","href":"https:\/\/api.w.org\/{rel}","templated":true}]}}