{"id":34844,"date":"2025-06-06T08:53:05","date_gmt":"2025-06-06T07:53:05","guid":{"rendered":"https:\/\/ostrowskatv.pl\/?p=34844"},"modified":"2025-06-06T08:53:05","modified_gmt":"2025-06-06T07:53:05","slug":"rozproszyl-go-radiowoz-na-sygnale-w-drugim-aucie-dwoje-malych-dzieci-zdjecia","status":"publish","type":"post","link":"https:\/\/ostrowskatv.pl\/?p=34844","title":{"rendered":"Rozproszy\u0142 go radiow\u00f3z na sygnale. W drugim aucie dwoje ma\u0142ych dzieci (ZDJ\u0118CIA)"},"content":{"rendered":"<p><strong>Na skrzy\u017cowaniu ulic Konopnickiej z alej\u0105 S\u0142owackiego w Ostrowie Wielkopolskim dosz\u0142o do kolizji dw\u00f3ch aut osobowych. W czerwonym aucie podr\u00f3\u017cowali rodzice oraz dwoje ma\u0142ych dzieci. <\/strong><\/p>\n<p>Zar\u00f3wno Ford jak i Renault wyje\u017cd\u017ca\u0142y z Konopnickiej i skr\u0119ca\u0142y w prawo w alej\u0119 S\u0142owackiego. W tym czasie skrzy\u017cowanie przeje\u017cd\u017ca\u0142 radiow\u00f3z policji na sygnale jad\u0105cy do zdarzenia drogowego na ulicy Limanowskiego.<\/p>\n<p>W mi\u0119dzy czasie na przej\u015bcie dla pieszych wesz\u0142a osoba. Z tego powodu kierowca Forda zatrzyma\u0142 si\u0119, a kierowca Renault nie zd\u0105\u017cy\u0142.<\/p>\n<p>Dosz\u0142o do delikatnego na jechania na ty\u0142. Kierowca Forda od razu dzwoni\u0142 na numer alarmowy. Poinformowa\u0142, \u017ce dosz\u0142o do wypadku i podr\u00f3\u017cuje z nim dwoje ma\u0142ych dzieci.<\/p>\n<p>To uruchomi\u0142o stra\u017c po\u017carn\u0105, karetk\u0119 oraz policj\u0119. \u017badne z dzieci nawet nie p\u0142aka\u0142o z b\u00f3lu. Po pewnym czasie postanowione zabra\u0107 jedno z dzieci wraz z opiekunem do szpitala. Oko\u0142o roczne dzieci podr\u00f3\u017cowa\u0142y w dobrych fotelikach.<\/p>\n<figure id=\"attachment_34845\" aria-describedby=\"caption-attachment-34845\" style=\"width: 1919px\" class=\"wp-caption alignnone\"><a href=\"https:\/\/ostrowskatv.pl\/?attachment_id=34845\" rel=\"attachment wp-att-34845\"><img loading=\"lazy\" decoding=\"async\" src=\"https:\/\/ostrowskatv.pl\/wp-content\/uploads\/2025\/06\/1000051057.jpg\" alt=\"\" width=\"1919\" height=\"1420\" class=\"size-full wp-image-34845\" srcset=\"https:\/\/ostrowskatv.pl\/wp-content\/uploads\/2025\/06\/1000051057.jpg 1919w, https:\/\/ostrowskatv.pl\/wp-content\/uploads\/2025\/06\/1000051057-300x222.jpg 300w, https:\/\/ostrowskatv.pl\/wp-content\/uploads\/2025\/06\/1000051057-1333x986.jpg 1333w, https:\/\/ostrowskatv.pl\/wp-content\/uploads\/2025\/06\/1000051057-1536x1137.jpg 1536w\" sizes=\"auto, (max-width: 1919px) 100vw, 1919px\" \/><\/a><figcaption id=\"caption-attachment-34845\" class=\"wp-caption-text\">format: 0; filter: 0; fileterIntensity: 0.0; filterMask: 0; captureOrientation: 0;<br \/>runfunc: 0; algolist: 0;<br \/>multi-frame: 1;<br \/>brp_mask:0;<br \/>brp_del_th:0.0000,0.0000;<br \/>brp_del_sen:0.0000,0.0000;<br \/>motionR: 1;<br \/>delta:1;<br \/>bokeh:1;<br \/>module: photo;hw-remosaic: false;touch: (-1.0, -1.0);sceneMode: 13107200;cct_value: 0;AI_Scene: (-1, -1);aec_lux: 0.0;aec_lux_index: 0;albedo:  ;confidence:  ;motionLevel: -1;weatherinfo: weather?null, icon:null, weatherInfo:100;temperature: 31;<\/figcaption><\/figure>\n<figure id=\"attachment_34846\" aria-describedby=\"caption-attachment-34846\" style=\"width: 1920px\" class=\"wp-caption alignnone\"><a href=\"https:\/\/ostrowskatv.pl\/?attachment_id=34846\" rel=\"attachment wp-att-34846\"><img loading=\"lazy\" decoding=\"async\" src=\"https:\/\/ostrowskatv.pl\/wp-content\/uploads\/2025\/06\/1000051056.jpg\" alt=\"\" width=\"1920\" height=\"944\" class=\"size-full wp-image-34846\" srcset=\"https:\/\/ostrowskatv.pl\/wp-content\/uploads\/2025\/06\/1000051056.jpg 1920w, https:\/\/ostrowskatv.pl\/wp-content\/uploads\/2025\/06\/1000051056-300x148.jpg 300w, https:\/\/ostrowskatv.pl\/wp-content\/uploads\/2025\/06\/1000051056-1333x655.jpg 1333w, https:\/\/ostrowskatv.pl\/wp-content\/uploads\/2025\/06\/1000051056-1536x755.jpg 1536w\" sizes=\"auto, (max-width: 1920px) 100vw, 1920px\" \/><\/a><figcaption id=\"caption-attachment-34846\" class=\"wp-caption-text\">format: 0; filter: 0; fileterIntensity: 0.0; filterMask: 0; captureOrientation: 0;<br \/>runfunc: 0; algolist: 0;<br \/>multi-frame: 1;<br \/>brp_mask:0;<br \/>brp_del_th:0.0000,0.0000;<br \/>brp_del_sen:0.0000,0.0000;<br \/>motionR: 0;<br \/>delta:1;<br \/>bokeh:1;<br \/>module: photo;hw-remosaic: false;touch: (-1.0, -1.0);sceneMode: 12582912;cct_value: 0;AI_Scene: (-1, -1);aec_lux: 0.0;aec_lux_index: 0;albedo:  ;confidence:  ;motionLevel: -1;weatherinfo: weather?null, icon:null, weatherInfo:100;temperature: 29;<\/figcaption><\/figure>\n<figure id=\"attachment_34847\" aria-describedby=\"caption-attachment-34847\" style=\"width: 1920px\" class=\"wp-caption alignnone\"><a href=\"https:\/\/ostrowskatv.pl\/?attachment_id=34847\" rel=\"attachment wp-att-34847\"><img loading=\"lazy\" decoding=\"async\" src=\"https:\/\/ostrowskatv.pl\/wp-content\/uploads\/2025\/06\/1000051053.jpg\" alt=\"\" width=\"1920\" height=\"972\" class=\"size-full wp-image-34847\" srcset=\"https:\/\/ostrowskatv.pl\/wp-content\/uploads\/2025\/06\/1000051053.jpg 1920w, https:\/\/ostrowskatv.pl\/wp-content\/uploads\/2025\/06\/1000051053-300x152.jpg 300w, https:\/\/ostrowskatv.pl\/wp-content\/uploads\/2025\/06\/1000051053-1333x675.jpg 1333w, https:\/\/ostrowskatv.pl\/wp-content\/uploads\/2025\/06\/1000051053-1536x778.jpg 1536w\" sizes=\"auto, (max-width: 1920px) 100vw, 1920px\" \/><\/a><figcaption id=\"caption-attachment-34847\" class=\"wp-caption-text\">format: 0; filter: 0; fileterIntensity: 0.0; filterMask: 0; captureOrientation: 0;<br \/>runfunc: 0; algolist: 0;<br \/>multi-frame: 1;<br \/>brp_mask:0;<br \/>brp_del_th:0.0000,0.0000;<br \/>brp_del_sen:0.0000,0.0000;<br \/>motionR: 0;<br \/>delta:1;<br \/>bokeh:1;<br \/>module: photo;hw-remosaic: false;touch: (-1.0, -1.0);sceneMode: 13107200;cct_value: 0;AI_Scene: (-1, -1);aec_lux: 151.44359;aec_lux_index: 0;albedo:  ;confidence:  ;motionLevel: 3;weatherinfo: weather?null, icon:null, weatherInfo:100;temperature: 29;<\/figcaption><\/figure>\n<figure id=\"attachment_34848\" aria-describedby=\"caption-attachment-34848\" style=\"width: 1746px\" class=\"wp-caption alignnone\"><a href=\"https:\/\/ostrowskatv.pl\/?attachment_id=34848\" rel=\"attachment wp-att-34848\"><img loading=\"lazy\" decoding=\"async\" src=\"https:\/\/ostrowskatv.pl\/wp-content\/uploads\/2025\/06\/1000051052.jpg\" alt=\"\" width=\"1746\" height=\"1042\" class=\"size-full wp-image-34848\" srcset=\"https:\/\/ostrowskatv.pl\/wp-content\/uploads\/2025\/06\/1000051052.jpg 1746w, https:\/\/ostrowskatv.pl\/wp-content\/uploads\/2025\/06\/1000051052-300x179.jpg 300w, https:\/\/ostrowskatv.pl\/wp-content\/uploads\/2025\/06\/1000051052-1333x796.jpg 1333w, https:\/\/ostrowskatv.pl\/wp-content\/uploads\/2025\/06\/1000051052-1536x917.jpg 1536w\" sizes=\"auto, (max-width: 1746px) 100vw, 1746px\" \/><\/a><figcaption id=\"caption-attachment-34848\" class=\"wp-caption-text\">format: 0; filter: 0; fileterIntensity: 0.0; filterMask: 0; captureOrientation: 0;<br \/>runfunc: 0; algolist: 0;<br \/>multi-frame: 1;<br \/>brp_mask:0;<br \/>brp_del_th:0.0000,0.0000;<br \/>brp_del_sen:0.0000,0.0000;<br \/>motionR: 3;<br \/>delta:1;<br \/>bokeh:1;<br \/>module: photo;hw-remosaic: false;touch: (-1.0, -1.0);sceneMode: 13107200;cct_value: 0;AI_Scene: (-1, -1);aec_lux: 0.0;aec_lux_index: 0;albedo:  ;confidence:  ;motionLevel: -1;weatherinfo: weather?null, icon:null, weatherInfo:100;temperature: 29;<\/figcaption><\/figure>\n","protected":false},"excerpt":{"rendered":"Na skrzy\u017cowaniu ulic Konopnickiej z alej\u0105 S\u0142owackiego w Ostrowie Wielkopolskim dosz\u0142o do kolizji dw\u00f3ch aut osobowych. W czerwonym aucie podr\u00f3\u017cowali rodzice oraz dwoje \n<a class=\"moretag\" href=\"https:\/\/ostrowskatv.pl\/?p=34844\"> [...]<\/a>","protected":false},"author":1,"featured_media":34846,"comment_status":"open","ping_status":"closed","sticky":false,"template":"","format":"standard","meta":{"footnotes":""},"categories":[1],"tags":[2],"class_list":["post-34844","post","type-post","status-publish","format-standard","has-post-thumbnail","hentry","category-news","tag-ostrow-wielkopolski"],"_links":{"self":[{"href":"https:\/\/ostrowskatv.pl\/index.php?rest_route=\/wp\/v2\/posts\/34844","targetHints":{"allow":["GET"]}}],"collection":[{"href":"https:\/\/ostrowskatv.pl\/index.php?rest_route=\/wp\/v2\/posts"}],"about":[{"href":"https:\/\/ostrowskatv.pl\/index.php?rest_route=\/wp\/v2\/types\/post"}],"author":[{"embeddable":true,"href":"https:\/\/ostrowskatv.pl\/index.php?rest_route=\/wp\/v2\/users\/1"}],"replies":[{"embeddable":true,"href":"https:\/\/ostrowskatv.pl\/index.php?rest_route=%2Fwp%2Fv2%2Fcomments&post=34844"}],"version-history":[{"count":1,"href":"https:\/\/ostrowskatv.pl\/index.php?rest_route=\/wp\/v2\/posts\/34844\/revisions"}],"predecessor-version":[{"id":34849,"href":"https:\/\/ostrowskatv.pl\/index.php?rest_route=\/wp\/v2\/posts\/34844\/revisions\/34849"}],"wp:featuredmedia":[{"embeddable":true,"href":"https:\/\/ostrowskatv.pl\/index.php?rest_route=\/wp\/v2\/media\/34846"}],"wp:attachment":[{"href":"https:\/\/ostrowskatv.pl\/index.php?rest_route=%2Fwp%2Fv2%2Fmedia&parent=34844"}],"wp:term":[{"taxonomy":"category","embeddable":true,"href":"https:\/\/ostrowskatv.pl\/index.php?rest_route=%2Fwp%2Fv2%2Fcategories&post=34844"},{"taxonomy":"post_tag","embeddable":true,"href":"https:\/\/ostrowskatv.pl\/index.php?rest_route=%2Fwp%2Fv2%2Ftags&post=34844"}],"curies":[{"name":"wp","href":"https:\/\/api.w.org\/{rel}","templated":true}]}}