{"id":34828,"date":"2025-06-05T12:39:15","date_gmt":"2025-06-05T11:39:15","guid":{"rendered":"https:\/\/ostrowskatv.pl\/?p=34828"},"modified":"2025-06-05T12:39:15","modified_gmt":"2025-06-05T11:39:15","slug":"duza-dziura-na-raszkowskiej-zdjecia","status":"publish","type":"post","link":"https:\/\/ostrowskatv.pl\/?p=34828","title":{"rendered":"Du\u017ca dziura na Raszkowskiej (ZDJ\u0118CIA)"},"content":{"rendered":"<p><strong><span style=\"font-size: 1rem;\">W \u015brod\u0119 mieszka\u0144cy Ostrowa Wielkopolskiego zauwa\u017cyli niepokoj\u0105ce zapadni\u0119cie jezdni na ulicy Raszkowskiej. Cho\u0107 pocz\u0105tkowo ubytek w nawierzchni wydawa\u0142 si\u0119 niegro\u017any, okaza\u0142o si\u0119, \u017ce pod powierzchni\u0105 asfaltu znajduje si\u0119 niebezpieczne zag\u0142\u0119bienie o g\u0142\u0119boko\u015bci oko\u0142o dw\u00f3ch metr\u00f3w.<\/span><\/strong><\/p>\n<p>Specjali\u015bci wyja\u015bniaj\u0105, \u017ce w tym rejonie rury przebiegaj\u0105 na g\u0142\u0119boko\u015bci oko\u0142o pi\u0119ciu metr\u00f3w. Tego typu zapadliska najcz\u0119\u015bciej powstaj\u0105 w wyniku rozszczelnienia instalacji podziemnych. Wyciekaj\u0105ca woda wyp\u0142ukuje stopniowo piasek spod nawierzchni, co prowadzi do os\u0142abienia struktury gruntu. W efekcie dochodzi do zapadni\u0119cia asfaltu i powstania g\u0142\u0119bokiej dziury.<\/p>\n<p>Ze wzgl\u0119du na zagro\u017cenie dla kierowc\u00f3w i pieszych, niebezpieczne miejsce zosta\u0142o natychmiast zabezpieczone. Ruch samochod\u00f3w zosta\u0142 tymczasowo przekierowany z Placu 23 Stycznia w ulic\u0119 D\u0105browskiego. S\u0142u\u017cby miejskie apeluj\u0105 o zachowanie ostro\u017cno\u015bci w rejonie prowadzonych prac i dostosowanie si\u0119 do tymczasowej organizacji ruchu.<\/p>\n<p><a href=\"https:\/\/ostrowskatv.pl\/?attachment_id=34829\" rel=\"attachment wp-att-34829\"><img loading=\"lazy\" decoding=\"async\" src=\"https:\/\/ostrowskatv.pl\/wp-content\/uploads\/2025\/06\/1000175671.jpg\" alt=\"\" width=\"1920\" height=\"1081\" class=\"alignnone size-full wp-image-34829\" srcset=\"https:\/\/ostrowskatv.pl\/wp-content\/uploads\/2025\/06\/1000175671.jpg 1920w, https:\/\/ostrowskatv.pl\/wp-content\/uploads\/2025\/06\/1000175671-300x169.jpg 300w, https:\/\/ostrowskatv.pl\/wp-content\/uploads\/2025\/06\/1000175671-1333x751.jpg 1333w, https:\/\/ostrowskatv.pl\/wp-content\/uploads\/2025\/06\/1000175671-1536x865.jpg 1536w\" sizes=\"auto, (max-width: 1920px) 100vw, 1920px\" \/><\/a><\/p>\n<p><a href=\"https:\/\/ostrowskatv.pl\/?attachment_id=34830\" rel=\"attachment wp-att-34830\"><img loading=\"lazy\" decoding=\"async\" src=\"https:\/\/ostrowskatv.pl\/wp-content\/uploads\/2025\/06\/1000175670.jpg\" alt=\"\" width=\"1920\" height=\"1081\" class=\"alignnone size-full wp-image-34830\" srcset=\"https:\/\/ostrowskatv.pl\/wp-content\/uploads\/2025\/06\/1000175670.jpg 1920w, https:\/\/ostrowskatv.pl\/wp-content\/uploads\/2025\/06\/1000175670-300x169.jpg 300w, https:\/\/ostrowskatv.pl\/wp-content\/uploads\/2025\/06\/1000175670-1333x751.jpg 1333w, https:\/\/ostrowskatv.pl\/wp-content\/uploads\/2025\/06\/1000175670-1536x865.jpg 1536w\" sizes=\"auto, (max-width: 1920px) 100vw, 1920px\" \/><\/a><\/p>\n<p><a href=\"https:\/\/ostrowskatv.pl\/?attachment_id=34831\" rel=\"attachment wp-att-34831\"><img loading=\"lazy\" decoding=\"async\" src=\"https:\/\/ostrowskatv.pl\/wp-content\/uploads\/2025\/06\/1000175669.jpg\" alt=\"\" width=\"1920\" height=\"1081\" class=\"alignnone size-full wp-image-34831\" srcset=\"https:\/\/ostrowskatv.pl\/wp-content\/uploads\/2025\/06\/1000175669.jpg 1920w, https:\/\/ostrowskatv.pl\/wp-content\/uploads\/2025\/06\/1000175669-300x169.jpg 300w, https:\/\/ostrowskatv.pl\/wp-content\/uploads\/2025\/06\/1000175669-1333x751.jpg 1333w, https:\/\/ostrowskatv.pl\/wp-content\/uploads\/2025\/06\/1000175669-1536x865.jpg 1536w\" sizes=\"auto, (max-width: 1920px) 100vw, 1920px\" \/><\/a><\/p>\n<p><a href=\"https:\/\/ostrowskatv.pl\/?attachment_id=34832\" rel=\"attachment wp-att-34832\"><img loading=\"lazy\" decoding=\"async\" src=\"https:\/\/ostrowskatv.pl\/wp-content\/uploads\/2025\/06\/1000175668.jpg\" alt=\"\" width=\"1081\" height=\"1920\" class=\"alignnone size-full wp-image-34832\" srcset=\"https:\/\/ostrowskatv.pl\/wp-content\/uploads\/2025\/06\/1000175668.jpg 1081w, https:\/\/ostrowskatv.pl\/wp-content\/uploads\/2025\/06\/1000175668-169x300.jpg 169w, https:\/\/ostrowskatv.pl\/wp-content\/uploads\/2025\/06\/1000175668-751x1333.jpg 751w, https:\/\/ostrowskatv.pl\/wp-content\/uploads\/2025\/06\/1000175668-865x1536.jpg 865w\" sizes=\"auto, (max-width: 1081px) 100vw, 1081px\" \/><\/a><\/p>\n<p><a href=\"https:\/\/ostrowskatv.pl\/?attachment_id=34833\" rel=\"attachment wp-att-34833\"><img loading=\"lazy\" decoding=\"async\" src=\"https:\/\/ostrowskatv.pl\/wp-content\/uploads\/2025\/06\/1000175667.jpg\" alt=\"\" width=\"1920\" height=\"1081\" class=\"alignnone size-full wp-image-34833\" srcset=\"https:\/\/ostrowskatv.pl\/wp-content\/uploads\/2025\/06\/1000175667.jpg 1920w, https:\/\/ostrowskatv.pl\/wp-content\/uploads\/2025\/06\/1000175667-300x169.jpg 300w, https:\/\/ostrowskatv.pl\/wp-content\/uploads\/2025\/06\/1000175667-1333x751.jpg 1333w, https:\/\/ostrowskatv.pl\/wp-content\/uploads\/2025\/06\/1000175667-1536x865.jpg 1536w\" sizes=\"auto, (max-width: 1920px) 100vw, 1920px\" \/><\/a><\/p>\n","protected":false},"excerpt":{"rendered":"W \u015brod\u0119 mieszka\u0144cy Ostrowa Wielkopolskiego zauwa\u017cyli niepokoj\u0105ce zapadni\u0119cie jezdni na ulicy Raszkowskiej. Cho\u0107 pocz\u0105tkowo ubytek w nawierzchni wydawa\u0142 si\u0119 niegro\u017any, okaza\u0142o si\u0119, \u017ce \n<a class=\"moretag\" href=\"https:\/\/ostrowskatv.pl\/?p=34828\"> [...]<\/a>","protected":false},"author":1,"featured_media":34833,"comment_status":"open","ping_status":"closed","sticky":false,"template":"","format":"standard","meta":{"footnotes":""},"categories":[1],"tags":[2],"class_list":["post-34828","post","type-post","status-publish","format-standard","has-post-thumbnail","hentry","category-news","tag-ostrow-wielkopolski"],"_links":{"self":[{"href":"https:\/\/ostrowskatv.pl\/index.php?rest_route=\/wp\/v2\/posts\/34828","targetHints":{"allow":["GET"]}}],"collection":[{"href":"https:\/\/ostrowskatv.pl\/index.php?rest_route=\/wp\/v2\/posts"}],"about":[{"href":"https:\/\/ostrowskatv.pl\/index.php?rest_route=\/wp\/v2\/types\/post"}],"author":[{"embeddable":true,"href":"https:\/\/ostrowskatv.pl\/index.php?rest_route=\/wp\/v2\/users\/1"}],"replies":[{"embeddable":true,"href":"https:\/\/ostrowskatv.pl\/index.php?rest_route=%2Fwp%2Fv2%2Fcomments&post=34828"}],"version-history":[{"count":1,"href":"https:\/\/ostrowskatv.pl\/index.php?rest_route=\/wp\/v2\/posts\/34828\/revisions"}],"predecessor-version":[{"id":34834,"href":"https:\/\/ostrowskatv.pl\/index.php?rest_route=\/wp\/v2\/posts\/34828\/revisions\/34834"}],"wp:featuredmedia":[{"embeddable":true,"href":"https:\/\/ostrowskatv.pl\/index.php?rest_route=\/wp\/v2\/media\/34833"}],"wp:attachment":[{"href":"https:\/\/ostrowskatv.pl\/index.php?rest_route=%2Fwp%2Fv2%2Fmedia&parent=34828"}],"wp:term":[{"taxonomy":"category","embeddable":true,"href":"https:\/\/ostrowskatv.pl\/index.php?rest_route=%2Fwp%2Fv2%2Fcategories&post=34828"},{"taxonomy":"post_tag","embeddable":true,"href":"https:\/\/ostrowskatv.pl\/index.php?rest_route=%2Fwp%2Fv2%2Ftags&post=34828"}],"curies":[{"name":"wp","href":"https:\/\/api.w.org\/{rel}","templated":true}]}}