{"id":34795,"date":"2025-05-29T09:28:06","date_gmt":"2025-05-29T08:28:06","guid":{"rendered":"https:\/\/ostrowskatv.pl\/?p=34795"},"modified":"2025-05-29T09:30:05","modified_gmt":"2025-05-29T08:30:05","slug":"auto-w-rowie-sprawca-uciekl-ale-wpadl-zdjecia","status":"publish","type":"post","link":"https:\/\/ostrowskatv.pl\/?p=34795","title":{"rendered":"Auto w rowie. Sprawca uciek\u0142, ale wpad\u0142 (ZDJ\u0118CIA)"},"content":{"rendered":"<p><strong>W \u015brod\u0119 o godzinie 16.30 dosz\u0142o do zdarzenia drogowego w Przygodzicach na ulicy Wysockiej. Ze wst\u0119pnych informacji wynika\u0142o, \u017ce Toyota Yaris wjecha\u0142a do rowu. Na miejsce wys\u0142ano s\u0142u\u017cby ratunkowe. Po rozpoznaniu okaza\u0142o si\u0119, \u017ce sprawa jest bardziej skomplikowana. <\/strong><\/p>\n<p>Kobieta kieruj\u0105c Toyot\u0105 Yaris jecha\u0142 i zacz\u0119\u0142a zwalnia\u0107. Jecha\u0142 za ni\u0105 samoch\u00f3d typu kombi, kt\u00f3rego kierowca rozpocz\u0105\u0142 manewr wyprzedzania. W trakcie zorientowa\u0142 si\u0119, \u017ce z przeciwka jedzie inny pojazd i pr\u00f3buj\u0105c wr\u00f3ci\u0107 na sw\u00f3j pas uderzy\u0142 w ty\u0142 Toyot\u0119 i spowodowa\u0142 zjechanie do rowu.<\/p>\n<p>Kierowca czerwonego kombi odjecha\u0142 i prawdopodobnie ukry\u0142 pojazd. Dzi\u0119ki relacji \u015bwiadka, kt\u00f3ry mia\u0142 rozpozna\u0107 kierowc\u0119 wspomnianego auta, gdy ten przyjecha\u0142 na miejsce zdarzenia, tym razem na rowerze.<\/p>\n<p>Policja zatrzyma\u0142a m\u0119\u017cczyzn\u0119 w miejscu jego zamieszkania i odkry\u0142a pojazd, kt\u00f3ry mia\u0142 pasuj\u0105ce do zdarzenia uszkodzenia. Trwa weryfikacja czy to na pewno ten m\u0119\u017cczyzna kierowa\u0142. Pobrano od niego krew do bada\u0144 pod k\u0105tem substancji zabronionych. M\u0119\u017cczyzna ma 36 lat.<\/p>\n<p><a href=\"https:\/\/ostrowskatv.pl\/?attachment_id=34801\" rel=\"attachment wp-att-34801\"><img loading=\"lazy\" decoding=\"async\" class=\"alignnone size-full wp-image-34801\" src=\"https:\/\/ostrowskatv.pl\/wp-content\/uploads\/2025\/05\/1000174227.jpg\" alt=\"\" width=\"1549\" height=\"857\" srcset=\"https:\/\/ostrowskatv.pl\/wp-content\/uploads\/2025\/05\/1000174227.jpg 1549w, https:\/\/ostrowskatv.pl\/wp-content\/uploads\/2025\/05\/1000174227-300x166.jpg 300w, https:\/\/ostrowskatv.pl\/wp-content\/uploads\/2025\/05\/1000174227-1333x737.jpg 1333w, https:\/\/ostrowskatv.pl\/wp-content\/uploads\/2025\/05\/1000174227-1536x850.jpg 1536w\" sizes=\"auto, (max-width: 1549px) 100vw, 1549px\" \/><\/a><\/p>\n<p><a href=\"https:\/\/ostrowskatv.pl\/?attachment_id=34800\" rel=\"attachment wp-att-34800\"><img loading=\"lazy\" decoding=\"async\" class=\"alignnone size-full wp-image-34800\" src=\"https:\/\/ostrowskatv.pl\/wp-content\/uploads\/2025\/05\/1000174228.jpg\" alt=\"\" width=\"1457\" height=\"803\" srcset=\"https:\/\/ostrowskatv.pl\/wp-content\/uploads\/2025\/05\/1000174228.jpg 1457w, https:\/\/ostrowskatv.pl\/wp-content\/uploads\/2025\/05\/1000174228-300x165.jpg 300w, https:\/\/ostrowskatv.pl\/wp-content\/uploads\/2025\/05\/1000174228-1333x735.jpg 1333w\" sizes=\"auto, (max-width: 1457px) 100vw, 1457px\" \/><\/a><\/p>\n<p><a href=\"https:\/\/ostrowskatv.pl\/?attachment_id=34799\" rel=\"attachment wp-att-34799\"><img loading=\"lazy\" decoding=\"async\" class=\"alignnone size-full wp-image-34799\" src=\"https:\/\/ostrowskatv.pl\/wp-content\/uploads\/2025\/05\/1000174230.jpg\" alt=\"\" width=\"1591\" height=\"940\" srcset=\"https:\/\/ostrowskatv.pl\/wp-content\/uploads\/2025\/05\/1000174230.jpg 1591w, https:\/\/ostrowskatv.pl\/wp-content\/uploads\/2025\/05\/1000174230-300x177.jpg 300w, https:\/\/ostrowskatv.pl\/wp-content\/uploads\/2025\/05\/1000174230-1333x788.jpg 1333w, https:\/\/ostrowskatv.pl\/wp-content\/uploads\/2025\/05\/1000174230-1536x908.jpg 1536w\" sizes=\"auto, (max-width: 1591px) 100vw, 1591px\" \/><\/a><\/p>\n<p><a href=\"https:\/\/ostrowskatv.pl\/?attachment_id=34798\" rel=\"attachment wp-att-34798\"><img loading=\"lazy\" decoding=\"async\" class=\"alignnone size-full wp-image-34798\" src=\"https:\/\/ostrowskatv.pl\/wp-content\/uploads\/2025\/05\/1000174229.jpg\" alt=\"\" width=\"1410\" height=\"873\" srcset=\"https:\/\/ostrowskatv.pl\/wp-content\/uploads\/2025\/05\/1000174229.jpg 1410w, https:\/\/ostrowskatv.pl\/wp-content\/uploads\/2025\/05\/1000174229-300x186.jpg 300w, https:\/\/ostrowskatv.pl\/wp-content\/uploads\/2025\/05\/1000174229-1333x825.jpg 1333w\" sizes=\"auto, (max-width: 1410px) 100vw, 1410px\" \/><\/a><\/p>\n<p><a href=\"https:\/\/ostrowskatv.pl\/?attachment_id=34804\" rel=\"attachment wp-att-34804\"><img loading=\"lazy\" decoding=\"async\" class=\"alignnone size-full wp-image-34804\" src=\"https:\/\/ostrowskatv.pl\/wp-content\/uploads\/2025\/05\/1000174231-2.jpg\" alt=\"\" width=\"1599\" height=\"819\" srcset=\"https:\/\/ostrowskatv.pl\/wp-content\/uploads\/2025\/05\/1000174231-2.jpg 1599w, https:\/\/ostrowskatv.pl\/wp-content\/uploads\/2025\/05\/1000174231-2-300x154.jpg 300w, https:\/\/ostrowskatv.pl\/wp-content\/uploads\/2025\/05\/1000174231-2-1333x683.jpg 1333w, https:\/\/ostrowskatv.pl\/wp-content\/uploads\/2025\/05\/1000174231-2-1536x787.jpg 1536w\" sizes=\"auto, (max-width: 1599px) 100vw, 1599px\" \/><\/a><\/p>\n<p>&nbsp;<\/p>\n<p>&nbsp;<\/p>\n","protected":false},"excerpt":{"rendered":"W \u015brod\u0119 o godzinie 16.30 dosz\u0142o do zdarzenia drogowego w Przygodzicach na ulicy Wysockiej. Ze wst\u0119pnych informacji wynika\u0142o, \u017ce Toyota Yaris wjecha\u0142a do \n<a class=\"moretag\" href=\"https:\/\/ostrowskatv.pl\/?p=34795\"> [...]<\/a>","protected":false},"author":1,"featured_media":34800,"comment_status":"open","ping_status":"closed","sticky":false,"template":"","format":"standard","meta":{"footnotes":""},"categories":[1],"tags":[],"class_list":["post-34795","post","type-post","status-publish","format-standard","has-post-thumbnail","hentry","category-news"],"_links":{"self":[{"href":"https:\/\/ostrowskatv.pl\/index.php?rest_route=\/wp\/v2\/posts\/34795","targetHints":{"allow":["GET"]}}],"collection":[{"href":"https:\/\/ostrowskatv.pl\/index.php?rest_route=\/wp\/v2\/posts"}],"about":[{"href":"https:\/\/ostrowskatv.pl\/index.php?rest_route=\/wp\/v2\/types\/post"}],"author":[{"embeddable":true,"href":"https:\/\/ostrowskatv.pl\/index.php?rest_route=\/wp\/v2\/users\/1"}],"replies":[{"embeddable":true,"href":"https:\/\/ostrowskatv.pl\/index.php?rest_route=%2Fwp%2Fv2%2Fcomments&post=34795"}],"version-history":[{"count":4,"href":"https:\/\/ostrowskatv.pl\/index.php?rest_route=\/wp\/v2\/posts\/34795\/revisions"}],"predecessor-version":[{"id":34805,"href":"https:\/\/ostrowskatv.pl\/index.php?rest_route=\/wp\/v2\/posts\/34795\/revisions\/34805"}],"wp:featuredmedia":[{"embeddable":true,"href":"https:\/\/ostrowskatv.pl\/index.php?rest_route=\/wp\/v2\/media\/34800"}],"wp:attachment":[{"href":"https:\/\/ostrowskatv.pl\/index.php?rest_route=%2Fwp%2Fv2%2Fmedia&parent=34795"}],"wp:term":[{"taxonomy":"category","embeddable":true,"href":"https:\/\/ostrowskatv.pl\/index.php?rest_route=%2Fwp%2Fv2%2Fcategories&post=34795"},{"taxonomy":"post_tag","embeddable":true,"href":"https:\/\/ostrowskatv.pl\/index.php?rest_route=%2Fwp%2Fv2%2Ftags&post=34795"}],"curies":[{"name":"wp","href":"https:\/\/api.w.org\/{rel}","templated":true}]}}