{"id":34778,"date":"2025-05-27T12:42:43","date_gmt":"2025-05-27T11:42:43","guid":{"rendered":"https:\/\/ostrowskatv.pl\/?p=34778"},"modified":"2025-05-27T12:42:43","modified_gmt":"2025-05-27T11:42:43","slug":"kierowca-bolta-myslal-ze-ma-zielone-swiatlo-zdjecia","status":"publish","type":"post","link":"https:\/\/ostrowskatv.pl\/?p=34778","title":{"rendered":"Kierowca Bolta my\u015bla\u0142, \u017ce ma zielone \u015bwiat\u0142o (ZDJ\u0118CIA)"},"content":{"rendered":"<p><strong><span style=\"font-size: 1rem;\">Przed godzin\u0105 13:00 na skrzy\u017cowaniu ulic Ko\u015bciuszki, Parkowej i Armii Krajowej w Ostrowie Wielkopolskim dosz\u0142o do\u00a0 kolizji z udzia\u0142em dw\u00f3ch samochod\u00f3w osobowych. W jednym z pojazd\u00f3w znajdowa\u0142 si\u0119 kierowca realizuj\u0105cy przejazd dla platformy przewozu os\u00f3b Bolt.<\/span><\/strong><\/p>\n<p>Ze wst\u0119pnych ustale\u0144 wynika, \u017ce kieruj\u0105cy Toyot\u0105, poruszaj\u0105c\u0105 si\u0119 ulic\u0105 Ko\u015bciuszki w kierunku Parku 3 Maja, ruszy\u0142 z miejsca, sugeruj\u0105c si\u0119 ruchem pojazdu przed nim, kt\u00f3ry skr\u0119ca\u0142 na zielonej strza\u0142ce. Toyota zamierza\u0142a jednak jecha\u0107 prosto. W tym samym czasie ze zjazdu z wiaduktu nadje\u017cd\u017ca\u0142a Honda Civic, co doprowadzi\u0142o do zderzenia pojazd\u00f3w. Pocz\u0105tkowo kierowca Bolta wierzy\u0142, \u017ce wjecha\u0142 na zielonym \u015bwietle, ale monitoring wskaza\u0142 sprawc\u0119.<\/p>\n<div style=\"width: 640px;\" class=\"wp-video\"><video class=\"wp-video-shortcode\" id=\"video-34778-1\" width=\"640\" height=\"368\" preload=\"metadata\" controls=\"controls\"><source type=\"video\/mp4\" src=\"https:\/\/ostrowskatv.pl\/wp-content\/uploads\/2025\/05\/Kosciuszki.mp4?_=1\" \/><a href=\"https:\/\/ostrowskatv.pl\/wp-content\/uploads\/2025\/05\/Kosciuszki.mp4\">https:\/\/ostrowskatv.pl\/wp-content\/uploads\/2025\/05\/Kosciuszki.mp4<\/a><\/video><\/div>\n<p>W wyniku kolizji jedna z trzech os\u00f3b podr\u00f3\u017cuj\u0105cych zosta\u0142a przewieziona do szpitala w Ostrowie Wielkopolskim na dalsze badania. Na miejscu interweniowa\u0142y s\u0142u\u017cby ratunkowe \u2013 stra\u017c po\u017carna oraz policja, kt\u00f3ra wyja\u015bnia okoliczno\u015bci zdarzenia i ustala dok\u0142adny przebieg wydarze\u0144.<\/p>\n<p>Ruch w rejonie skrzy\u017cowania by\u0142 czasowo utrudniony. Policja apeluje do kierowc\u00f3w o zachowanie szczeg\u00f3lnej ostro\u017cno\u015bci i niekierowanie si\u0119 wy\u0142\u0105cznie ruchem innych pojazd\u00f3w, lecz sygnalizacj\u0105 \u015bwietln\u0105 oraz zasadami pierwsze\u0144stwa.<\/p>\n<p><a href=\"https:\/\/ostrowskatv.pl\/?attachment_id=34780\" rel=\"attachment wp-att-34780\"><img loading=\"lazy\" decoding=\"async\" src=\"https:\/\/ostrowskatv.pl\/wp-content\/uploads\/2025\/05\/1000173845.jpg\" alt=\"\" width=\"1550\" height=\"727\" class=\"alignnone size-full wp-image-34780\" srcset=\"https:\/\/ostrowskatv.pl\/wp-content\/uploads\/2025\/05\/1000173845.jpg 1550w, https:\/\/ostrowskatv.pl\/wp-content\/uploads\/2025\/05\/1000173845-300x141.jpg 300w, https:\/\/ostrowskatv.pl\/wp-content\/uploads\/2025\/05\/1000173845-1333x625.jpg 1333w, https:\/\/ostrowskatv.pl\/wp-content\/uploads\/2025\/05\/1000173845-1536x720.jpg 1536w\" sizes=\"auto, (max-width: 1550px) 100vw, 1550px\" \/><\/a><\/p>\n<p><a href=\"https:\/\/ostrowskatv.pl\/?attachment_id=34781\" rel=\"attachment wp-att-34781\"><img loading=\"lazy\" decoding=\"async\" src=\"https:\/\/ostrowskatv.pl\/wp-content\/uploads\/2025\/05\/1000173848.jpg\" alt=\"\" width=\"1524\" height=\"987\" class=\"alignnone size-full wp-image-34781\" srcset=\"https:\/\/ostrowskatv.pl\/wp-content\/uploads\/2025\/05\/1000173848.jpg 1524w, https:\/\/ostrowskatv.pl\/wp-content\/uploads\/2025\/05\/1000173848-300x194.jpg 300w, https:\/\/ostrowskatv.pl\/wp-content\/uploads\/2025\/05\/1000173848-1333x863.jpg 1333w\" sizes=\"auto, (max-width: 1524px) 100vw, 1524px\" \/><\/a><\/p>\n<p><a href=\"https:\/\/ostrowskatv.pl\/?attachment_id=34782\" rel=\"attachment wp-att-34782\"><img loading=\"lazy\" decoding=\"async\" src=\"https:\/\/ostrowskatv.pl\/wp-content\/uploads\/2025\/05\/1000173836.jpg\" alt=\"\" width=\"1600\" height=\"755\" class=\"alignnone size-full wp-image-34782\" srcset=\"https:\/\/ostrowskatv.pl\/wp-content\/uploads\/2025\/05\/1000173836.jpg 1600w, https:\/\/ostrowskatv.pl\/wp-content\/uploads\/2025\/05\/1000173836-300x142.jpg 300w, https:\/\/ostrowskatv.pl\/wp-content\/uploads\/2025\/05\/1000173836-1333x629.jpg 1333w, https:\/\/ostrowskatv.pl\/wp-content\/uploads\/2025\/05\/1000173836-1536x725.jpg 1536w\" sizes=\"auto, (max-width: 1600px) 100vw, 1600px\" \/><\/a><\/p>\n<p><a href=\"https:\/\/ostrowskatv.pl\/?attachment_id=34783\" rel=\"attachment wp-att-34783\"><img loading=\"lazy\" decoding=\"async\" src=\"https:\/\/ostrowskatv.pl\/wp-content\/uploads\/2025\/05\/1000173838-1.jpg\" alt=\"\" width=\"1600\" height=\"818\" class=\"alignnone size-full wp-image-34783\" srcset=\"https:\/\/ostrowskatv.pl\/wp-content\/uploads\/2025\/05\/1000173838-1.jpg 1600w, https:\/\/ostrowskatv.pl\/wp-content\/uploads\/2025\/05\/1000173838-1-300x153.jpg 300w, https:\/\/ostrowskatv.pl\/wp-content\/uploads\/2025\/05\/1000173838-1-1333x681.jpg 1333w, https:\/\/ostrowskatv.pl\/wp-content\/uploads\/2025\/05\/1000173838-1-1536x785.jpg 1536w\" sizes=\"auto, (max-width: 1600px) 100vw, 1600px\" \/><\/a><\/p>\n","protected":false},"excerpt":{"rendered":"Przed godzin\u0105 13:00 na skrzy\u017cowaniu ulic Ko\u015bciuszki, Parkowej i Armii Krajowej w Ostrowie Wielkopolskim dosz\u0142o do\u00a0 kolizji z udzia\u0142em dw\u00f3ch samochod\u00f3w osobowych. W \n<a class=\"moretag\" href=\"https:\/\/ostrowskatv.pl\/?p=34778\"> [...]<\/a>","protected":false},"author":1,"featured_media":34783,"comment_status":"open","ping_status":"closed","sticky":false,"template":"","format":"standard","meta":{"footnotes":""},"categories":[1],"tags":[2],"class_list":["post-34778","post","type-post","status-publish","format-standard","has-post-thumbnail","hentry","category-news","tag-ostrow-wielkopolski"],"_links":{"self":[{"href":"https:\/\/ostrowskatv.pl\/index.php?rest_route=\/wp\/v2\/posts\/34778","targetHints":{"allow":["GET"]}}],"collection":[{"href":"https:\/\/ostrowskatv.pl\/index.php?rest_route=\/wp\/v2\/posts"}],"about":[{"href":"https:\/\/ostrowskatv.pl\/index.php?rest_route=\/wp\/v2\/types\/post"}],"author":[{"embeddable":true,"href":"https:\/\/ostrowskatv.pl\/index.php?rest_route=\/wp\/v2\/users\/1"}],"replies":[{"embeddable":true,"href":"https:\/\/ostrowskatv.pl\/index.php?rest_route=%2Fwp%2Fv2%2Fcomments&post=34778"}],"version-history":[{"count":1,"href":"https:\/\/ostrowskatv.pl\/index.php?rest_route=\/wp\/v2\/posts\/34778\/revisions"}],"predecessor-version":[{"id":34784,"href":"https:\/\/ostrowskatv.pl\/index.php?rest_route=\/wp\/v2\/posts\/34778\/revisions\/34784"}],"wp:featuredmedia":[{"embeddable":true,"href":"https:\/\/ostrowskatv.pl\/index.php?rest_route=\/wp\/v2\/media\/34783"}],"wp:attachment":[{"href":"https:\/\/ostrowskatv.pl\/index.php?rest_route=%2Fwp%2Fv2%2Fmedia&parent=34778"}],"wp:term":[{"taxonomy":"category","embeddable":true,"href":"https:\/\/ostrowskatv.pl\/index.php?rest_route=%2Fwp%2Fv2%2Fcategories&post=34778"},{"taxonomy":"post_tag","embeddable":true,"href":"https:\/\/ostrowskatv.pl\/index.php?rest_route=%2Fwp%2Fv2%2Ftags&post=34778"}],"curies":[{"name":"wp","href":"https:\/\/api.w.org\/{rel}","templated":true}]}}