{"id":34719,"date":"2025-05-23T13:41:05","date_gmt":"2025-05-23T12:41:05","guid":{"rendered":"https:\/\/ostrowskatv.pl\/?p=34719"},"modified":"2025-05-23T13:46:19","modified_gmt":"2025-05-23T12:46:19","slug":"pozar-na-wiosny-ludow-zdjecia","status":"publish","type":"post","link":"https:\/\/ostrowskatv.pl\/?p=34719","title":{"rendered":"Po\u017car na Wiosny Lud\u00f3w (ZDJ\u0118CIA)"},"content":{"rendered":"<p><strong>O godzinie 14.30 wezwano stra\u017c po\u017carn\u0105 do po\u017caru w jednej z kamienic przy ulicy Wiosny Lud\u00f3w w Ostrowie Wielkopolskim. Na w\u0105skiej ulicy panowa\u0142o spore zadymienie <\/strong><\/p>\n<p>Na miejscu okaza\u0142o si\u0119, \u017ce pali si\u0119 sadza w kominie.<\/p>\n<p><img loading=\"lazy\" decoding=\"async\" src=\"https:\/\/ostrowskatv.pl\/wp-content\/uploads\/2025\/05\/1000173156.jpg\" alt=\"\" width=\"1920\" height=\"1081\" class=\"alignnone size-full wp-image-34720\" srcset=\"https:\/\/ostrowskatv.pl\/wp-content\/uploads\/2025\/05\/1000173156.jpg 1920w, https:\/\/ostrowskatv.pl\/wp-content\/uploads\/2025\/05\/1000173156-300x169.jpg 300w, https:\/\/ostrowskatv.pl\/wp-content\/uploads\/2025\/05\/1000173156-1333x751.jpg 1333w, https:\/\/ostrowskatv.pl\/wp-content\/uploads\/2025\/05\/1000173156-1536x865.jpg 1536w\" sizes=\"auto, (max-width: 1920px) 100vw, 1920px\" \/><\/p>\n<p><img loading=\"lazy\" decoding=\"async\" src=\"https:\/\/ostrowskatv.pl\/wp-content\/uploads\/2025\/05\/1000173155.jpg\" alt=\"\" width=\"1920\" height=\"1081\" class=\"alignnone size-full wp-image-34721\" srcset=\"https:\/\/ostrowskatv.pl\/wp-content\/uploads\/2025\/05\/1000173155.jpg 1920w, https:\/\/ostrowskatv.pl\/wp-content\/uploads\/2025\/05\/1000173155-300x169.jpg 300w, https:\/\/ostrowskatv.pl\/wp-content\/uploads\/2025\/05\/1000173155-1333x751.jpg 1333w, https:\/\/ostrowskatv.pl\/wp-content\/uploads\/2025\/05\/1000173155-1536x865.jpg 1536w\" sizes=\"auto, (max-width: 1920px) 100vw, 1920px\" \/><\/p>\n<p><img loading=\"lazy\" decoding=\"async\" src=\"https:\/\/ostrowskatv.pl\/wp-content\/uploads\/2025\/05\/1000173154.jpg\" alt=\"\" width=\"1920\" height=\"1081\" class=\"alignnone size-full wp-image-34722\" srcset=\"https:\/\/ostrowskatv.pl\/wp-content\/uploads\/2025\/05\/1000173154.jpg 1920w, https:\/\/ostrowskatv.pl\/wp-content\/uploads\/2025\/05\/1000173154-300x169.jpg 300w, https:\/\/ostrowskatv.pl\/wp-content\/uploads\/2025\/05\/1000173154-1333x751.jpg 1333w, https:\/\/ostrowskatv.pl\/wp-content\/uploads\/2025\/05\/1000173154-1536x865.jpg 1536w\" sizes=\"auto, (max-width: 1920px) 100vw, 1920px\" \/><\/p>\n<p><img loading=\"lazy\" decoding=\"async\" src=\"https:\/\/ostrowskatv.pl\/wp-content\/uploads\/2025\/05\/1000173164.jpg\" alt=\"\" width=\"1920\" height=\"1081\" class=\"alignnone size-full wp-image-34725\" srcset=\"https:\/\/ostrowskatv.pl\/wp-content\/uploads\/2025\/05\/1000173164.jpg 1920w, https:\/\/ostrowskatv.pl\/wp-content\/uploads\/2025\/05\/1000173164-300x169.jpg 300w, https:\/\/ostrowskatv.pl\/wp-content\/uploads\/2025\/05\/1000173164-1333x751.jpg 1333w, https:\/\/ostrowskatv.pl\/wp-content\/uploads\/2025\/05\/1000173164-1536x865.jpg 1536w\" sizes=\"auto, (max-width: 1920px) 100vw, 1920px\" \/><\/p>\n","protected":false},"excerpt":{"rendered":"O godzinie 14.30 wezwano stra\u017c po\u017carn\u0105 do po\u017caru w jednej z kamienic przy ulicy Wiosny Lud\u00f3w w Ostrowie Wielkopolskim. Na w\u0105skiej ulicy panowa\u0142o \n<a class=\"moretag\" href=\"https:\/\/ostrowskatv.pl\/?p=34719\"> [...]<\/a>","protected":false},"author":1,"featured_media":34721,"comment_status":"open","ping_status":"closed","sticky":false,"template":"","format":"standard","meta":{"footnotes":""},"categories":[1],"tags":[2,326],"class_list":["post-34719","post","type-post","status-publish","format-standard","has-post-thumbnail","hentry","category-news","tag-ostrow-wielkopolski","tag-wiosny-ludow"],"_links":{"self":[{"href":"https:\/\/ostrowskatv.pl\/index.php?rest_route=\/wp\/v2\/posts\/34719","targetHints":{"allow":["GET"]}}],"collection":[{"href":"https:\/\/ostrowskatv.pl\/index.php?rest_route=\/wp\/v2\/posts"}],"about":[{"href":"https:\/\/ostrowskatv.pl\/index.php?rest_route=\/wp\/v2\/types\/post"}],"author":[{"embeddable":true,"href":"https:\/\/ostrowskatv.pl\/index.php?rest_route=\/wp\/v2\/users\/1"}],"replies":[{"embeddable":true,"href":"https:\/\/ostrowskatv.pl\/index.php?rest_route=%2Fwp%2Fv2%2Fcomments&post=34719"}],"version-history":[{"count":3,"href":"https:\/\/ostrowskatv.pl\/index.php?rest_route=\/wp\/v2\/posts\/34719\/revisions"}],"predecessor-version":[{"id":34726,"href":"https:\/\/ostrowskatv.pl\/index.php?rest_route=\/wp\/v2\/posts\/34719\/revisions\/34726"}],"wp:featuredmedia":[{"embeddable":true,"href":"https:\/\/ostrowskatv.pl\/index.php?rest_route=\/wp\/v2\/media\/34721"}],"wp:attachment":[{"href":"https:\/\/ostrowskatv.pl\/index.php?rest_route=%2Fwp%2Fv2%2Fmedia&parent=34719"}],"wp:term":[{"taxonomy":"category","embeddable":true,"href":"https:\/\/ostrowskatv.pl\/index.php?rest_route=%2Fwp%2Fv2%2Fcategories&post=34719"},{"taxonomy":"post_tag","embeddable":true,"href":"https:\/\/ostrowskatv.pl\/index.php?rest_route=%2Fwp%2Fv2%2Ftags&post=34719"}],"curies":[{"name":"wp","href":"https:\/\/api.w.org\/{rel}","templated":true}]}}