{"id":34694,"date":"2025-05-20T10:35:01","date_gmt":"2025-05-20T09:35:01","guid":{"rendered":"https:\/\/ostrowskatv.pl\/?p=34694"},"modified":"2025-05-20T10:35:29","modified_gmt":"2025-05-20T09:35:29","slug":"34694","status":"publish","type":"post","link":"https:\/\/ostrowskatv.pl\/?p=34694","title":{"rendered":"Szok! M\u0119\u017cczyzna zgwa\u0142ci\u0142 4-latk\u0119"},"content":{"rendered":"<p class=\"ds-markdown-paragraph\"><strong>W pi\u0105tek najprawdopodobniej na terenie Witaszyc dosz\u0142o do wstrz\u0105saj\u0105cego zdarzenia. Z nieoficjalnych informacji wynika, \u017ce 29-letni m\u0119\u017cczyzna, najprawdopodobniej ojczym 4-letniej dziewczynki, dopu\u015bci\u0142 si\u0119 jej zgwa\u0142cenia. Ofiara, c\u00f3rka jego partnerki, z powa\u017cnymi obra\u017ceniami \u2013 w tym prawdopodobnie rozerwanymi tkankami \u2013 zosta\u0142a przewieziona do szpitala w Ostrowie Wielkopolskim.<\/strong><\/p>\n<h3><strong>Zarzuty i aresztowanie sprawcy<\/strong><\/h3>\n<p class=\"ds-markdown-paragraph\">Prokuratura z Jarocina postawi\u0142a m\u0119\u017cczy\u017anie zarzuty na podstawie art. 197 \u00a7 1 Kodeksu karnego w zwi\u0105zku z \u00a7 4 tego samego artyku\u0142u, kt\u00f3ry dotyczy szczeg\u00f3lnie drastycznych przypadk\u00f3w przemocy seksualnej wobec ma\u0142oletnich. Za to przest\u0119pstwo grozi kara od 5 lat pozbawienia wolno\u015bci a\u017c do do\u017cywocia.<\/p>\n<p class=\"ds-markdown-paragraph\">19 maja s\u0105d zdecydowa\u0142 o tymczasowym aresztowaniu podejrzanego na okres co najmniej 3 miesi\u0119cy. To standardowa praktyka w przypadkach o tak powa\u017cnym charakterze, maj\u0105ca na celu zabezpieczenie \u015bledztwa oraz ochron\u0119 spo\u0142ecze\u0144stwa przed potencjalnym zagro\u017ceniem.<\/p>\n<h3><strong>Reakcje spo\u0142eczne i pomoc dla ofiary<\/strong><\/h3>\n<p class=\"ds-markdown-paragraph\">Stan zdrowia 4-letniej dziewczynki pozostaje nieznany, ale jej sytuacja wymaga d\u0142ugotrwa\u0142ej opieki medycznej i psychologicznej. W takich przypadkach niezb\u0119dna jest r\u00f3wnie\u017c pomoc dla matki dziecka, kt\u00f3ra znalaz\u0142a si\u0119 w wyj\u0105tkowo trudnej sytuacji \u017cyciowej.<\/p>\n<p class=\"ds-markdown-paragraph\">\u015aledztwo w tej sprawie trwa, a prokuratura zbiera dowody maj\u0105ce potwierdzi\u0107 zarzuty. Sprawa budzi szczeg\u00f3lne emocje ze wzgl\u0119du na wiek ofiary i okrucie\u0144stwo czynu. Prokuratura nie ujawnia narodowo\u015bci sprawcy.<\/p>\n","protected":false},"excerpt":{"rendered":"W pi\u0105tek najprawdopodobniej na terenie Witaszyc dosz\u0142o do wstrz\u0105saj\u0105cego zdarzenia. Z nieoficjalnych informacji wynika, \u017ce 29-letni m\u0119\u017cczyzna, najprawdopodobniej ojczym 4-letniej dziewczynki, dopu\u015bci\u0142 si\u0119 \n<a class=\"moretag\" href=\"https:\/\/ostrowskatv.pl\/?p=34694\"> [...]<\/a>","protected":false},"author":1,"featured_media":18202,"comment_status":"open","ping_status":"closed","sticky":false,"template":"","format":"standard","meta":{"footnotes":""},"categories":[1],"tags":[],"class_list":["post-34694","post","type-post","status-publish","format-standard","has-post-thumbnail","hentry","category-news"],"_links":{"self":[{"href":"https:\/\/ostrowskatv.pl\/index.php?rest_route=\/wp\/v2\/posts\/34694","targetHints":{"allow":["GET"]}}],"collection":[{"href":"https:\/\/ostrowskatv.pl\/index.php?rest_route=\/wp\/v2\/posts"}],"about":[{"href":"https:\/\/ostrowskatv.pl\/index.php?rest_route=\/wp\/v2\/types\/post"}],"author":[{"embeddable":true,"href":"https:\/\/ostrowskatv.pl\/index.php?rest_route=\/wp\/v2\/users\/1"}],"replies":[{"embeddable":true,"href":"https:\/\/ostrowskatv.pl\/index.php?rest_route=%2Fwp%2Fv2%2Fcomments&post=34694"}],"version-history":[{"count":2,"href":"https:\/\/ostrowskatv.pl\/index.php?rest_route=\/wp\/v2\/posts\/34694\/revisions"}],"predecessor-version":[{"id":34696,"href":"https:\/\/ostrowskatv.pl\/index.php?rest_route=\/wp\/v2\/posts\/34694\/revisions\/34696"}],"wp:featuredmedia":[{"embeddable":true,"href":"https:\/\/ostrowskatv.pl\/index.php?rest_route=\/wp\/v2\/media\/18202"}],"wp:attachment":[{"href":"https:\/\/ostrowskatv.pl\/index.php?rest_route=%2Fwp%2Fv2%2Fmedia&parent=34694"}],"wp:term":[{"taxonomy":"category","embeddable":true,"href":"https:\/\/ostrowskatv.pl\/index.php?rest_route=%2Fwp%2Fv2%2Fcategories&post=34694"},{"taxonomy":"post_tag","embeddable":true,"href":"https:\/\/ostrowskatv.pl\/index.php?rest_route=%2Fwp%2Fv2%2Ftags&post=34694"}],"curies":[{"name":"wp","href":"https:\/\/api.w.org\/{rel}","templated":true}]}}