{"id":3468,"date":"2017-04-03T16:08:04","date_gmt":"2017-04-03T15:08:04","guid":{"rendered":"http:\/\/ostrowska.tv\/?p=3468"},"modified":"2017-04-03T16:08:04","modified_gmt":"2017-04-03T15:08:04","slug":"seria-kradziezy-aut-w-ostrowie-wlkp","status":"publish","type":"post","link":"https:\/\/ostrowskatv.pl\/?p=3468","title":{"rendered":"Seria kradzie\u017cy aut w Ostrowie Wlkp."},"content":{"rendered":"<p><strong>W poprzedni weekend na terenie Ostrowa Wlkp. pr\u00f3bowano skra\u015b\u0107 Audi. Z\u0142odziej upatrzy\u0142 sobie zaparkowane przy ulicy Matejki, ko\u0142o bloku, samoch\u00f3d. Jednak zabezpieczenia okaza\u0142y si\u0119 nie do sforsowania dla amatora cudzej w\u0142asno\u015bci. Dlatego te\u017c najprawdopodobniej ten sam sprawca przemie\u015bci\u0142 si\u0119 na ul. Che\u0142mo\u0144skiego sk\u0105d skradziono VW Golfa V. By\u0142a to pi\u0105ta kradzie\u017c samochodu od pocz\u0105tku 2017 r.<\/strong><\/p>\n<p>Jak stwierdzi\u0142 jeden ze \u015bwiadk\u00f3w, policja szukaj\u0105c odcisk\u00f3w palc\u00f3w mia\u0142a &#8222;zapaskudzi\u0107&#8221; ca\u0142e wn\u0119trze Audi specjalnym proszkiem. Auto przez kilka dni sta\u0142o w warsztacie gdzie czeka\u0142o na ogl\u0119dziny rzeczoznawcy od firmy ubezpieczeniowej w ramach Autocasco. Po pr\u00f3bie kradzie\u017cy nic nie dzia\u0142a\u0142o. Ani stacyjka, ani elektryczny hamulec czy blokada kierownicy.<\/p>\n<p>W poprzednim roku ostrowska policja r\u00f3wnie\u017c odnotowa\u0142a 5 kradzie\u017cy aut, a to oznacza, \u017ce \u015bredni\u0105 roczn\u0105 wyczerpano w pierwszych trzech miesi\u0105cach obecnego roku.<\/p>\n","protected":false},"excerpt":{"rendered":"W poprzedni weekend na terenie Ostrowa Wlkp. pr\u00f3bowano skra\u015b\u0107 Audi. Z\u0142odziej upatrzy\u0142 sobie zaparkowane przy ulicy Matejki, ko\u0142o bloku, samoch\u00f3d. Jednak zabezpieczenia okaza\u0142y \n<a class=\"moretag\" href=\"https:\/\/ostrowskatv.pl\/?p=3468\"> [...]<\/a>","protected":false},"author":1,"featured_media":3469,"comment_status":"open","ping_status":"open","sticky":false,"template":"","format":"standard","meta":{"footnotes":""},"categories":[1],"tags":[2],"class_list":["post-3468","post","type-post","status-publish","format-standard","has-post-thumbnail","hentry","category-news","tag-ostrow-wielkopolski"],"_links":{"self":[{"href":"https:\/\/ostrowskatv.pl\/index.php?rest_route=\/wp\/v2\/posts\/3468","targetHints":{"allow":["GET"]}}],"collection":[{"href":"https:\/\/ostrowskatv.pl\/index.php?rest_route=\/wp\/v2\/posts"}],"about":[{"href":"https:\/\/ostrowskatv.pl\/index.php?rest_route=\/wp\/v2\/types\/post"}],"author":[{"embeddable":true,"href":"https:\/\/ostrowskatv.pl\/index.php?rest_route=\/wp\/v2\/users\/1"}],"replies":[{"embeddable":true,"href":"https:\/\/ostrowskatv.pl\/index.php?rest_route=%2Fwp%2Fv2%2Fcomments&post=3468"}],"version-history":[{"count":0,"href":"https:\/\/ostrowskatv.pl\/index.php?rest_route=\/wp\/v2\/posts\/3468\/revisions"}],"wp:featuredmedia":[{"embeddable":true,"href":"https:\/\/ostrowskatv.pl\/index.php?rest_route=\/wp\/v2\/media\/3469"}],"wp:attachment":[{"href":"https:\/\/ostrowskatv.pl\/index.php?rest_route=%2Fwp%2Fv2%2Fmedia&parent=3468"}],"wp:term":[{"taxonomy":"category","embeddable":true,"href":"https:\/\/ostrowskatv.pl\/index.php?rest_route=%2Fwp%2Fv2%2Fcategories&post=3468"},{"taxonomy":"post_tag","embeddable":true,"href":"https:\/\/ostrowskatv.pl\/index.php?rest_route=%2Fwp%2Fv2%2Ftags&post=3468"}],"curies":[{"name":"wp","href":"https:\/\/api.w.org\/{rel}","templated":true}]}}