{"id":34585,"date":"2025-05-11T10:59:15","date_gmt":"2025-05-11T09:59:15","guid":{"rendered":"https:\/\/ostrowskatv.pl\/?p=34585"},"modified":"2025-05-11T10:59:15","modified_gmt":"2025-05-11T09:59:15","slug":"wyjechal-na-pole-policjanci-nie-byli-zaskoczeni","status":"publish","type":"post","link":"https:\/\/ostrowskatv.pl\/?p=34585","title":{"rendered":"Wyjecha\u0142 na pole. Policjanci nie byli zaskoczeni"},"content":{"rendered":"<p><strong>W sobot\u0119 we wczesnych godzinach porannych, kiedy wi\u0119kszo\u015b\u0107 ludzi my\u015bli jeszcze o powrocie do \u0142\u00f3\u017cka, 48-letni kierowca Opla postanowi\u0142 inaczej rozpocz\u0105\u0107 dzie\u0144. Zamiast porannej kawy \u2014 los zaprowadzi\u0142 go na pole w Smardowie. Zamiast porannego joggingu \u2014 kontemplacja we wn\u0119trzu w\u0142asnego auta.<\/strong><\/p>\n<p>Wed\u0142ug \u015bwiadk\u00f3w, m\u0119\u017cczyzna zako\u0144czy\u0142 swoj\u0105 nietrze\u017aw\u0105 przeja\u017cd\u017ck\u0119 na polu. Nie by\u0142 jednak w panice. Nie pr\u00f3bowa\u0142 ucieka\u0107, nie wzywa\u0142 pomocy. Po prostu&#8230; siedzia\u0142. Najwyra\u017aniej poczu\u0142, \u017ce to doskona\u0142y moment, by zastanowi\u0107 si\u0119 nad sensem \u017cycia, w\u0142asnymi decyzjami i, by\u0107 mo\u017ce, ostatnim drinkiem.<\/p>\n<p>Zamy\u015blenie by\u0142o tak g\u0142\u0119bokie, \u017ce zanim doszed\u0142 do jakichkolwiek wniosk\u00f3w, na miejscu pojawili si\u0119 policjanci \u2014 wezwani przez zaniepokojonego \u015bwiadka. Funkcjonariusze zastali m\u0119\u017cczyzn\u0119 w stanie filozoficznej zadumy i&#8230; 1,2 promila alkoholu w wydychanym powietrzu.<\/p>\n<p>Teraz 48-latek b\u0119dzie mia\u0142 jeszcze wi\u0119cej czasu na przemy\u015blenia \u2014 tym razem ju\u017c nie na polu, a na sali s\u0105dowej. Za jazd\u0119 pod wp\u0142ywem alkoholu odpowie przed wymiarem sprawiedliwo\u015bci.<\/p>\n<p><img loading=\"lazy\" decoding=\"async\" class=\"alignnone size-full wp-image-34586\" src=\"https:\/\/ostrowskatv.pl\/wp-content\/uploads\/2025\/05\/1000169441.jpg\" alt=\"\" width=\"1199\" height=\"775\" srcset=\"https:\/\/ostrowskatv.pl\/wp-content\/uploads\/2025\/05\/1000169441.jpg 1199w, https:\/\/ostrowskatv.pl\/wp-content\/uploads\/2025\/05\/1000169441-300x194.jpg 300w\" sizes=\"auto, (max-width: 1199px) 100vw, 1199px\" \/><\/p>\n","protected":false},"excerpt":{"rendered":"W sobot\u0119 we wczesnych godzinach porannych, kiedy wi\u0119kszo\u015b\u0107 ludzi my\u015bli jeszcze o powrocie do \u0142\u00f3\u017cka, 48-letni kierowca Opla postanowi\u0142 inaczej rozpocz\u0105\u0107 dzie\u0144. Zamiast \n<a class=\"moretag\" href=\"https:\/\/ostrowskatv.pl\/?p=34585\"> [...]<\/a>","protected":false},"author":1,"featured_media":34587,"comment_status":"open","ping_status":"closed","sticky":false,"template":"","format":"standard","meta":{"footnotes":""},"categories":[1],"tags":[131],"class_list":["post-34585","post","type-post","status-publish","format-standard","has-post-thumbnail","hentry","category-news","tag-smardow"],"_links":{"self":[{"href":"https:\/\/ostrowskatv.pl\/index.php?rest_route=\/wp\/v2\/posts\/34585","targetHints":{"allow":["GET"]}}],"collection":[{"href":"https:\/\/ostrowskatv.pl\/index.php?rest_route=\/wp\/v2\/posts"}],"about":[{"href":"https:\/\/ostrowskatv.pl\/index.php?rest_route=\/wp\/v2\/types\/post"}],"author":[{"embeddable":true,"href":"https:\/\/ostrowskatv.pl\/index.php?rest_route=\/wp\/v2\/users\/1"}],"replies":[{"embeddable":true,"href":"https:\/\/ostrowskatv.pl\/index.php?rest_route=%2Fwp%2Fv2%2Fcomments&post=34585"}],"version-history":[{"count":1,"href":"https:\/\/ostrowskatv.pl\/index.php?rest_route=\/wp\/v2\/posts\/34585\/revisions"}],"predecessor-version":[{"id":34595,"href":"https:\/\/ostrowskatv.pl\/index.php?rest_route=\/wp\/v2\/posts\/34585\/revisions\/34595"}],"wp:featuredmedia":[{"embeddable":true,"href":"https:\/\/ostrowskatv.pl\/index.php?rest_route=\/wp\/v2\/media\/34587"}],"wp:attachment":[{"href":"https:\/\/ostrowskatv.pl\/index.php?rest_route=%2Fwp%2Fv2%2Fmedia&parent=34585"}],"wp:term":[{"taxonomy":"category","embeddable":true,"href":"https:\/\/ostrowskatv.pl\/index.php?rest_route=%2Fwp%2Fv2%2Fcategories&post=34585"},{"taxonomy":"post_tag","embeddable":true,"href":"https:\/\/ostrowskatv.pl\/index.php?rest_route=%2Fwp%2Fv2%2Ftags&post=34585"}],"curies":[{"name":"wp","href":"https:\/\/api.w.org\/{rel}","templated":true}]}}