{"id":34581,"date":"2025-05-10T19:39:35","date_gmt":"2025-05-10T18:39:35","guid":{"rendered":"https:\/\/ostrowskatv.pl\/?p=34581"},"modified":"2025-05-10T19:39:35","modified_gmt":"2025-05-10T18:39:35","slug":"o-krok-od-tragedii-w-ostrowie-wielkopolskim-rozpedzony-mercedes-roztrzaskal-sie-o-ogrodzenie-przepompowni-sciekow","status":"publish","type":"post","link":"https:\/\/ostrowskatv.pl\/?p=34581","title":{"rendered":"O krok od tragedii w Ostrowie Wielkopolskim! Rozp\u0119dzony Mercedes roztrzaska\u0142 si\u0119 o ogrodzenie Przepompowni \u015aciek\u00f3w"},"content":{"rendered":"<p><strong>Miniona noc z pi\u0105tku na sobot\u0119 mog\u0142a zako\u0144czy\u0107 si\u0119 dramatem, kt\u00f3ry mieszka\u0144cy Ostrowa Wielkopolskiego zapami\u0119taliby na d\u0142ugo. Chwile grozy rozegra\u0142y si\u0119 po godzinie 1:00 w rejonie ulic Torowej i Serwa\u0144skiego, gdy p\u0119dz\u0105cy z zawrotn\u0105 pr\u0119dko\u015bci\u0105 Mercedes z pi\u0119cioma osobami na pok\u0142adzie wypad\u0142 z drogi i z ogromn\u0105 si\u0142\u0105 uderzy\u0142 w betonowe ogrodzenie Przepompowni \u015aciek\u00f3w.<\/strong><\/p>\n<p>Za kierownic\u0105 siedzia\u0142 31-letni mieszkaniec powiatu ostrowskiego. Wed\u0142ug ustale\u0144 s\u0142u\u017cb, samoch\u00f3d na ostrym \u0142uku wypad\u0142 poza drog\u0119 \u2014 a to w po\u0142\u0105czeniu z nadmiern\u0105 pr\u0119dko\u015bci\u0105 i liczb\u0105 pasa\u017cer\u00f3w da\u0142o mieszank\u0119 o krok od katastrofy. Na szcz\u0119\u015bcie w miejscu zdarzenia nie by\u0142o \u017cadnego grubego drzewa, a latarni\u0119 uda\u0142o si\u0119 omin\u0105\u0107, co prawdopodobnie uratowa\u0142o \u017cycie uczestnik\u00f3w zdarzenia.<\/p>\n<p>Mieszka\u0144cy nie kryj\u0105 oburzenia<em>. \u2014 &#8222;To by\u0142o tylko kwesti\u0105 czasu. Nocne rajdy po naszych ulicach to codzienno\u015b\u0107. Od dawna zg\u0142aszamy te niebezpieczne sytuacje na mapie zagro\u017ce\u0144&#8221; \u2014 m\u00f3wi jeden z okolicznych mieszka\u0144c\u00f3w.<\/em><\/p>\n<p>Policja otrzyma\u0142a zg\u0142oszenie o 1:55. Na miejsce natychmiast ruszyli funkcjonariusze oraz zesp\u00f3\u0142 ratownictwa medycznego. Kierowca Mercedesa trafi\u0142 do szpitala, jednak jego obra\u017cenia okaza\u0142y si\u0119 niegro\u017ane. Co istotne \u2014 by\u0142 trze\u017awy. Zako\u0144czy\u0142o si\u0119 na mandacie karnym, ale wielu zadaje sobie pytanie: czy to wystarczaj\u0105ca kara za potencjalne nara\u017cenie \u017cycia?<\/p>\n<p>Zaledwie kilka tygodni wcze\u015bniej, na alei S\u0142owackiego, zgin\u0119\u0142a 14-letnia dziewczyna \u2014 ofiara brawury m\u0142odego kierowcy. Dzisiejsza noc przypomnia\u0142a, jak cienka jest granica mi\u0119dzy g\u0142upot\u0105 a tragedi\u0105.<\/p>\n<p>Czy potrzeba kolejnego \u015bmiertelnego wypadku, by co\u015b si\u0119 zmieni\u0142o?<\/p>\n","protected":false},"excerpt":{"rendered":"Miniona noc z pi\u0105tku na sobot\u0119 mog\u0142a zako\u0144czy\u0107 si\u0119 dramatem, kt\u00f3ry mieszka\u0144cy Ostrowa Wielkopolskiego zapami\u0119taliby na d\u0142ugo. Chwile grozy rozegra\u0142y si\u0119 po godzinie \n<a class=\"moretag\" href=\"https:\/\/ostrowskatv.pl\/?p=34581\"> [...]<\/a>","protected":false},"author":1,"featured_media":34583,"comment_status":"open","ping_status":"closed","sticky":false,"template":"","format":"standard","meta":{"footnotes":""},"categories":[1],"tags":[2],"class_list":["post-34581","post","type-post","status-publish","format-standard","has-post-thumbnail","hentry","category-news","tag-ostrow-wielkopolski"],"_links":{"self":[{"href":"https:\/\/ostrowskatv.pl\/index.php?rest_route=\/wp\/v2\/posts\/34581","targetHints":{"allow":["GET"]}}],"collection":[{"href":"https:\/\/ostrowskatv.pl\/index.php?rest_route=\/wp\/v2\/posts"}],"about":[{"href":"https:\/\/ostrowskatv.pl\/index.php?rest_route=\/wp\/v2\/types\/post"}],"author":[{"embeddable":true,"href":"https:\/\/ostrowskatv.pl\/index.php?rest_route=\/wp\/v2\/users\/1"}],"replies":[{"embeddable":true,"href":"https:\/\/ostrowskatv.pl\/index.php?rest_route=%2Fwp%2Fv2%2Fcomments&post=34581"}],"version-history":[{"count":2,"href":"https:\/\/ostrowskatv.pl\/index.php?rest_route=\/wp\/v2\/posts\/34581\/revisions"}],"predecessor-version":[{"id":34584,"href":"https:\/\/ostrowskatv.pl\/index.php?rest_route=\/wp\/v2\/posts\/34581\/revisions\/34584"}],"wp:featuredmedia":[{"embeddable":true,"href":"https:\/\/ostrowskatv.pl\/index.php?rest_route=\/wp\/v2\/media\/34583"}],"wp:attachment":[{"href":"https:\/\/ostrowskatv.pl\/index.php?rest_route=%2Fwp%2Fv2%2Fmedia&parent=34581"}],"wp:term":[{"taxonomy":"category","embeddable":true,"href":"https:\/\/ostrowskatv.pl\/index.php?rest_route=%2Fwp%2Fv2%2Fcategories&post=34581"},{"taxonomy":"post_tag","embeddable":true,"href":"https:\/\/ostrowskatv.pl\/index.php?rest_route=%2Fwp%2Fv2%2Ftags&post=34581"}],"curies":[{"name":"wp","href":"https:\/\/api.w.org\/{rel}","templated":true}]}}