{"id":34561,"date":"2025-05-06T15:33:59","date_gmt":"2025-05-06T14:33:59","guid":{"rendered":"https:\/\/ostrowskatv.pl\/?p=34561"},"modified":"2025-05-06T15:33:59","modified_gmt":"2025-05-06T14:33:59","slug":"skandal-w-policji-policjant-z-krotoszyna-pijany-na-motocyklu-z-dzieckiem","status":"publish","type":"post","link":"https:\/\/ostrowskatv.pl\/?p=34561","title":{"rendered":"SKANDAL W POLICJI! Policjant z Krotoszyna pijany na motocyklu z dzieckiem!"},"content":{"rendered":"<p class=\"\" data-start=\"80\" data-end=\"400\"><strong>Poranek maj\u00f3wki zamieni\u0142 si\u0119 w prawdziwy koszmar dla mundurowych z Dolnego \u015al\u0105ska. O godzinie 9:40, na ulicy Krotoszy\u0144skiej w Cieszkowie (powiat milicki), policjanci zatrzymali do rutynowej kontroli motocykl. To, co odkryli, zmrozi\u0142o im krew w \u017cy\u0142ach \u2013 za kierownic\u0105 siedzia\u0142\u2026 ich kolega po fachu!<\/strong><\/p>\n<p class=\"\" data-start=\"402\" data-end=\"689\">M\u0119\u017cczyzna, jak si\u0119 p\u00f3\u017aniej okaza\u0142o, to funkcjonariusz z jednostki w Krotoszynie. Co gorsza \u2013 nie jecha\u0142 sam. Na motocyklu przewozi\u0142 13-letnie dziecko. I cho\u0107 wszystko wygl\u0105da\u0142o na spokojn\u0105, rodzinn\u0105 przeja\u017cd\u017ck\u0119, alkomat powiedzia\u0142 jasno: <strong data-start=\"640\" data-end=\"688\">0,36 promila alkoholu w wydychanym powietrzu<\/strong>.<\/p>\n<p class=\"\" data-start=\"691\" data-end=\"1035\">Policjant, znany lokalnie jako pan Szymon, by\u0142 w\u00f3wczas poza s\u0142u\u017cb\u0105. Jednak stan, w jakim zdecydowa\u0142 si\u0119 prowadzi\u0107 pojazd, oraz fakt, \u017ce przewozi\u0142 nieletniego pasa\u017cera, wywo\u0142a\u0142 w\u015br\u00f3d jego koleg\u00f3w po fachu ogromne oburzenie. \u2013 <em data-start=\"916\" data-end=\"964\">To nie tylko z\u0142amanie prawa, to zdrada munduru<\/em> \u2013 m\u00f3wi jeden z anonimowych funkcjonariuszy z dolno\u015bl\u0105skiego garnizonu.<\/p>\n<p class=\"\" data-start=\"1037\" data-end=\"1364\">Na szali teraz stoi policyjna kariera m\u0119\u017cczyzny. Komendant Wojew\u00f3dzki rozwa\u017ca <em data-start=\"1153\" data-end=\"1189\">kroki dyscyplinarne<\/em> i decyzj\u0119 w sprawie przysz\u0142o\u015bci Szymona w formacji. \u2013 <em data-start=\"1244\" data-end=\"1324\">Nie ma miejsca w policji dla kogo\u015b, kto sam \u0142amie prawo i nara\u017ca \u017cycie dziecka<\/em> \u2013 mia\u0142 powiedzie\u0107 jeden z prze\u0142o\u017conych.<\/p>\n<p class=\"\" data-start=\"1366\" data-end=\"1589\">Sprawa odbi\u0142a si\u0119 szerokim echem w lokalnej spo\u0142eczno\u015bci, kt\u00f3ra nie kryje zaskoczenia i gniewu. \u2013 <em data-start=\"1464\" data-end=\"1552\">Jak mamy ufa\u0107 policji, je\u015bli ci, kt\u00f3rzy powinni nas chroni\u0107, sami stanowi\u0105 zagro\u017cenie?<\/em> \u2013 pyta jedna z mieszkanek Cieszkowa.<\/p>\n<p class=\"\" data-start=\"1591\" data-end=\"1911\">\u015aledztwo trwa. Prokuratura mo\u017ce postawi\u0107 zarzuty nie tylko prowadzenia pojazdu w stanie po spo\u017cyciu alkoholu, ale r\u00f3wnie\u017c stworzenia zagro\u017cenia dla \u017cycia i zdrowia dziecka. Jakie konsekwencje poniesie funkcjonariusz? Jedno jest pewne \u2013 ta maj\u00f3wka przejdzie do historii jako czarna plama na honorze dolno\u015bl\u0105skiej policji.<\/p>\n","protected":false},"excerpt":{"rendered":"Poranek maj\u00f3wki zamieni\u0142 si\u0119 w prawdziwy koszmar dla mundurowych z Dolnego \u015al\u0105ska. O godzinie 9:40, na ulicy Krotoszy\u0144skiej w Cieszkowie (powiat milicki), policjanci \n<a class=\"moretag\" href=\"https:\/\/ostrowskatv.pl\/?p=34561\"> [...]<\/a>","protected":false},"author":1,"featured_media":30516,"comment_status":"open","ping_status":"closed","sticky":false,"template":"","format":"standard","meta":{"footnotes":""},"categories":[1],"tags":[34],"class_list":["post-34561","post","type-post","status-publish","format-standard","has-post-thumbnail","hentry","category-news","tag-policja"],"_links":{"self":[{"href":"https:\/\/ostrowskatv.pl\/index.php?rest_route=\/wp\/v2\/posts\/34561","targetHints":{"allow":["GET"]}}],"collection":[{"href":"https:\/\/ostrowskatv.pl\/index.php?rest_route=\/wp\/v2\/posts"}],"about":[{"href":"https:\/\/ostrowskatv.pl\/index.php?rest_route=\/wp\/v2\/types\/post"}],"author":[{"embeddable":true,"href":"https:\/\/ostrowskatv.pl\/index.php?rest_route=\/wp\/v2\/users\/1"}],"replies":[{"embeddable":true,"href":"https:\/\/ostrowskatv.pl\/index.php?rest_route=%2Fwp%2Fv2%2Fcomments&post=34561"}],"version-history":[{"count":1,"href":"https:\/\/ostrowskatv.pl\/index.php?rest_route=\/wp\/v2\/posts\/34561\/revisions"}],"predecessor-version":[{"id":34562,"href":"https:\/\/ostrowskatv.pl\/index.php?rest_route=\/wp\/v2\/posts\/34561\/revisions\/34562"}],"wp:featuredmedia":[{"embeddable":true,"href":"https:\/\/ostrowskatv.pl\/index.php?rest_route=\/wp\/v2\/media\/30516"}],"wp:attachment":[{"href":"https:\/\/ostrowskatv.pl\/index.php?rest_route=%2Fwp%2Fv2%2Fmedia&parent=34561"}],"wp:term":[{"taxonomy":"category","embeddable":true,"href":"https:\/\/ostrowskatv.pl\/index.php?rest_route=%2Fwp%2Fv2%2Fcategories&post=34561"},{"taxonomy":"post_tag","embeddable":true,"href":"https:\/\/ostrowskatv.pl\/index.php?rest_route=%2Fwp%2Fv2%2Ftags&post=34561"}],"curies":[{"name":"wp","href":"https:\/\/api.w.org\/{rel}","templated":true}]}}