{"id":34545,"date":"2025-05-05T13:24:01","date_gmt":"2025-05-05T12:24:01","guid":{"rendered":"https:\/\/ostrowskatv.pl\/?p=34545"},"modified":"2025-05-05T13:24:01","modified_gmt":"2025-05-05T12:24:01","slug":"rowerzysta-potracony-przez-samochod-sytuacja-sporna","status":"publish","type":"post","link":"https:\/\/ostrowskatv.pl\/?p=34545","title":{"rendered":"Rowerzysta potr\u0105cony przez samoch\u00f3d. Sytuacja sporna"},"content":{"rendered":"<p><strong>W poniedzia\u0142ek oko\u0142o godziny 12:00 w Ostrowie Wielkopolskim, w rejonie skrzy\u017cowania ulic Spichrzowej i Krotoszy\u0144skiej, dosz\u0142o do zdarzenia drogowego z udzia\u0142em rowerzysty i samochodu osobowego marki Opel. Szczeg\u00f3\u0142y zdarzenia bada obecnie policja.<\/strong><\/p>\n<p>Z wst\u0119pnych ustale\u0144 wynika, \u017ce kieruj\u0105cy Oplem porusza\u0142 si\u0119 ulic\u0105 Spichrzow\u0105 w kierunku Krotoszy\u0144skiej, gdy w tym samym czasie rowerzysta postanowi\u0142 przejecha\u0107 przez przej\u015bcie dla pieszych. Niestety, zgodnie z przepisami, rowerzysta powinien w takim miejscu zej\u015b\u0107 z roweru i przeprowadzi\u0107 go po pasach. Tego jednak prawdopodobnie nie zrobi\u0142.<\/p>\n<p>Dosz\u0142o do potr\u0105cenia. Rowerzysta zosta\u0142 przetransportowany do szpitala, poniewa\u017c zg\u0142asza\u0142 dolegliwo\u015bci b\u00f3lowe nogi. Na szcz\u0119\u015bcie, wed\u0142ug dost\u0119pnych informacji, jego obra\u017cenia nie s\u0105 powa\u017cne. Zar\u00f3wno kierowca, jak i rowerzysta byli trze\u017awi w chwili zdarzenia.<\/p>\n<p>Ze wzgl\u0119du na rozbie\u017cne wersje uczestnik\u00f3w co do przebiegu wypadku oraz brak jednoznacznego wskazania winnego, sprawa zostanie skierowana do s\u0105du, kt\u00f3ry ustali odpowiedzialno\u015b\u0107 za zaistnia\u0142\u0105 sytuacj\u0119.<\/p>\n<p>Policja przypomina, \u017ce rowerzysta \u2013 podobnie jak ka\u017cdy inny uczestnik ruchu \u2013 zobowi\u0105zany jest do przestrzegania przepis\u00f3w. Przej\u015bcie dla pieszych nie jest przejazdem dla rower\u00f3w, a jazda przez nie na jedno\u015bladzie zwi\u0119ksza ryzyko wypadku.<\/p>\n<p><img loading=\"lazy\" decoding=\"async\" src=\"https:\/\/ostrowskatv.pl\/wp-content\/uploads\/2025\/05\/1000168504.jpg\" alt=\"\" width=\"1920\" height=\"1085\" class=\"alignnone size-full wp-image-34546\" srcset=\"https:\/\/ostrowskatv.pl\/wp-content\/uploads\/2025\/05\/1000168504.jpg 1920w, https:\/\/ostrowskatv.pl\/wp-content\/uploads\/2025\/05\/1000168504-300x170.jpg 300w, https:\/\/ostrowskatv.pl\/wp-content\/uploads\/2025\/05\/1000168504-1333x753.jpg 1333w, https:\/\/ostrowskatv.pl\/wp-content\/uploads\/2025\/05\/1000168504-1536x868.jpg 1536w, https:\/\/ostrowskatv.pl\/wp-content\/uploads\/2025\/05\/1000168504-388x220.jpg 388w\" sizes=\"auto, (max-width: 1920px) 100vw, 1920px\" \/><\/p>\n<p><img loading=\"lazy\" decoding=\"async\" src=\"https:\/\/ostrowskatv.pl\/wp-content\/uploads\/2025\/05\/1000168503.jpg\" alt=\"\" width=\"1345\" height=\"1671\" class=\"alignnone size-full wp-image-34547\" srcset=\"https:\/\/ostrowskatv.pl\/wp-content\/uploads\/2025\/05\/1000168503.jpg 1345w, https:\/\/ostrowskatv.pl\/wp-content\/uploads\/2025\/05\/1000168503-241x300.jpg 241w, https:\/\/ostrowskatv.pl\/wp-content\/uploads\/2025\/05\/1000168503-1073x1333.jpg 1073w, https:\/\/ostrowskatv.pl\/wp-content\/uploads\/2025\/05\/1000168503-1236x1536.jpg 1236w\" sizes=\"auto, (max-width: 1345px) 100vw, 1345px\" \/><\/p>\n<p><img loading=\"lazy\" decoding=\"async\" src=\"https:\/\/ostrowskatv.pl\/wp-content\/uploads\/2025\/05\/1000168500.jpg\" alt=\"\" width=\"1920\" height=\"1033\" class=\"alignnone size-full wp-image-34548\" srcset=\"https:\/\/ostrowskatv.pl\/wp-content\/uploads\/2025\/05\/1000168500.jpg 1920w, https:\/\/ostrowskatv.pl\/wp-content\/uploads\/2025\/05\/1000168500-300x161.jpg 300w, https:\/\/ostrowskatv.pl\/wp-content\/uploads\/2025\/05\/1000168500-1333x717.jpg 1333w, https:\/\/ostrowskatv.pl\/wp-content\/uploads\/2025\/05\/1000168500-1536x826.jpg 1536w\" sizes=\"auto, (max-width: 1920px) 100vw, 1920px\" \/><\/p>\n","protected":false},"excerpt":{"rendered":"W poniedzia\u0142ek oko\u0142o godziny 12:00 w Ostrowie Wielkopolskim, w rejonie skrzy\u017cowania ulic Spichrzowej i Krotoszy\u0144skiej, dosz\u0142o do zdarzenia drogowego z udzia\u0142em rowerzysty i \n<a class=\"moretag\" href=\"https:\/\/ostrowskatv.pl\/?p=34545\"> [...]<\/a>","protected":false},"author":1,"featured_media":34546,"comment_status":"open","ping_status":"closed","sticky":false,"template":"","format":"standard","meta":{"footnotes":""},"categories":[1],"tags":[2],"class_list":["post-34545","post","type-post","status-publish","format-standard","has-post-thumbnail","hentry","category-news","tag-ostrow-wielkopolski"],"_links":{"self":[{"href":"https:\/\/ostrowskatv.pl\/index.php?rest_route=\/wp\/v2\/posts\/34545","targetHints":{"allow":["GET"]}}],"collection":[{"href":"https:\/\/ostrowskatv.pl\/index.php?rest_route=\/wp\/v2\/posts"}],"about":[{"href":"https:\/\/ostrowskatv.pl\/index.php?rest_route=\/wp\/v2\/types\/post"}],"author":[{"embeddable":true,"href":"https:\/\/ostrowskatv.pl\/index.php?rest_route=\/wp\/v2\/users\/1"}],"replies":[{"embeddable":true,"href":"https:\/\/ostrowskatv.pl\/index.php?rest_route=%2Fwp%2Fv2%2Fcomments&post=34545"}],"version-history":[{"count":2,"href":"https:\/\/ostrowskatv.pl\/index.php?rest_route=\/wp\/v2\/posts\/34545\/revisions"}],"predecessor-version":[{"id":34550,"href":"https:\/\/ostrowskatv.pl\/index.php?rest_route=\/wp\/v2\/posts\/34545\/revisions\/34550"}],"wp:featuredmedia":[{"embeddable":true,"href":"https:\/\/ostrowskatv.pl\/index.php?rest_route=\/wp\/v2\/media\/34546"}],"wp:attachment":[{"href":"https:\/\/ostrowskatv.pl\/index.php?rest_route=%2Fwp%2Fv2%2Fmedia&parent=34545"}],"wp:term":[{"taxonomy":"category","embeddable":true,"href":"https:\/\/ostrowskatv.pl\/index.php?rest_route=%2Fwp%2Fv2%2Fcategories&post=34545"},{"taxonomy":"post_tag","embeddable":true,"href":"https:\/\/ostrowskatv.pl\/index.php?rest_route=%2Fwp%2Fv2%2Ftags&post=34545"}],"curies":[{"name":"wp","href":"https:\/\/api.w.org\/{rel}","templated":true}]}}