{"id":34534,"date":"2025-05-04T18:50:53","date_gmt":"2025-05-04T17:50:53","guid":{"rendered":"https:\/\/ostrowskatv.pl\/?p=34534"},"modified":"2025-05-04T18:50:53","modified_gmt":"2025-05-04T17:50:53","slug":"nastolatek-wjechal-z-impetem-w-tyl-auta-mial-podrasowany-rower","status":"publish","type":"post","link":"https:\/\/ostrowskatv.pl\/?p=34534","title":{"rendered":"Nastolatek wjecha\u0142 z impetem w ty\u0142 auta. Mia\u0142 podrasowany rower"},"content":{"rendered":"<p><strong>Dzisiejsze zdarzenie z udzia\u0142em 14-letniego rowerzysty na ulicy Raszkowskiej w pobli\u017cu skrzy\u017cowania z ulic\u0105 Dworcow\u0105 w Ostrowie Wielkopolskim sk\u0142ania do powa\u017cnej refleksji: czy rodzice wystarczaj\u0105co dbaj\u0105 o bezpiecze\u0144stwo swoich dzieci, czy mo\u017ce zwyczajnie brakuje im wyobra\u017ani?<\/strong><\/p>\n<p>Do zdarzenia dosz\u0142o przed godzin\u0105 18:00, gdy ruch na drodze zosta\u0142 spowolniony przez samochody skr\u0119caj\u0105ce do pobliskiego lokalu gastronomicznego. W\u015br\u00f3d nich by\u0142 r\u00f3wnie\u017c Peugeot, kt\u00f3rym podr\u00f3\u017cowa\u0142a para doros\u0142ych z dzieckiem. Nagle, w ty\u0142 pojazdu uderzy\u0142 jad\u0105cy za nim nastoletni rowerzysta. Nie zdo\u0142a\u0142 wyhamowa\u0107 i z impetem uderzy\u0142 w karoseri\u0119 samochodu, powoduj\u0105c skrzywienie ko\u0142a w rowerze oraz uszkodzenie elektronicznego licznika i wgniecenie klapy baga\u017cnika auta.<\/p>\n<p>Z relacji kierowcy wynika, \u017ce ch\u0142opiec chwil\u0119 wcze\u015bniej porusza\u0142 si\u0119 z pr\u0119dko\u015bci\u0105 nie mniejsz\u0105 ni\u017c 50 km\/h \u2013 to wi\u0119cej ni\u017c wielu doros\u0142ych u\u017cytkownik\u00f3w tradycyjnych rower\u00f3w. Dzi\u0119ki elektrycznemu nap\u0119dowi, kt\u00f3rego koszt \u2013 jak ustalono \u2013 wynosi oko\u0142o 7 tysi\u0119cy z\u0142otych plus bateria, nastolatek mia\u0142 mo\u017cliwo\u015b\u0107 rozwini\u0119cia bardzo du\u017cej pr\u0119dko\u015bci, kt\u00f3rej nie by\u0142 w stanie opanowa\u0107 w kryzysowej sytuacji.<\/p>\n<p>Cho\u0107 ch\u0142opiec mia\u0142 na sobie kask, lekarze i policjanci przypominaj\u0105, \u017ce przy tak znacznych pr\u0119dko\u015bciach standardowe zabezpieczenie to za ma\u0142o. Warto by\u0142oby rozwa\u017cy\u0107 u\u017cywanie pe\u0142nego kasku, podobnego do tych stosowanych przez motocyklist\u00f3w. Na miejscu zjawi\u0142a si\u0119 karetka pogotowia, jednak na szcz\u0119\u015bcie nie stwierdzono obra\u017ce\u0144 cia\u0142a. Tym razem sko\u0144czy\u0142o si\u0119 na strachu i stratach materialnych.<\/p>\n<p>Niestety, takie przypadki nie s\u0105 odosobnione. Coraz cz\u0119\u015bciej s\u0142yszymy o wypadkach z udzia\u0142em m\u0142odych u\u017cytkownik\u00f3w elektrycznych hulajn\u00f3g i rower\u00f3w, kt\u00f3re ko\u0144cz\u0105 si\u0119 powa\u017cnymi urazami, zw\u0142aszcza g\u0142owy. W wielu sytuacjach m\u0142odzie\u017c nie zdaje sobie sprawy z zagro\u017ce\u0144, jakie niesie jazda z du\u017c\u0105 pr\u0119dko\u015bci\u0105 na urz\u0105dzeniu, kt\u00f3re nie zapewnia \u017cadnej ochrony w razie zderzenia.<\/p>\n<p>Odpowiedzialno\u015b\u0107 spoczywa przede wszystkim na rodzicach. To oni powinni zadba\u0107 o odpowiedni sprz\u0119t, nadzorowa\u0107 spos\u00f3b u\u017cytkowania i uczy\u0107 dzieci zasad bezpiecznego poruszania si\u0119 po drogach. Czy warto ryzykowa\u0107 m\u0142ode \u017cycie tylko dlatego, \u017ce dziecko chce jecha\u0107 szybciej ni\u017c wszyscy? Zdecydowanie nie.<\/p>\n<p>Bezpiecze\u0144stwo dzieci to nie tylko obowi\u0105zek, ale i wyraz troski, kt\u00f3rej nie wolno zaniedbywa\u0107 \u2013 zw\u0142aszcza w \u015bwiecie, gdzie nowoczesna technologia cz\u0119sto wyprzedza zdrowy rozs\u0105dek.<\/p>\n<p>Na szcz\u0119\u015bcie wida\u0107 \u015bwiate\u0142ko w tunelu. Chwil\u0119 po tym zdarzeniu przeje\u017cd\u017ca\u0142o troje m\u0142odych ludzi na hulajnogach elektrycznych. Wszyscy posiadali pe\u0142ne kaski, co zwi\u0119kszy szanse na ich prze\u017cycie w razie wypadku. To pozytywny sygna\u0142, \u017ce \u015bwiadomo\u015b\u0107 zagro\u017ce\u0144 ro\u015bnie \u2013 by\u0107 mo\u017ce dzi\u0119ki takim przyk\u0142adom uda si\u0119 unikn\u0105\u0107 kolejnych tragedii.<\/p>\n<p><img loading=\"lazy\" decoding=\"async\" src=\"https:\/\/ostrowskatv.pl\/wp-content\/uploads\/2025\/05\/1000168411.jpg\" alt=\"\" width=\"1920\" height=\"1080\" class=\"alignnone size-full wp-image-34535\" srcset=\"https:\/\/ostrowskatv.pl\/wp-content\/uploads\/2025\/05\/1000168411.jpg 1920w, https:\/\/ostrowskatv.pl\/wp-content\/uploads\/2025\/05\/1000168411-300x169.jpg 300w, https:\/\/ostrowskatv.pl\/wp-content\/uploads\/2025\/05\/1000168411-1333x750.jpg 1333w, https:\/\/ostrowskatv.pl\/wp-content\/uploads\/2025\/05\/1000168411-1536x864.jpg 1536w\" sizes=\"auto, (max-width: 1920px) 100vw, 1920px\" \/><\/p>\n<p><img loading=\"lazy\" decoding=\"async\" src=\"https:\/\/ostrowskatv.pl\/wp-content\/uploads\/2025\/05\/1000168408-scaled.jpg\" alt=\"\" width=\"1363\" height=\"2560\" class=\"alignnone size-full wp-image-34536\" srcset=\"https:\/\/ostrowskatv.pl\/wp-content\/uploads\/2025\/05\/1000168408-scaled.jpg 1363w, https:\/\/ostrowskatv.pl\/wp-content\/uploads\/2025\/05\/1000168408-160x300.jpg 160w, https:\/\/ostrowskatv.pl\/wp-content\/uploads\/2025\/05\/1000168408-710x1333.jpg 710w, https:\/\/ostrowskatv.pl\/wp-content\/uploads\/2025\/05\/1000168408-818x1536.jpg 818w, https:\/\/ostrowskatv.pl\/wp-content\/uploads\/2025\/05\/1000168408-1091x2048.jpg 1091w\" sizes=\"auto, (max-width: 1363px) 100vw, 1363px\" \/><\/p>\n<p><img loading=\"lazy\" decoding=\"async\" src=\"https:\/\/ostrowskatv.pl\/wp-content\/uploads\/2025\/05\/1000168409.jpg\" alt=\"\" width=\"1265\" height=\"1920\" class=\"alignnone size-full wp-image-34537\" srcset=\"https:\/\/ostrowskatv.pl\/wp-content\/uploads\/2025\/05\/1000168409.jpg 1265w, https:\/\/ostrowskatv.pl\/wp-content\/uploads\/2025\/05\/1000168409-198x300.jpg 198w, https:\/\/ostrowskatv.pl\/wp-content\/uploads\/2025\/05\/1000168409-878x1333.jpg 878w, https:\/\/ostrowskatv.pl\/wp-content\/uploads\/2025\/05\/1000168409-1012x1536.jpg 1012w\" sizes=\"auto, (max-width: 1265px) 100vw, 1265px\" \/><\/p>\n<p><img loading=\"lazy\" decoding=\"async\" src=\"https:\/\/ostrowskatv.pl\/wp-content\/uploads\/2025\/05\/1000168406.jpg\" alt=\"\" width=\"1920\" height=\"1081\" class=\"alignnone size-full wp-image-34538\" srcset=\"https:\/\/ostrowskatv.pl\/wp-content\/uploads\/2025\/05\/1000168406.jpg 1920w, https:\/\/ostrowskatv.pl\/wp-content\/uploads\/2025\/05\/1000168406-300x169.jpg 300w, https:\/\/ostrowskatv.pl\/wp-content\/uploads\/2025\/05\/1000168406-1333x751.jpg 1333w, https:\/\/ostrowskatv.pl\/wp-content\/uploads\/2025\/05\/1000168406-1536x865.jpg 1536w\" sizes=\"auto, (max-width: 1920px) 100vw, 1920px\" \/><\/p>\n<p><img loading=\"lazy\" decoding=\"async\" src=\"https:\/\/ostrowskatv.pl\/wp-content\/uploads\/2025\/05\/1000168410.jpg\" alt=\"\" width=\"1081\" height=\"1920\" class=\"alignnone size-full wp-image-34539\" srcset=\"https:\/\/ostrowskatv.pl\/wp-content\/uploads\/2025\/05\/1000168410.jpg 1081w, https:\/\/ostrowskatv.pl\/wp-content\/uploads\/2025\/05\/1000168410-169x300.jpg 169w, https:\/\/ostrowskatv.pl\/wp-content\/uploads\/2025\/05\/1000168410-751x1333.jpg 751w, https:\/\/ostrowskatv.pl\/wp-content\/uploads\/2025\/05\/1000168410-865x1536.jpg 865w\" sizes=\"auto, (max-width: 1081px) 100vw, 1081px\" \/><\/p>\n<p><img loading=\"lazy\" decoding=\"async\" src=\"https:\/\/ostrowskatv.pl\/wp-content\/uploads\/2025\/05\/1000168405.jpg\" alt=\"\" width=\"1920\" height=\"1433\" class=\"alignnone size-full wp-image-34540\" srcset=\"https:\/\/ostrowskatv.pl\/wp-content\/uploads\/2025\/05\/1000168405.jpg 1920w, https:\/\/ostrowskatv.pl\/wp-content\/uploads\/2025\/05\/1000168405-300x224.jpg 300w, https:\/\/ostrowskatv.pl\/wp-content\/uploads\/2025\/05\/1000168405-1333x995.jpg 1333w, https:\/\/ostrowskatv.pl\/wp-content\/uploads\/2025\/05\/1000168405-1536x1146.jpg 1536w\" sizes=\"auto, (max-width: 1920px) 100vw, 1920px\" \/><\/p>\n<p><img loading=\"lazy\" decoding=\"async\" src=\"https:\/\/ostrowskatv.pl\/wp-content\/uploads\/2025\/05\/1000168420.jpg\" alt=\"\" width=\"1920\" height=\"1066\" class=\"alignnone size-full wp-image-34541\" srcset=\"https:\/\/ostrowskatv.pl\/wp-content\/uploads\/2025\/05\/1000168420.jpg 1920w, https:\/\/ostrowskatv.pl\/wp-content\/uploads\/2025\/05\/1000168420-300x167.jpg 300w, https:\/\/ostrowskatv.pl\/wp-content\/uploads\/2025\/05\/1000168420-1333x740.jpg 1333w, https:\/\/ostrowskatv.pl\/wp-content\/uploads\/2025\/05\/1000168420-1536x853.jpg 1536w\" sizes=\"auto, (max-width: 1920px) 100vw, 1920px\" \/><\/p>\n","protected":false},"excerpt":{"rendered":"Dzisiejsze zdarzenie z udzia\u0142em 14-letniego rowerzysty na ulicy Raszkowskiej w pobli\u017cu skrzy\u017cowania z ulic\u0105 Dworcow\u0105 w Ostrowie Wielkopolskim sk\u0142ania do powa\u017cnej refleksji: czy \n<a class=\"moretag\" href=\"https:\/\/ostrowskatv.pl\/?p=34534\"> [...]<\/a>","protected":false},"author":1,"featured_media":34540,"comment_status":"open","ping_status":"closed","sticky":false,"template":"","format":"standard","meta":{"footnotes":""},"categories":[1],"tags":[2],"class_list":["post-34534","post","type-post","status-publish","format-standard","has-post-thumbnail","hentry","category-news","tag-ostrow-wielkopolski"],"_links":{"self":[{"href":"https:\/\/ostrowskatv.pl\/index.php?rest_route=\/wp\/v2\/posts\/34534","targetHints":{"allow":["GET"]}}],"collection":[{"href":"https:\/\/ostrowskatv.pl\/index.php?rest_route=\/wp\/v2\/posts"}],"about":[{"href":"https:\/\/ostrowskatv.pl\/index.php?rest_route=\/wp\/v2\/types\/post"}],"author":[{"embeddable":true,"href":"https:\/\/ostrowskatv.pl\/index.php?rest_route=\/wp\/v2\/users\/1"}],"replies":[{"embeddable":true,"href":"https:\/\/ostrowskatv.pl\/index.php?rest_route=%2Fwp%2Fv2%2Fcomments&post=34534"}],"version-history":[{"count":3,"href":"https:\/\/ostrowskatv.pl\/index.php?rest_route=\/wp\/v2\/posts\/34534\/revisions"}],"predecessor-version":[{"id":34544,"href":"https:\/\/ostrowskatv.pl\/index.php?rest_route=\/wp\/v2\/posts\/34534\/revisions\/34544"}],"wp:featuredmedia":[{"embeddable":true,"href":"https:\/\/ostrowskatv.pl\/index.php?rest_route=\/wp\/v2\/media\/34540"}],"wp:attachment":[{"href":"https:\/\/ostrowskatv.pl\/index.php?rest_route=%2Fwp%2Fv2%2Fmedia&parent=34534"}],"wp:term":[{"taxonomy":"category","embeddable":true,"href":"https:\/\/ostrowskatv.pl\/index.php?rest_route=%2Fwp%2Fv2%2Fcategories&post=34534"},{"taxonomy":"post_tag","embeddable":true,"href":"https:\/\/ostrowskatv.pl\/index.php?rest_route=%2Fwp%2Fv2%2Ftags&post=34534"}],"curies":[{"name":"wp","href":"https:\/\/api.w.org\/{rel}","templated":true}]}}